{"id":18755,"date":"2016-10-17T10:49:52","date_gmt":"2016-10-17T12:49:52","guid":{"rendered":"http:\/\/catolicanet.net\/wp-cnet\/2016\/10\/17\/papa-canoniza-sete-novos-santos-entre-os-quais-qel-cura-brocheroq\/"},"modified":"2017-06-02T11:45:39","modified_gmt":"2017-06-02T14:45:39","slug":"papa-canoniza-sete-novos-santos-entre-os-quais-qel-cura-brocheroq","status":"publish","type":"post","link":"https:\/\/catolicanet.net\/wp-cnet\/papa-canoniza-sete-novos-santos-entre-os-quais-qel-cura-brocheroq\/","title":{"rendered":"Papa canoniza sete novos Santos, entre os quais &#8220;El cura Brochero&#8221;"},"content":{"rendered":"<p style=\"text-align: justify;\"><img decoding=\"async\" src=\"http:\/\/www.catolicanet.com.br\/images\/stories\/noticias\/reuters1769559_articolo.jpg\" border=\"0\" align=\"left\" \/>Cidade do Vaticano (RV) \u2013 O Papa Francisco presidiu na manh\u00e3 deste domingo (16\/10), na Pra\u00e7a S\u00e3o Pedro, \u00e0 Santa Missa de Canoniza\u00e7\u00e3o de sete novos santos da Igreja cat\u00f3lica.<\/p>\n<p>S\u00e3o eles: Salom\u00e3o Leclercq (1745-1792), Jos\u00e9 Sanchez do R\u00edo (1913-1928), Manuel Gonz\u00e1lez Garcia (1877-1940), Ludovico Pavoni (1784-1849), Afonso Maria Fusco (1839-1910), Isabel da Sant\u00edssima Trindade (1880-1906) e Jos\u00e9 Gabriel do Ros\u00e1rio Brochero (1840-1914).<\/p>\n<p>\u2022\u00a0 Salom\u00e3o Leclercq, m\u00e1rtir, natural da Fran\u00e7a, da Congrega\u00e7\u00e3o dos Irm\u00e3os das Escolas Crist\u00e3s ou Lassalistas, durante os anos violentos da Revolu\u00e7\u00e3o Francesa, foi preso e assassinado barbaramente, em 1792, no jardim do Convento dos Carmelitas, teatro de um dos mais terr\u00edveis massacres.<\/p>\n<p>\u2022\u00a0 Jos\u00e9 Sanchez do R\u00edo, leigo e m\u00e1rtir, nascido no estado de Michoacan, M\u00e9xico. Com a explos\u00e3o da guerra chamada \u201ccristera\u201d, durante a persegui\u00e7\u00e3o religiosa, com apenas 14 anos, foi preso e torturado para que regasse \u00e0 sua f\u00e9. Foi assassinado, em 1928, no cemit\u00e9rio da sua terra natal. Suas \u00faltimas palavras foram: \u201cViva Cristo Rei! Viva Nossa Senhora de Guadalupe!\u201d<\/p>\n<p>\u2022 Manuel Gonz\u00e1lez Garcia, nasceu em Sevilha, Espanha. Ao se tornar sacerdote fundou a \u201cObra das Tr\u00eas Marias e dos Disc\u00edpulos de S\u00e3o Jo\u00e3o. Sendo ordenado Bispo auxiliar de M\u00e1laga, fundou a Uni\u00e3o Eucar\u00edstica Reparadora e da Congrega\u00e7\u00e3o das Irm\u00e3s Mission\u00e1rias Eucar\u00edsticas de Nazar\u00e9. Durante a guerra civil espanhola, revolucion\u00e1rios queimaram quase todas as igrejas e a sede episcopal. Dom Manuel, escritor de obras de espiritualidade eucar\u00edstica e catequ\u00e9tica, faleceu em Madri em 1940.<\/p>\n<p>\u2022 Ludovico Pavoni nasceu em Brescia, norte da It\u00e1lia, sacerdote, dedicou-se aos pobres e abandonados, para os quais fundou o Instituto de S\u00e3o Barnab\u00e9, do qual nasceu a Congrega\u00e7\u00e3o dos Filhos de Maria Imaculada. Deu um not\u00e1vel impulso \u00e0s atividades editoriais e tipogr\u00e1ficas. Durante o conflito dos \u201cDez Dias\u201d em Brescia, Padre Ludovico tentou salvar seus jovens dos saques e das viol\u00eancias, foi acometido por uma broncopneumonia, vindo a falecer em 1949.<\/p>\n<p>\u2022 Afonso Maria Fusco, sacerdote, nasceu na prov\u00edncia italiana de Salerno, dedicou-se com grande zelo ao sacramento da Reconcilia\u00e7\u00e3o e \u00e0 prega\u00e7\u00e3o ass\u00eddua da Palavra de Deus. Para ir ao encontro da instru\u00e7\u00e3o dos menores pobres, abriu uma escola em sua casa, que, posteriormente, se concretizou com a funda\u00e7\u00e3o da Congrega\u00e7\u00e3o das Irm\u00e3s de S\u00e3o Jo\u00e3o Batista. A nova Institui\u00e7\u00e3o dedicou-se \u00e0 educa\u00e7\u00e3o das crian\u00e7as \u00f3rf\u00e3s e necessitadas. Padre Fusco faleceu em 1910, em Agri, sua cidade natal.<\/p>\n<p>\u2022 Isabel da Sant\u00edssima Trindade, monja professa francesa, da Ordem das Carmelitas Descal\u00e7as, nasceu no campo militar franc\u00eas de Avor, em Bourges. Aos 18 anos, fez o voto de virgindade, que a levou a se dedicar \u00e0 vida monacal do Carmelo de Dijon. A \u201cgrande m\u00edstica\u201d carmelita, contempor\u00e2nea de Santa Teresinha do Menino Jesus, morreu em 1906, aos 26 anos, ap\u00f3s um longo sofrimento, que suportou com f\u00e9 e amor, devido \u00e0 doen\u00e7a de Addison.<\/p>\n<p>\u2022\u00a0 Jos\u00e9 Gabriel do Ros\u00e1rio Brochero, sacerdote diocesano, nasceu em Cordova, Argentina, em 1840. conhecido como \u201cEl cura Brochero\u201d, assim chamado, carinhosamente, pelos antigos moradores das \u00e1reas rurais da Argentina, Uruguai e do Sul do Brasil. O Padre ga\u00facho percorreu a Argentina, em cima de uma mula, para levar a educa\u00e7\u00e3o e a mensagem do Evangelho de Jesus aos povos das regi\u00f5es mais remotas e pobres do pa\u00eds. Divulgou a pr\u00e1tica dos Exerc\u00edcios Espirituais de Santo In\u00e1cio de Loyola, conseguindo muitas convers\u00f5es. Apesar de ser acometido pela hansen\u00edase, continuou a levar adiante a sua miss\u00e3o pastoral. O \u201cEl cura Brochero\u201d faleceu em 1914 e foi beatificado pelo Papa Francisco em 2013.<\/p>\n<p>Durante seus 3 anos e meio de Pontificado, Francisco proclamou 29 santos, em oito cerim\u00f4nias no Vaticano, duas fora da It\u00e1lia (EUA e Sri Lanka) e sete canoniza\u00e7\u00f5es por equipol\u00eancia ou seja, sem necessidade de outro milagre. Entre os santos proclamados por Francisco recordamos, entre outros, os Papas Jo\u00e3o XXIII e Jo\u00e3o Paulo II, Madre Teresa de Calcut\u00e1 e o Padre Jos\u00e9 de Anchieta.<\/p>\n<p>Recordamos que o Brasil tem 3 Santos: Madre Paulina; Frei Galv\u00e3o e Jos\u00e9 de Anchieta, e 81 Beatos.<\/p>\n<p style=\"text-align: justify;\">\u00a0<\/p>\n<p style=\"text-align: justify;\">Fonte: R\u00e1dio Vaticano<\/p>\n","protected":false},"excerpt":{"rendered":"<p>Cidade do Vaticano (RV) \u2013 O Papa Francisco presidiu na manh\u00e3 deste domingo (16\/10), na Pra\u00e7a S\u00e3o Pedro, \u00e0 Santa Missa de Canoniza\u00e7\u00e3o de sete novos santos da Igreja cat\u00f3lica. S\u00e3o eles: Salom\u00e3o Leclercq (1745-1792), Jos\u00e9 Sanchez do R\u00edo (1913-1928), Manuel Gonz\u00e1lez Garcia (1877-1940), Ludovico Pavoni (1784-1849), Afonso Maria Fusco (1839-1910), Isabel da Sant\u00edssima Trindade [&hellip;]<\/p>\n","protected":false},"author":1,"featured_media":18754,"comment_status":"open","ping_status":"open","sticky":false,"template":"","format":"standard","meta":{"footnotes":""},"categories":[3],"tags":[],"class_list":["post-18755","post","type-post","status-publish","format-standard","has-post-thumbnail","hentry","category-vaticano"],"_links":{"self":[{"href":"https:\/\/catolicanet.net\/wp-cnet\/wp-json\/wp\/v2\/posts\/18755","targetHints":{"allow":["GET"]}}],"collection":[{"href":"https:\/\/catolicanet.net\/wp-cnet\/wp-json\/wp\/v2\/posts"}],"about":[{"href":"https:\/\/catolicanet.net\/wp-cnet\/wp-json\/wp\/v2\/types\/post"}],"author":[{"embeddable":true,"href":"https:\/\/catolicanet.net\/wp-cnet\/wp-json\/wp\/v2\/users\/1"}],"replies":[{"embeddable":true,"href":"https:\/\/catolicanet.net\/wp-cnet\/wp-json\/wp\/v2\/comments?post=18755"}],"version-history":[{"count":1,"href":"https:\/\/catolicanet.net\/wp-cnet\/wp-json\/wp\/v2\/posts\/18755\/revisions"}],"predecessor-version":[{"id":27410,"href":"https:\/\/catolicanet.net\/wp-cnet\/wp-json\/wp\/v2\/posts\/18755\/revisions\/27410"}],"wp:featuredmedia":[{"embeddable":true,"href":"https:\/\/catolicanet.net\/wp-cnet\/wp-json\/wp\/v2\/media\/18754"}],"wp:attachment":[{"href":"https:\/\/catolicanet.net\/wp-cnet\/wp-json\/wp\/v2\/media?parent=18755"}],"wp:term":[{"taxonomy":"category","embeddable":true,"href":"https:\/\/catolicanet.net\/wp-cnet\/wp-json\/wp\/v2\/categories?post=18755"},{"taxonomy":"post_tag","embeddable":true,"href":"https:\/\/catolicanet.net\/wp-cnet\/wp-json\/wp\/v2\/tags?post=18755"}],"curies":[{"name":"wp","href":"https:\/\/api.w.org\/{rel}","templated":true}]}}