{"id":18750,"date":"2016-10-14T17:54:49","date_gmt":"2016-10-14T20:54:49","guid":{"rendered":"http:\/\/catolicanet.net\/wp-cnet\/2016\/10\/14\/papa-para-acabar-com-a-fome-combater-alteracoes-climaticas\/"},"modified":"2017-06-02T13:47:24","modified_gmt":"2017-06-02T16:47:24","slug":"papa-para-acabar-com-a-fome-combater-alteracoes-climaticas","status":"publish","type":"post","link":"https:\/\/catolicanet.net\/wp-cnet\/papa-para-acabar-com-a-fome-combater-alteracoes-climaticas\/","title":{"rendered":"Papa: para acabar com a fome, combater altera\u00e7\u00f5es clim\u00e1ticas"},"content":{"rendered":"<p style=\"text-align: justify;\"><img decoding=\"async\" src=\"http:\/\/www.catolicanet.com.br\/images\/stories\/noticias\/reuters1763932_articolo.jpg\" border=\"0\" align=\"left\" \/><\/p>\n<p style=\"text-align: justify;\"><a href=\"http:\/\/media02.radiovaticana.va\/audio\/audio2\/mp3\/00552907.mp3\">Clique aqui para ouvir.<\/a><\/p>\n<p style=\"text-align: justify;\">\u00a0<\/p>\n<p style=\"text-align: justify;\">O Papa reprovou o atual modelo mundial de produ\u00e7\u00e3o de alimentos que, segundo o Pont\u00edfice, \u201ccom toda a sua ci\u00eancia, consente que cerca de 800 milh\u00f5es de pessoas passem fome\u201d.<\/p>\n<p>Numa mensagem enviada nesta sexta-feira (14\/10) \u00e0 Organiza\u00e7\u00e3o das Na\u00e7\u00f5es Unidas para a Agricultura e Alimenta\u00e7\u00e3o (FAO) por ocasi\u00e3o do Dia Mundial da Alimenta\u00e7\u00e3o, Francisco abordou inicialmente a quest\u00e3o das mudan\u00e7as clim\u00e1ticas, pedindo que as decis\u00f5es do Acordo de Paris \u201cn\u00e3o fiquem somente nas palavras, mas se tornem em valentes decis\u00f5es concretas\u201d.<\/p>\n<p>\u201cNo setor de atua\u00e7\u00e3o da FAO, est\u00e1 a crescer o n\u00famero daqueles que pensam que s\u00e3o onipotentes e podem ignorar o ciclo das esta\u00e7\u00f5es ou modificar indevidamente as diferentes esp\u00e9cies de animais e plantas, provocando a perda desta variedade que, se existe na natureza, significa que tem \u2013 e deve ter \u2013 uma fun\u00e7\u00e3o\u201d, observou o Papa.<\/p>\n<p>Sabedoria ancestral<\/p>\n<p>No contexto das manipula\u00e7\u00f5es gen\u00e9ticas, o Papa observou ainda que \u201cobter uma qualidade que d\u00e1 excelentes resultados em laborat\u00f3rio pode ser vantajoso para alguns, mas pode ter efeitos desastrosos para outros\u201d.<\/p>\n<p>Neste ponto, Francisco convida a dar a devida aten\u00e7\u00e3o \u00e0 sabedoria dos produtores rurais.<\/p>\n<p>\u201cEsta sabedoria que os agricultores, os pescadores, os pecuaristas conservam na mem\u00f3ria das gera\u00e7\u00f5es, e que agora v\u00eam como est\u00e1 sendo ridicularizada e esquecida por um modelo de produ\u00e7\u00e3o que beneficia somente pequenos grupos e uma pequena por\u00e7\u00e3o da popula\u00e7\u00e3o mundial\u201d, denunciou o Papa.<\/p>\n<p>Caravana dos \u00faltimos<\/p>\n<p>O Papa recordou ainda que as mudan\u00e7as clim\u00e1ticas tamb\u00e9m contribuem para que \u201ca mobilidade humana n\u00e3o pare\u201d.<\/p>\n<p>\u201cOs dados mais recentes revelam que s\u00e3o cada vez mais os migrantes clim\u00e1ticos, que engrossam as filas desta caravana dos \u00faltimos, dos exclu\u00eddos, daqueles a quem \u00e9 negado um papel na grande fam\u00edlia humana. Um papel que n\u00e3o pode ser outorgado por um Estado ou por um status, mas que pertence a cada ser humano enquanto pessoa, com sua dignidade e seus direitos\u201d, apontou.<\/p>\n<p>Distribui\u00e7\u00e3o justa<\/p>\n<p>\u201cJ\u00e1 n\u00e3o basta se impressionar e se comover diante de quem, em qualquer latitude, pede o p\u00e3o de cada dia\u201d, afirmou o Papa, ao condenar o desperd\u00edcio de alimentos.<\/p>\n<p>\u201c\u00c9 necess\u00e1rio decidir-se e atuar. Muitas vezes, tamb\u00e9m enquanto Igreja cat\u00f3lica, recordamos que os n\u00edveis de produ\u00e7\u00e3o mundial s\u00e3o suficientes para garantir a alimenta\u00e7\u00e3o de todos, com a condi\u00e7\u00e3o de que haja uma justa distribui\u00e7\u00e3o\u201d, disse.<\/p>\n<p>A mensagem do Papa termina com um apelo para uma mudan\u00e7a de rumo, \u00e0 qual todos estamos chamados a cooperar:<\/p>\n<p>\u201cCada um nos respectivos seus \u00e2mbitos de responsabilidade, mas todos com a mesma fun\u00e7\u00e3o de construtores de uma ordena\u00e7\u00e3o interna nos pa\u00edses e uma ordena\u00e7\u00e3o internacional, que permita que o desenvolvimento n\u00e3o seja somente uma prerrogativa de poucos, nem que os bens da cria\u00e7\u00e3o sejam patrim\u00f4nio dos poderosos\u201d.<\/p>\n<p style=\"text-align: justify;\">\u00a0<\/p>\n<p style=\"text-align: justify;\">Fonte: R\u00e1dio Vaticano<\/p>\n","protected":false},"excerpt":{"rendered":"<p>Clique aqui para ouvir. \u00a0 O Papa reprovou o atual modelo mundial de produ\u00e7\u00e3o de alimentos que, segundo o Pont\u00edfice, \u201ccom toda a sua ci\u00eancia, consente que cerca de 800 milh\u00f5es de pessoas passem fome\u201d. Numa mensagem enviada nesta sexta-feira (14\/10) \u00e0 Organiza\u00e7\u00e3o das Na\u00e7\u00f5es Unidas para a Agricultura e Alimenta\u00e7\u00e3o (FAO) por ocasi\u00e3o do [&hellip;]<\/p>\n","protected":false},"author":1,"featured_media":18749,"comment_status":"open","ping_status":"open","sticky":false,"template":"","format":"standard","meta":{"footnotes":""},"categories":[3],"tags":[],"class_list":["post-18750","post","type-post","status-publish","format-standard","has-post-thumbnail","hentry","category-vaticano"],"_links":{"self":[{"href":"https:\/\/catolicanet.net\/wp-cnet\/wp-json\/wp\/v2\/posts\/18750","targetHints":{"allow":["GET"]}}],"collection":[{"href":"https:\/\/catolicanet.net\/wp-cnet\/wp-json\/wp\/v2\/posts"}],"about":[{"href":"https:\/\/catolicanet.net\/wp-cnet\/wp-json\/wp\/v2\/types\/post"}],"author":[{"embeddable":true,"href":"https:\/\/catolicanet.net\/wp-cnet\/wp-json\/wp\/v2\/users\/1"}],"replies":[{"embeddable":true,"href":"https:\/\/catolicanet.net\/wp-cnet\/wp-json\/wp\/v2\/comments?post=18750"}],"version-history":[{"count":1,"href":"https:\/\/catolicanet.net\/wp-cnet\/wp-json\/wp\/v2\/posts\/18750\/revisions"}],"predecessor-version":[{"id":27411,"href":"https:\/\/catolicanet.net\/wp-cnet\/wp-json\/wp\/v2\/posts\/18750\/revisions\/27411"}],"wp:featuredmedia":[{"embeddable":true,"href":"https:\/\/catolicanet.net\/wp-cnet\/wp-json\/wp\/v2\/media\/18749"}],"wp:attachment":[{"href":"https:\/\/catolicanet.net\/wp-cnet\/wp-json\/wp\/v2\/media?parent=18750"}],"wp:term":[{"taxonomy":"category","embeddable":true,"href":"https:\/\/catolicanet.net\/wp-cnet\/wp-json\/wp\/v2\/categories?post=18750"},{"taxonomy":"post_tag","embeddable":true,"href":"https:\/\/catolicanet.net\/wp-cnet\/wp-json\/wp\/v2\/tags?post=18750"}],"curies":[{"name":"wp","href":"https:\/\/api.w.org\/{rel}","templated":true}]}}