{"id":18748,"date":"2016-10-14T17:03:14","date_gmt":"2016-10-14T20:03:14","guid":{"rendered":"http:\/\/catolicanet.net\/wp-cnet\/2016\/10\/14\/dia-de-oracoes-na-franca-por-vitimas-de-abusos-sexuais-cometidos-por-padres\/"},"modified":"2017-05-30T16:34:16","modified_gmt":"2017-05-30T19:34:16","slug":"dia-de-oracoes-na-franca-por-vitimas-de-abusos-sexuais-cometidos-por-padres","status":"publish","type":"post","link":"https:\/\/catolicanet.net\/wp-cnet\/dia-de-oracoes-na-franca-por-vitimas-de-abusos-sexuais-cometidos-por-padres\/","title":{"rendered":"Dia de ora\u00e7\u00f5es na Fran\u00e7a por v\u00edtimas de abusos sexuais cometidos por padres"},"content":{"rendered":"<p style=\"text-align: justify;\"><img decoding=\"async\" src=\"http:\/\/www.catolicanet.com.br\/images\/stories\/noticias\/qyax-ivli-hty.jpg\" border=\"0\" align=\"left\" \/>Dia de ora\u00e7\u00f5es na Fran\u00e7a por v\u00edtimas de abusos sexuais cometidos por padres<\/p>\n<p>Os bispos franceses oficiar\u00e3o uma \u201cjornada de ora\u00e7\u00f5es e penit\u00eancia\u201d pelas v\u00edtimas de abusos sexuais em 7 de novembro, depois de meses de revela\u00e7\u00f5es de casos de pedofilia em v\u00e1rias dioceses francesas.<\/p>\n<p>O Vaticano anunciou a celebra\u00e7\u00e3o desta jornada mundial em 12 de setembro, por iniciativa do papa Francisco, que confiou a cada confer\u00eancia episcopal a escolha do dia e o modo de prestar homenagem \u00e0s v\u00edtimas.<\/p>\n<p>O conselho permanente da Confer\u00eancia dos Bispos da Fran\u00e7a (CBF) indicou que 120 bispos franceses far\u00e3o jejum nesse dia durante sua reuni\u00e3o em Lourdes (sudoeste da Fran\u00e7a) por ocasi\u00e3o de sua tradicional assembleia plen\u00e1ria. Ser\u00e1 celebrada uma missa pelas v\u00edtimas dos abusos sexuais.<\/p>\n<p>Nos \u00faltimos meses, a Fran\u00e7a se viu sacudida pela revela\u00e7\u00e3o de v\u00e1rios casos de pedofilia ou abusos sexuais cometidos por padres, como Bernard Preynat, da diocese de Lyon (leste), suspeito de ter abusado de mais de 60 escoteiros.<\/p>\n<p>Os casos remontam, segundo a CBF, aos anos anteriores a 1970 e foram atribu\u00eddos a padres j\u00e1 falecidos.<\/p>\n<p style=\"text-align: justify;\">\u00a0<\/p>\n<p style=\"text-align: justify;\">Fonte: Aleteia<\/p>\n","protected":false},"excerpt":{"rendered":"<p>Dia de ora\u00e7\u00f5es na Fran\u00e7a por v\u00edtimas de abusos sexuais cometidos por padres Os bispos franceses oficiar\u00e3o uma \u201cjornada de ora\u00e7\u00f5es e penit\u00eancia\u201d pelas v\u00edtimas de abusos sexuais em 7 de novembro, depois de meses de revela\u00e7\u00f5es de casos de pedofilia em v\u00e1rias dioceses francesas. O Vaticano anunciou a celebra\u00e7\u00e3o desta jornada mundial em 12 [&hellip;]<\/p>\n","protected":false},"author":1,"featured_media":18747,"comment_status":"open","ping_status":"open","sticky":false,"template":"","format":"standard","meta":{"footnotes":""},"categories":[4],"tags":[],"class_list":["post-18748","post","type-post","status-publish","format-standard","has-post-thumbnail","hentry","category-cotidiano"],"_links":{"self":[{"href":"https:\/\/catolicanet.net\/wp-cnet\/wp-json\/wp\/v2\/posts\/18748","targetHints":{"allow":["GET"]}}],"collection":[{"href":"https:\/\/catolicanet.net\/wp-cnet\/wp-json\/wp\/v2\/posts"}],"about":[{"href":"https:\/\/catolicanet.net\/wp-cnet\/wp-json\/wp\/v2\/types\/post"}],"author":[{"embeddable":true,"href":"https:\/\/catolicanet.net\/wp-cnet\/wp-json\/wp\/v2\/users\/1"}],"replies":[{"embeddable":true,"href":"https:\/\/catolicanet.net\/wp-cnet\/wp-json\/wp\/v2\/comments?post=18748"}],"version-history":[{"count":1,"href":"https:\/\/catolicanet.net\/wp-cnet\/wp-json\/wp\/v2\/posts\/18748\/revisions"}],"predecessor-version":[{"id":25067,"href":"https:\/\/catolicanet.net\/wp-cnet\/wp-json\/wp\/v2\/posts\/18748\/revisions\/25067"}],"wp:featuredmedia":[{"embeddable":true,"href":"https:\/\/catolicanet.net\/wp-cnet\/wp-json\/wp\/v2\/media\/18747"}],"wp:attachment":[{"href":"https:\/\/catolicanet.net\/wp-cnet\/wp-json\/wp\/v2\/media?parent=18748"}],"wp:term":[{"taxonomy":"category","embeddable":true,"href":"https:\/\/catolicanet.net\/wp-cnet\/wp-json\/wp\/v2\/categories?post=18748"},{"taxonomy":"post_tag","embeddable":true,"href":"https:\/\/catolicanet.net\/wp-cnet\/wp-json\/wp\/v2\/tags?post=18748"}],"curies":[{"name":"wp","href":"https:\/\/api.w.org\/{rel}","templated":true}]}}