{"id":18746,"date":"2016-10-14T14:52:15","date_gmt":"2016-10-14T17:52:15","guid":{"rendered":"http:\/\/catolicanet.net\/wp-cnet\/2016\/10\/14\/mexicanos-celebram-40-anos-de-consagracao-da-basilica-da-virgem-de-guadalupe\/"},"modified":"2017-05-30T16:34:16","modified_gmt":"2017-05-30T19:34:16","slug":"mexicanos-celebram-40-anos-de-consagracao-da-basilica-da-virgem-de-guadalupe","status":"publish","type":"post","link":"https:\/\/catolicanet.net\/wp-cnet\/mexicanos-celebram-40-anos-de-consagracao-da-basilica-da-virgem-de-guadalupe\/","title":{"rendered":"Mexicanos celebram 40 anos de consagra\u00e7\u00e3o da Bas\u00edlica da Virgem de Guadalupe"},"content":{"rendered":"<p style=\"text-align: justify;\"><img decoding=\"async\" src=\"http:\/\/www.catolicanet.com.br\/images\/stories\/noticias\/xbasili.jpg\" border=\"0\" align=\"left\" \/>Cidade do M\u00e9xico, (ACI).- Com uma Missa presidida pelo Arcebispo do M\u00e9xico, Cardeal Norberto Rivera Carrera, os fi\u00e9is mexicanos celebraram na \u00faltima quarta-feira os 40 anos da consagra\u00e7\u00e3o da Bas\u00edlica de Nossa Senhora de Guadalupe, o templo mariano mais importante da Am\u00e9rica, visitado por Santa Teresa de Calcut\u00e1, S\u00e3o Jo\u00e3o Paulo II, o Cardeal Joseph Ratzinger (hoje Bento XVI) e o Papa Francisco.<\/p>\n<p>O templo est\u00e1 localizado na Villa Guadalupe, junto com a bas\u00edlica antiga e outras igrejas, como a ermida localizada no Tepeyac, a qual recorda a apari\u00e7\u00e3o da Virgem a S\u00e3o Juan Diego em 1531.<\/p>\n<p>No mesmo ano, o bispo Frei Juan de Zum\u00e1rraga mandou construir uma simples ermida de tijolo, para onde foi levada a imagem sagrada no dia 26 de dezembro.<\/p>\n<p>Entretanto, em 1556 a ermida j\u00e1 era insuficiente e foi ampliada pelo segundo Arcebispo do M\u00e9xico, Dom Alonso de Montufar, mas a devo\u00e7\u00e3o continuou crescendo e o Conselho da Catedral disp\u00f4s em 29 de agosto de 1600 que fosse colocada a primeira pedra para a constru\u00e7\u00e3o de um novo templo, que seria o primeiro santu\u00e1rio, conclu\u00eddo em 1614.<\/p>\n<p>No dia 27 de abril de 1709, foi aben\u00e7oado o segundo santu\u00e1rio, embora tenha tido modifica\u00e7\u00f5es, atualmente \u00e9 conhecido como a Bas\u00edlica antiga de Guadalupe. Devido a alguns problemas na sua estrutura, foi tomada a decis\u00e3o de construir a Bas\u00edlica atual.<\/p>\n<p>A Bas\u00edlica antiga foi fechada para ser restaurada. E foi aberta novamente no dia 5 de maio de 2009 como Templo Expiat\u00f3rio a Cristo Rei.<\/p>\n<p>A primeira pedra do novo santu\u00e1rio foi colocada no dia 12 de dezembro de 1974. O templo acolhe cerca de 10.500 pessoas, contando com as nove capelas superiores. Al\u00e9m disso, tem um \u00f3rg\u00e3o monumental para 16.000 vozes.<\/p>\n<p>O santu\u00e1rio foi aben\u00e7oado pelo Arcebispo do M\u00e9xico, Cardeal Miguel Dar\u00edo Miranda. Dois Papas celebraram missa nesta Bas\u00edlica: S\u00e3o Jo\u00e3o Paulo II e o Papa Francisco. Tamb\u00e9m foi visitada pelo Papa Bento XVI, quando ainda era Cardeal.<\/p>\n<p>Al\u00e9m disso, S\u00e3o Juan Diego foi canonizado neste santu\u00e1rio, onde tamb\u00e9m foi beatificado o Pe. Ermo y Parres, os Tr\u00eas Meninos M\u00e1rtires de Tlaxcala, os dois M\u00e1rtires Fiscais de Cajonos e a Madre Maria In\u00eas Teresa \u00c1rias.<\/p>\n<p>Neste Santu\u00e1rio s\u00e3o realizadas incont\u00e1veis peregrina\u00e7\u00f5es e dentro dele foram colocadas as bandeiras dos pa\u00edses americanos e de outros como Espanha, Pol\u00f4nia e Filipinas.<\/p>\n<p>A Festa da Virgem de Guadalupe \u00e9 celebrada no dia 12 de dezembro e durante esse m\u00eas o Santu\u00e1rio recebe aproximadamente de 6 a 8 milh\u00f5es de pessoas. Em todo o ano \u00e9 visitado por 20 milh\u00f5es de peregrinos. \u00c9 o santu\u00e1rio mariano mais visitado do mundo.<\/p>\n<p style=\"text-align: justify;\">\u00a0<\/p>\n<p style=\"text-align: justify;\">Fonte: Acidigital<\/p>\n","protected":false},"excerpt":{"rendered":"<p>Cidade do M\u00e9xico, (ACI).- Com uma Missa presidida pelo Arcebispo do M\u00e9xico, Cardeal Norberto Rivera Carrera, os fi\u00e9is mexicanos celebraram na \u00faltima quarta-feira os 40 anos da consagra\u00e7\u00e3o da Bas\u00edlica de Nossa Senhora de Guadalupe, o templo mariano mais importante da Am\u00e9rica, visitado por Santa Teresa de Calcut\u00e1, S\u00e3o Jo\u00e3o Paulo II, o Cardeal Joseph [&hellip;]<\/p>\n","protected":false},"author":1,"featured_media":18745,"comment_status":"open","ping_status":"open","sticky":false,"template":"","format":"standard","meta":{"footnotes":""},"categories":[4],"tags":[],"class_list":["post-18746","post","type-post","status-publish","format-standard","has-post-thumbnail","hentry","category-cotidiano"],"_links":{"self":[{"href":"https:\/\/catolicanet.net\/wp-cnet\/wp-json\/wp\/v2\/posts\/18746","targetHints":{"allow":["GET"]}}],"collection":[{"href":"https:\/\/catolicanet.net\/wp-cnet\/wp-json\/wp\/v2\/posts"}],"about":[{"href":"https:\/\/catolicanet.net\/wp-cnet\/wp-json\/wp\/v2\/types\/post"}],"author":[{"embeddable":true,"href":"https:\/\/catolicanet.net\/wp-cnet\/wp-json\/wp\/v2\/users\/1"}],"replies":[{"embeddable":true,"href":"https:\/\/catolicanet.net\/wp-cnet\/wp-json\/wp\/v2\/comments?post=18746"}],"version-history":[{"count":1,"href":"https:\/\/catolicanet.net\/wp-cnet\/wp-json\/wp\/v2\/posts\/18746\/revisions"}],"predecessor-version":[{"id":25068,"href":"https:\/\/catolicanet.net\/wp-cnet\/wp-json\/wp\/v2\/posts\/18746\/revisions\/25068"}],"wp:featuredmedia":[{"embeddable":true,"href":"https:\/\/catolicanet.net\/wp-cnet\/wp-json\/wp\/v2\/media\/18745"}],"wp:attachment":[{"href":"https:\/\/catolicanet.net\/wp-cnet\/wp-json\/wp\/v2\/media?parent=18746"}],"wp:term":[{"taxonomy":"category","embeddable":true,"href":"https:\/\/catolicanet.net\/wp-cnet\/wp-json\/wp\/v2\/categories?post=18746"},{"taxonomy":"post_tag","embeddable":true,"href":"https:\/\/catolicanet.net\/wp-cnet\/wp-json\/wp\/v2\/tags?post=18746"}],"curies":[{"name":"wp","href":"https:\/\/api.w.org\/{rel}","templated":true}]}}