{"id":18742,"date":"2016-10-14T14:31:38","date_gmt":"2016-10-14T17:31:38","guid":{"rendered":"http:\/\/catolicanet.net\/wp-cnet\/2016\/10\/14\/faz-muitas-coisas-e-nao-tem-tempo-para-rezar-ha-um-remedio-espiritual-para-o-ativismo\/"},"modified":"2017-05-30T16:34:16","modified_gmt":"2017-05-30T19:34:16","slug":"faz-muitas-coisas-e-nao-tem-tempo-para-rezar-ha-um-remedio-espiritual-para-o-ativismo","status":"publish","type":"post","link":"https:\/\/catolicanet.net\/wp-cnet\/faz-muitas-coisas-e-nao-tem-tempo-para-rezar-ha-um-remedio-espiritual-para-o-ativismo\/","title":{"rendered":"Faz muitas coisas e n\u00e3o tem tempo para rezar? H\u00e1 um rem\u00e9dio espiritual para o \u201cativismo\u201d"},"content":{"rendered":"<p style=\"text-align: justify;\"><img decoding=\"async\" src=\"http:\/\/www.catolicanet.com.br\/images\/stories\/noticias\/xvela_flickrw.jpg\" border=\"0\" align=\"left\" \/>LOS ANGELES, 14 Out. 16 \/ 07:00 am (ACI).- Em sua nova coluna semanal, o Arcebispo de Los Angeles (Estados Unidos), Dom Jos\u00e9 G\u00f3mez, assegurou aos fi\u00e9is que a ora\u00e7\u00e3o do Ros\u00e1rio \u00e9 o rem\u00e9dio para a cultura do ativismo, onde \u201cn\u00e3o temos tempo suficiente para rezar\u201d e \u201cchegamos a ver o tempo que passamos com Deus como um tempo desperdi\u00e7ado, um tempo que \u00e9 chato ou n\u00e3o produtivo\u201d.<\/p>\n<p>Dom G\u00f3mez manifestou sua preocupa\u00e7\u00e3o a respeito das novas tecnologias, porque \u201cest\u00e3o se convertendo em algo mais do que simples ferramentas para nos ajudar a realizar tarefas e fazer com que a nossa vida seja mais f\u00e1cil. Preocupa-me que estas tecnologias estejam mudando a forma de pensar e a maneira atrav\u00e9s da qual experimentamos a realidade\u201d.<\/p>\n<p>O Prelado acrescentou que existe outro problema, at\u00e9 mesmo mais antigo do que as novas tecnologias, chamado \u201cativismo\u201d, ou seja, uma mentalidade que afirma que o principal na vida \u00e9 a atividade e o \u201cfazer\u201d.<\/p>\n<p>\u201cTodos n\u00f3s estamos sujeitos a esta tenta\u00e7\u00e3o e cada vez mais nesta cultura da comunica\u00e7\u00e3o constante. Acredito que todos n\u00f3s conhecemos bem essa sensa\u00e7\u00e3o de ficar presos e consumidos pelas nossas atividades, inclusive das coisas boas que estamos fazendo para ajudar os outros e a servi\u00e7o do Evangelho\u201d, indicou.<\/p>\n<p>O Arcebispo de Los Angeles tamb\u00e9m advertiu sobre perigo do ativismo porque \u201cchegamos a ver o tempo que passamos com Deus como um tempo desperdi\u00e7ado, um tempo que \u00e9 chato ou n\u00e3o produtivo\u201d.<\/p>\n<p>Recordou ainda as palavras do Papa Francisco sobre as pessoas que est\u00e3o envolvidas em atividades pastorais e que caem em \u201cativismo pastoral\u201d qualificado como \u201cum perigo sempre presente\u201d.<\/p>\n<p>Frente a esta situa\u00e7\u00e3o e como neste m\u00eas de outubro a Igreja celebra o m\u00eas dedicado ao Ros\u00e1rio, esta \u00e9 a \u201cora\u00e7\u00e3o perfeita para estes tempos de distra\u00e7\u00e3o, um rem\u00e9dio para o ativismo\u201d.<\/p>\n<p>\u201cO Ros\u00e1rio \u00e9 uma ora\u00e7\u00e3o contemplativa. E todos necessitamos de mais contempla\u00e7\u00e3o, mais ora\u00e7\u00e3o em nossas vidas. Quando rezamos o Ros\u00e1rio, nossos pensamentos se centram, com uma aten\u00e7\u00e3o amorosa, em Jesus, nos mist\u00e9rios da sua vida, nesse rosto que Deus mostra para cada um de n\u00f3s\u201d, acrescentou.<\/p>\n<p>\u201cO Ros\u00e1rio abre nossos cora\u00e7\u00f5es ao plano de Deus, \u00e0 sua vontade amorosa para a nossa vida. Esta ora\u00e7\u00e3o nos ensina a escutar e a observar \u2014tal como a Virgem Maria fez\u2014 os sinais dos prop\u00f3sitos da obra de Deus na nossa vida di\u00e1ria. Esta ora\u00e7\u00e3o nos ensina a confiar em Deus e a tentar fazer a Sua vontade em nossas vidas, tamb\u00e9m a exemplo de Maria\u201d, indicou Dom G\u00f3mez.<\/p>\n<p>Dom G\u00f3mez prop\u00f4s levantar uns \u201c15 minutos mais cedo de manh\u00e3 para que possamos conseguir o tempo que necessitamos para come\u00e7ar o nosso dia com a ora\u00e7\u00e3o. \u00c9 obvio, isso significa dormir um pouco mais cedo no dia anterior, apesar de que possamos pensar que ainda temos algum trabalho que \u2018deve ser feito\u2019\u201d.<\/p>\n<p>Por outro lado, o Arcebispo de Los Angeles aconselhou que \u00e9 necess\u00e1rio gerar um equil\u00edbrio entre o trabalho, a ora\u00e7\u00e3o, o descanso e a recrea\u00e7\u00e3o e que n\u00e3o se deve recha\u00e7ar a tecnologia, nem se afastar das responsabilidades, mas organizar o tempo correspondente para cada atividade.<\/p>\n<p style=\"text-align: justify;\">\u00a0<\/p>\n<p style=\"text-align: justify;\">Fonte: Acidigital<\/p>\n","protected":false},"excerpt":{"rendered":"<p>LOS ANGELES, 14 Out. 16 \/ 07:00 am (ACI).- Em sua nova coluna semanal, o Arcebispo de Los Angeles (Estados Unidos), Dom Jos\u00e9 G\u00f3mez, assegurou aos fi\u00e9is que a ora\u00e7\u00e3o do Ros\u00e1rio \u00e9 o rem\u00e9dio para a cultura do ativismo, onde \u201cn\u00e3o temos tempo suficiente para rezar\u201d e \u201cchegamos a ver o tempo que passamos [&hellip;]<\/p>\n","protected":false},"author":1,"featured_media":18741,"comment_status":"open","ping_status":"open","sticky":false,"template":"","format":"standard","meta":{"footnotes":""},"categories":[4],"tags":[],"class_list":["post-18742","post","type-post","status-publish","format-standard","has-post-thumbnail","hentry","category-cotidiano"],"_links":{"self":[{"href":"https:\/\/catolicanet.net\/wp-cnet\/wp-json\/wp\/v2\/posts\/18742","targetHints":{"allow":["GET"]}}],"collection":[{"href":"https:\/\/catolicanet.net\/wp-cnet\/wp-json\/wp\/v2\/posts"}],"about":[{"href":"https:\/\/catolicanet.net\/wp-cnet\/wp-json\/wp\/v2\/types\/post"}],"author":[{"embeddable":true,"href":"https:\/\/catolicanet.net\/wp-cnet\/wp-json\/wp\/v2\/users\/1"}],"replies":[{"embeddable":true,"href":"https:\/\/catolicanet.net\/wp-cnet\/wp-json\/wp\/v2\/comments?post=18742"}],"version-history":[{"count":1,"href":"https:\/\/catolicanet.net\/wp-cnet\/wp-json\/wp\/v2\/posts\/18742\/revisions"}],"predecessor-version":[{"id":25070,"href":"https:\/\/catolicanet.net\/wp-cnet\/wp-json\/wp\/v2\/posts\/18742\/revisions\/25070"}],"wp:featuredmedia":[{"embeddable":true,"href":"https:\/\/catolicanet.net\/wp-cnet\/wp-json\/wp\/v2\/media\/18741"}],"wp:attachment":[{"href":"https:\/\/catolicanet.net\/wp-cnet\/wp-json\/wp\/v2\/media?parent=18742"}],"wp:term":[{"taxonomy":"category","embeddable":true,"href":"https:\/\/catolicanet.net\/wp-cnet\/wp-json\/wp\/v2\/categories?post=18742"},{"taxonomy":"post_tag","embeddable":true,"href":"https:\/\/catolicanet.net\/wp-cnet\/wp-json\/wp\/v2\/tags?post=18742"}],"curies":[{"name":"wp","href":"https:\/\/api.w.org\/{rel}","templated":true}]}}