{"id":18734,"date":"2016-10-14T13:44:19","date_gmt":"2016-10-14T16:44:19","guid":{"rendered":"http:\/\/catolicanet.net\/wp-cnet\/2016\/10\/14\/haiti-contribuicao-do-papa-as-vitimas-do-furacao\/"},"modified":"2017-06-02T10:56:57","modified_gmt":"2017-06-02T13:56:57","slug":"haiti-contribuicao-do-papa-as-vitimas-do-furacao","status":"publish","type":"post","link":"https:\/\/catolicanet.net\/wp-cnet\/haiti-contribuicao-do-papa-as-vitimas-do-furacao\/","title":{"rendered":"Haiti: contribui\u00e7\u00e3o do Papa \u00e0s v\u00edtimas do furac\u00e3o"},"content":{"rendered":"<p style=\"text-align: justify;\"><img decoding=\"async\" src=\"http:\/\/www.catolicanet.com.br\/images\/stories\/noticias\/ap3697993_articolo.jpg\" border=\"0\" align=\"left\" \/>Cidade do Vaticano (RV) \u2013 O Papa Francisco decidiu contribuir economicamente com as v\u00edtimas do furac\u00e3o \u201cMatthew\u201d, no Haiti.<\/p>\n<p>O Pontif\u00edcio Conselho Cor Unum informa que ser\u00e3o enviados 100 mil d\u00f3lares para socorrer a popula\u00e7\u00e3o nesta fase de emerg\u00eancia. A quantia ser\u00e1 destinada \u00e0s dioceses que mais foram afetadas e se trata de uma \u201cprimeira e imediata express\u00e3o concreta dos sentimentos de proximidade espiritual e encorajamento paterno do Pont\u00edfice para com as pessoas e os territ\u00f3rios atingidos\u201d, l\u00ea-se no comunicado.<\/p>\n<p>Esta contribui\u00e7\u00e3o se insere na rede de ajudas que logo foi ativada em toda a Igreja, envolvendo v\u00e1rias Confer\u00eancias Episcopais e in\u00fameros organismos de caridade. A Caritas Haitiana, em parceria com a Caritas Internacional, lan\u00e7ou imediatamente um apelo para socorrer duas mil e 700 fam\u00edlias e para a compra e distribui\u00e7\u00e3o de g\u00eaneros de primeira necessidade.<\/p>\n<p>A passagem do furac\u00e3o na ilha caribenha matou pelo menos mil pessoas e outras milhares ficaram desabrigadas.<\/p>\n<p>Os haitianos no sul do pa\u00eds foram os mais afetados. O Programa Brasileiro contatou a Ir. Neuza Maria Lovis, das Irm\u00e3s do Imaculado Cora\u00e7\u00e3o de Maria, que descreveu o cen\u00e1rio de \u201cdesola\u00e7\u00e3o\u201d que tomou conta da diocese de Jeremie.<\/p>\n<p>O mesmo descrevem os frades capuchinhos brasileiros que atuam na regi\u00e3o de Les Cayes. Segundo os freis Aldir Crocoli e S\u00e9rgio Defendi, igrejas, casas, escolas e postos de sa\u00fade foram destru\u00eddos pelo furac\u00e3o. <\/p>\n<p>Os capuchinhos residentes no Haiti informaram que os religiosos e religiosas n\u00e3o sofreram ferimentos e est\u00e3o ajudando pessoas que perderam seus pertences e familiares: \u201cO pa\u00eds n\u00e3o conseguiu se recuperar do terremoto e agora esta trag\u00e9dia que afeta em torno de um milh\u00e3o de habitantes\u201d, afirmou Frei Aldir Crocoli.<\/p>\n<p style=\"text-align: justify;\">\u00a0<\/p>\n<p style=\"text-align: justify;\">Fonte: R\u00e1dio Vaticano<\/p>\n","protected":false},"excerpt":{"rendered":"<p>Cidade do Vaticano (RV) \u2013 O Papa Francisco decidiu contribuir economicamente com as v\u00edtimas do furac\u00e3o \u201cMatthew\u201d, no Haiti. O Pontif\u00edcio Conselho Cor Unum informa que ser\u00e3o enviados 100 mil d\u00f3lares para socorrer a popula\u00e7\u00e3o nesta fase de emerg\u00eancia. A quantia ser\u00e1 destinada \u00e0s dioceses que mais foram afetadas e se trata de uma \u201cprimeira [&hellip;]<\/p>\n","protected":false},"author":1,"featured_media":18733,"comment_status":"open","ping_status":"open","sticky":false,"template":"","format":"standard","meta":{"footnotes":""},"categories":[3],"tags":[],"class_list":["post-18734","post","type-post","status-publish","format-standard","has-post-thumbnail","hentry","category-vaticano"],"_links":{"self":[{"href":"https:\/\/catolicanet.net\/wp-cnet\/wp-json\/wp\/v2\/posts\/18734","targetHints":{"allow":["GET"]}}],"collection":[{"href":"https:\/\/catolicanet.net\/wp-cnet\/wp-json\/wp\/v2\/posts"}],"about":[{"href":"https:\/\/catolicanet.net\/wp-cnet\/wp-json\/wp\/v2\/types\/post"}],"author":[{"embeddable":true,"href":"https:\/\/catolicanet.net\/wp-cnet\/wp-json\/wp\/v2\/users\/1"}],"replies":[{"embeddable":true,"href":"https:\/\/catolicanet.net\/wp-cnet\/wp-json\/wp\/v2\/comments?post=18734"}],"version-history":[{"count":1,"href":"https:\/\/catolicanet.net\/wp-cnet\/wp-json\/wp\/v2\/posts\/18734\/revisions"}],"predecessor-version":[{"id":27412,"href":"https:\/\/catolicanet.net\/wp-cnet\/wp-json\/wp\/v2\/posts\/18734\/revisions\/27412"}],"wp:featuredmedia":[{"embeddable":true,"href":"https:\/\/catolicanet.net\/wp-cnet\/wp-json\/wp\/v2\/media\/18733"}],"wp:attachment":[{"href":"https:\/\/catolicanet.net\/wp-cnet\/wp-json\/wp\/v2\/media?parent=18734"}],"wp:term":[{"taxonomy":"category","embeddable":true,"href":"https:\/\/catolicanet.net\/wp-cnet\/wp-json\/wp\/v2\/categories?post=18734"},{"taxonomy":"post_tag","embeddable":true,"href":"https:\/\/catolicanet.net\/wp-cnet\/wp-json\/wp\/v2\/tags?post=18734"}],"curies":[{"name":"wp","href":"https:\/\/api.w.org\/{rel}","templated":true}]}}