{"id":18730,"date":"2016-10-14T13:32:27","date_gmt":"2016-10-14T16:32:27","guid":{"rendered":"http:\/\/catolicanet.net\/wp-cnet\/2016\/10\/14\/castel-gandolfo-papa-destina-seu-apartamento-a-museu\/"},"modified":"2017-06-02T10:02:41","modified_gmt":"2017-06-02T13:02:41","slug":"castel-gandolfo-papa-destina-seu-apartamento-a-museu","status":"publish","type":"post","link":"https:\/\/catolicanet.net\/wp-cnet\/castel-gandolfo-papa-destina-seu-apartamento-a-museu\/","title":{"rendered":"Castel Gandolfo: Papa destina seu apartamento a museu"},"content":{"rendered":"<p style=\"text-align: justify;\"><img decoding=\"async\" src=\"http:\/\/www.catolicanet.com.br\/images\/stories\/noticias\/ansa516094_articolo.jpg\" border=\"0\" align=\"left\" \/>Cidade do Vaticano (RV) \u2013 Tr\u00eas anos e meio depois da decis\u00e3o de renunciar ao apartamento papal, no terceiro andar do Pal\u00e1cio Apost\u00f3lico, o Papa decidiu renunciar tamb\u00e9m definitivamente ao uso do apartamento de Castel Gandolfo e anex\u00e1-lo ao museu j\u00e1 existente.<\/p>\n<p style=\"text-align: justify;\"><a href=\"http:\/\/media02.radiovaticana.va\/audio\/audio2\/mp3\/00552793.mp3\">Clique aqui para ouvir.<\/a><\/p>\n<p style=\"text-align: justify;\">Resid\u00eancia para f\u00e9rias de ver\u00e3o<\/p>\n<p>\u2018Resid\u00eancia de ver\u00e3o\u2019 de todos Papas desde o in\u00edcio do s\u00e9culo VII, aquela ala do Pal\u00e1cio nunca foi utilizada por Francisco para o descanso. Nos poucos dias em que repousa no ver\u00e3o, o Pont\u00edfice prefere permanecer na Casa Santa Marta. Assim, as salas de Castel Gandolfo, vazias desde 2013, ser\u00e3o abertas \u00e0 visita de fi\u00e9is e turistas, assim como as restantes.<\/p>\n<p>O museu ser\u00e1 inaugurado no pr\u00f3ximo 21 de outubro com a exibi\u00e7\u00e3o de um coral chin\u00eas com o concerto \u201cA beleza nos une\u201d, na linha das inten\u00e7\u00f5es do Papa de construir pontes tamb\u00e9m com a China, pa\u00eds sempre no centro das aten\u00e7\u00f5es da diplomacia pontif\u00edcia.<\/p>\n<p>Abertura ao p\u00fablico dos lugares privativos<\/p>\n<p>S\u00e3o muitos os lugares exclusivos da resid\u00eancia que Francisco abre ao p\u00fablico. Antes de tudo, o quarto: um c\u00f4modo com as janelas voltadas para o mar, sem d\u00favida a o mais reservado de todo o Pal\u00e1cio. Ap\u00f3s o desembarque estadunidense em Anzio, em janeiro de 1944, os arredores de Castel Gandolfo se transformaram em um dos mais sangrentos palcos de batalha da Segunda Guerra Mundial. O quarto, assim como as outras salas, foi destinado \u00e0s gestantes. No leito utilizado pelos Pont\u00edfices nasceram naqueles meses cerca de quarenta beb\u00eas.<\/p>\n<p>Pouco al\u00e9m do quarto, est\u00e1 a pequena capela na qual os Papas rezavam sozinhos. Na sequ\u00eancia, encontram-se a Biblioteca do Pont\u00edfice e o pequeno escrit\u00f3rio, onde os Papas do passado, at\u00e9 Bento XVI, escreviam enc\u00edclicas e homilias. H\u00e1 ainda dois c\u00f4modos reservados ao secret\u00e1rio particular e ao secret\u00e1rio adjunto; e o Sal\u00e3o dos Su\u00ed\u00e7os, assim chamado porque antigamente era ali que se preparava o corpo da guarda armado que desde 1506 presta servi\u00e7o aos Papas. Enfim, a Sala do Consist\u00f3rio, que recebeu raramente h\u00f3spedes leigos, pois era utilizada em geral apenas para as reuni\u00f5es do col\u00e9gio cardinal\u00edcio com o Pont\u00edfice.<\/p>\n<p>A partir de 21 de outubro, e at\u00e9 pelo menos quando Francisco estiver na S\u00e9 Pontif\u00edcia, tudo isto ser\u00e1 uma vaga recorda\u00e7\u00e3o. Mas n\u00e3o \u00e9 dito que n\u00e3o possam voltar tempos como os de Jo\u00e3o XXIII, que gostava da resid\u00eancia de ver\u00e3o e frequentemente passeava pelas cidades, colinas ou praias vizinhas, em meio \u00e0s pessoas. Ou os de Jo\u00e3o Paulo II, que brincava com os filhos dos funcion\u00e1rios nos jardins. Tamb\u00e9m Bento XVI gostava de ir e \u00e0 noite ouviam-se as notas do seu piano. J\u00e1 Pio XI construiu uma horta e uma granja com galinhas e vacas, e ainda hoje, seus produtos s\u00e3o vendidos diariamente no supermercado do Vaticano.<\/p>\n<p style=\"text-align: justify;\">\u00a0<\/p>\n<p style=\"text-align: justify;\">Fonte: R\u00e1dio Vaticano<\/p>\n","protected":false},"excerpt":{"rendered":"<p>Cidade do Vaticano (RV) \u2013 Tr\u00eas anos e meio depois da decis\u00e3o de renunciar ao apartamento papal, no terceiro andar do Pal\u00e1cio Apost\u00f3lico, o Papa decidiu renunciar tamb\u00e9m definitivamente ao uso do apartamento de Castel Gandolfo e anex\u00e1-lo ao museu j\u00e1 existente. Clique aqui para ouvir. Resid\u00eancia para f\u00e9rias de ver\u00e3o \u2018Resid\u00eancia de ver\u00e3o\u2019 de [&hellip;]<\/p>\n","protected":false},"author":1,"featured_media":18729,"comment_status":"open","ping_status":"open","sticky":false,"template":"","format":"standard","meta":{"footnotes":""},"categories":[3],"tags":[],"class_list":["post-18730","post","type-post","status-publish","format-standard","has-post-thumbnail","hentry","category-vaticano"],"_links":{"self":[{"href":"https:\/\/catolicanet.net\/wp-cnet\/wp-json\/wp\/v2\/posts\/18730","targetHints":{"allow":["GET"]}}],"collection":[{"href":"https:\/\/catolicanet.net\/wp-cnet\/wp-json\/wp\/v2\/posts"}],"about":[{"href":"https:\/\/catolicanet.net\/wp-cnet\/wp-json\/wp\/v2\/types\/post"}],"author":[{"embeddable":true,"href":"https:\/\/catolicanet.net\/wp-cnet\/wp-json\/wp\/v2\/users\/1"}],"replies":[{"embeddable":true,"href":"https:\/\/catolicanet.net\/wp-cnet\/wp-json\/wp\/v2\/comments?post=18730"}],"version-history":[{"count":1,"href":"https:\/\/catolicanet.net\/wp-cnet\/wp-json\/wp\/v2\/posts\/18730\/revisions"}],"predecessor-version":[{"id":27414,"href":"https:\/\/catolicanet.net\/wp-cnet\/wp-json\/wp\/v2\/posts\/18730\/revisions\/27414"}],"wp:featuredmedia":[{"embeddable":true,"href":"https:\/\/catolicanet.net\/wp-cnet\/wp-json\/wp\/v2\/media\/18729"}],"wp:attachment":[{"href":"https:\/\/catolicanet.net\/wp-cnet\/wp-json\/wp\/v2\/media?parent=18730"}],"wp:term":[{"taxonomy":"category","embeddable":true,"href":"https:\/\/catolicanet.net\/wp-cnet\/wp-json\/wp\/v2\/categories?post=18730"},{"taxonomy":"post_tag","embeddable":true,"href":"https:\/\/catolicanet.net\/wp-cnet\/wp-json\/wp\/v2\/tags?post=18730"}],"curies":[{"name":"wp","href":"https:\/\/api.w.org\/{rel}","templated":true}]}}