{"id":18728,"date":"2016-10-14T13:26:32","date_gmt":"2016-10-14T16:26:32","guid":{"rendered":"http:\/\/catolicanet.net\/wp-cnet\/2016\/10\/14\/papa-qdizer-sempre-a-verdade-para-nao-cair-na-hipocrisiaq\/"},"modified":"2017-06-02T13:14:53","modified_gmt":"2017-06-02T16:14:53","slug":"papa-qdizer-sempre-a-verdade-para-nao-cair-na-hipocrisiaq","status":"publish","type":"post","link":"https:\/\/catolicanet.net\/wp-cnet\/papa-qdizer-sempre-a-verdade-para-nao-cair-na-hipocrisiaq\/","title":{"rendered":"Papa: &#8220;Dizer sempre a verdade para n\u00e3o cair na hipocrisia&#8221;"},"content":{"rendered":"<p style=\"text-align: justify;\"><img decoding=\"async\" src=\"http:\/\/www.catolicanet.com.br\/images\/stories\/papas\/ossrom134260_articolo.jpg\" border=\"0\" align=\"left\" \/>Cidade do Vaticano (RV) \u2013 O Papa Francisco presidiu a missa na Capela Santa Marta, no Vaticano, na manh\u00e3 desta sexta-feira (14\/10). Em sua homilia, abordando o Evangelho do dia, ele lembrou que Jesus convida a proteger-se do \u201cfermento dos fariseus\u201d.<\/p>\n<p>Francisco observou que \u201cexiste um fermento bom e um fermento ruim. O que faz crescer o Reino de Deus e o que faz somente a apar\u00eancia do Reino de Deus.<\/p>\n<p>O fermento \u2013 afirma \u2013 faz sempre crescer; quando \u00e9 bom, se torna um bom p\u00e3o, substancioso, consistente&#8230; uma boa massa, porque cresce bem. J\u00e1 o fermento ruim n\u00e3o faz crescer bem\u201d. Para explicar este conceito, o Pont\u00edfice contou um epis\u00f3dio de sua inf\u00e2ncia:<\/p>\n<p style=\"text-align: justify;\"><a href=\"http:\/\/media02.radiovaticana.va\/audio\/audio2\/mp3\/00552794.mp3\">Clique aqui para ouvir.<\/a><\/p>\n<p style=\"text-align: justify;\">Os biscoitos da vov\u00f3<\/p>\n<p>\u201cLembro-me que no Carnaval, quando \u00e9ramos pequenos, a v\u00f3 fazia biscoitos com uma massa bem fina. Ela a jogava no \u00f3leo e ela inchava, crescia&#8230; mas quando come\u00e7\u00e1vamos a comer, v\u00edamos que o biscoito era vazio&#8230; a v\u00f3 dizia \u2018s\u00e3o como as mentiras: parecem grandes, mas n\u00e3o t\u00eam nada dentro, nada de verdade; n\u00e3o t\u00eam subst\u00e2ncia\u2019. Jesus nos diz: \u2018Fiquem atentos, guardem-se do fermento ruim, o dos fariseus\u2019. E qual \u00e9? A hipocrisia. Protejam-se bem do fermento dos fariseus, que \u00e9 a hipocrisia\u201d.<\/p>\n<p>A hipocrisia \u2013 prosseguiu o Papa \u2013 \u00e9 quando se invoca o Senhor com os l\u00e1bios, mas o cora\u00e7\u00e3o fica distante dele:<\/p>\n<p style=\"text-align: justify;\"><a href=\"https:\/\/www.youtube.com\/watch?v=OvjvwUauYlI\">Clique aqui para assistir.<\/a><\/p>\n<p style=\"text-align: justify;\">Hipocrisia, esquizofrenia espiritual ou nominalismo existencial<\/p>\n<p>\u201c\u00c9 uma divis\u00e3o interna, a hipocrisia. \u00c9 quando se diz uma coisa e se faz outra. \u00c9 uma esp\u00e9cie de esquizofrenia espiritual. O hip\u00f3crita \u00e9 um simulador: parece bom, gentil, mas tem um fac\u00e3o dentro de si! \u00c9 como Herodes: com quanta cortesia havia recebido os Reis Magos! E depois, no momento de se despedir, diz: \u2018V\u00e3o, mas voltem, e me digam aonde est\u00e1 o menino, para que eu v\u00e1 ador\u00e1-lo\u2019. Para mat\u00e1-lo! O hip\u00f3crita tem duas caras! Jesus, falando destes doutores da lei, diz: \u2018Estes dizem e n\u00e3o fazem\u2019: uma outra forma de hipocrisia; um nominalismo existencial: quando acreditam que, dizendo as coisas, se faz tudo, mas n\u00e3o. As coisas devem ser feitas e n\u00e3o s\u00f3 ditas. E o hip\u00f3crita \u00e9 um nominalista; acha que falando, se faz tudo. O hip\u00f3crita \u00e9 tamb\u00e9m incapaz de se auto acusar. Nunca v\u00ea uma mancha em si mesmo; acusa os outros. Pensemos no cisco e na trave&#8230; e assim podemos descrever este fermento, que \u00e9 a hipocrisia\u201d.<\/p>\n<p>Dizer a verdade e n\u00e3o ter duas caras<\/p>\n<p>Convidando a um exame de consci\u00eancia, para entender se crescemos com o fermento bom ou o ruim, o Papa pergunta: \u201cCom que esp\u00edrito fazemos as coisas? Com que esp\u00edrito rezamos? Com que esp\u00edrito me dirijo aos outros? Com o esp\u00edrito que constr\u00f3i? Ou com o esp\u00edrito que se transforma em ar? O importante \u2013 conclui o Papa \u2013 \u00e9 n\u00e3o nos enganarmos, n\u00e3o nos mentirmos, mas dizer a verdade\u201d:<\/p>\n<p>\u201cCom quanta verdade as crian\u00e7as se confessam! Nunca, nunca, as crian\u00e7as dizem mentiras na confiss\u00e3o; nunca dizem coisas abstratas. \u2018Fiz isso, aquilo, aquilo outro&#8230;\u2019 sempre concretas. As crian\u00e7as, quando est\u00e3o diante de Deus e diante dos outros, dizem coisas concretas. Por que? Porque t\u00eam o fermento bom, o fermento que as faz crescer como cresce o Reino dos C\u00e9us. Que o Senhor nos d\u00ea, a todos n\u00f3s, o Esp\u00edrito Santo e a gra\u00e7a da lucidez para nos dizer com que fermento eu cres\u00e7o, com que fermento eu ajo. Sou uma pessoa leal, transparente, ou sou um hip\u00f3crita?\u201d.<\/p>\n<p style=\"text-align: justify;\">\u00a0<\/p>\n<p style=\"text-align: justify;\">Fonte: R\u00e1dio Vaticano<\/p>\n","protected":false},"excerpt":{"rendered":"<p>Cidade do Vaticano (RV) \u2013 O Papa Francisco presidiu a missa na Capela Santa Marta, no Vaticano, na manh\u00e3 desta sexta-feira (14\/10). Em sua homilia, abordando o Evangelho do dia, ele lembrou que Jesus convida a proteger-se do \u201cfermento dos fariseus\u201d. Francisco observou que \u201cexiste um fermento bom e um fermento ruim. O que faz [&hellip;]<\/p>\n","protected":false},"author":1,"featured_media":18727,"comment_status":"open","ping_status":"open","sticky":false,"template":"","format":"standard","meta":{"footnotes":""},"categories":[3],"tags":[],"class_list":["post-18728","post","type-post","status-publish","format-standard","has-post-thumbnail","hentry","category-vaticano"],"_links":{"self":[{"href":"https:\/\/catolicanet.net\/wp-cnet\/wp-json\/wp\/v2\/posts\/18728","targetHints":{"allow":["GET"]}}],"collection":[{"href":"https:\/\/catolicanet.net\/wp-cnet\/wp-json\/wp\/v2\/posts"}],"about":[{"href":"https:\/\/catolicanet.net\/wp-cnet\/wp-json\/wp\/v2\/types\/post"}],"author":[{"embeddable":true,"href":"https:\/\/catolicanet.net\/wp-cnet\/wp-json\/wp\/v2\/users\/1"}],"replies":[{"embeddable":true,"href":"https:\/\/catolicanet.net\/wp-cnet\/wp-json\/wp\/v2\/comments?post=18728"}],"version-history":[{"count":1,"href":"https:\/\/catolicanet.net\/wp-cnet\/wp-json\/wp\/v2\/posts\/18728\/revisions"}],"predecessor-version":[{"id":27415,"href":"https:\/\/catolicanet.net\/wp-cnet\/wp-json\/wp\/v2\/posts\/18728\/revisions\/27415"}],"wp:featuredmedia":[{"embeddable":true,"href":"https:\/\/catolicanet.net\/wp-cnet\/wp-json\/wp\/v2\/media\/18727"}],"wp:attachment":[{"href":"https:\/\/catolicanet.net\/wp-cnet\/wp-json\/wp\/v2\/media?parent=18728"}],"wp:term":[{"taxonomy":"category","embeddable":true,"href":"https:\/\/catolicanet.net\/wp-cnet\/wp-json\/wp\/v2\/categories?post=18728"},{"taxonomy":"post_tag","embeddable":true,"href":"https:\/\/catolicanet.net\/wp-cnet\/wp-json\/wp\/v2\/tags?post=18728"}],"curies":[{"name":"wp","href":"https:\/\/api.w.org\/{rel}","templated":true}]}}