{"id":18723,"date":"2016-10-14T12:57:47","date_gmt":"2016-10-14T15:57:47","guid":{"rendered":"http:\/\/catolicanet.net\/wp-cnet\/2016\/10\/14\/homenageando-o-professor\/"},"modified":"2017-05-05T15:34:39","modified_gmt":"2017-05-05T18:34:39","slug":"homenageando-o-professor","status":"publish","type":"post","link":"https:\/\/catolicanet.net\/wp-cnet\/homenageando-o-professor\/","title":{"rendered":"Homenageando o professor"},"content":{"rendered":"<p style=\"text-align: justify;\"><img decoding=\"async\" src=\"http:\/\/www.catolicanet.com.br\/images\/stories\/bispos\/dom rodolfo 3.jpg\" border=\"0\" align=\"left\" \/>No Dia do Professor quero homenagear e parabenizar a todos as pessoas que se dedicam a esta nobre e insubstitu\u00edvel miss\u00e3o, contando a hist\u00f3ria de um professor. \u00c9 uma hist\u00f3ria entre tantas e tantas que poderia ser contada. Professores que permanecem an\u00f4nimos, mas que fizeram e fazem a diferen\u00e7a na vida pessoal dos alunos e deixaram ou v\u00e3o deixar a sua marca na sociedade.<br \/>Nos anos de 1991 e 1992, exercia meu minist\u00e9rio presbiteral em Santo Ant\u00f4nio da Patrulha. L\u00e1, conheci o professor Augusto. Lecionava na localidade chamada Morro Tomacheski. Devido \u00e0 localiza\u00e7\u00e3o e topografia acidentada, a maioria dos moradores tinha migrado para outros lugares. Restavam poucas fam\u00edlias, com algumas crian\u00e7as. Na estrada, pelas suas condi\u00e7\u00f5es, passavam somente carros tra\u00e7ados e mal e mal o fusca, se o caminho estivesse seco. Nenhum morador tinha carro. Chegava-se a esta escola depois de uma hora de caminhada subindo a p\u00e9 o morro. <br \/>Era uma escola de madeira, uma esp\u00e9cie de \u201cbrizoleta\u201d, com algumas t\u00e1buas pobres na parte externa revelando o desgaste dos anos. O gramado, ao redor da escola, bem aparado. Por dentro, a limpeza era impec\u00e1vel e o piso de madeira encerado brilhava. Sem sombra de d\u00favida, das escolas que l\u00e1 conheci, era a mais limpa e bem cuidada em todo o munic\u00edpio. Tudo bem arrumado e com muito bom gosto. Se n\u00e3o me falha a mem\u00f3ria, os alunos eram da 1\u00aa a 5\u00aa s\u00e9ries tendo como \u00fanico professor o Augusto. <br \/>O professor Augusto, quando jovem, tinha sa\u00eddo daquela localidade para trabalhar na constru\u00e7\u00e3o civil. Mais tarde decidiu voltar e foi admitido como professor da rede municipal. Os seus estudos de primeiro grau n\u00e3o o habilitavam legalmente para a fun\u00e7\u00e3o. Por isso, estava fazendo um curso de magist\u00e9rio durante as f\u00e9rias para se aperfei\u00e7oar e tamb\u00e9m para atender as exig\u00eancias legais de qualifica\u00e7\u00e3o acad\u00eamica. Um dia encontrei a supervisora dos est\u00e1gios do professor Augusto e comentamos o trabalho dele. Ela me confessou que ainda n\u00e3o tinha tomado coragem para visitar a escola, devido ao dif\u00edcil acesso, mas admirava demais a dedica\u00e7\u00e3o e a criatividade dele.<br \/>Uma vez por m\u00eas, a comunidade se reunia na escola para a celebra\u00e7\u00e3o da missa e era um momento sempre muito esperado. Mesmo que ficasse uns 30 km de Santo Ant\u00f4nio da Patrulha, para atender este compromisso, necessitava-se de umas 6 horas, entre a locomo\u00e7\u00e3o e a celebra\u00e7\u00e3o da missa. Encontrar as pessoas daquela comunidade e, especialmente, as crian\u00e7as da escola era sempre muito gratificante. <br \/>O professor, com as crian\u00e7as, preparava o ambiente e a liturgia da missa com esmero e criatividade. As crian\u00e7as eram t\u00edmidas e vestiam roupas muito simples, revelando a pobreza material das suas fam\u00edlias. Chamava-me aten\u00e7\u00e3o que tinham flu\u00eancia na leitura e eram muito delicadas no trato. Como o professor Augusto tamb\u00e9m entendia um pouco de m\u00fasica, em algumas missas, chegava a fazer um conjunto musical. Ele com seu viol\u00e3o, a filha com uma gaitinha surrada e outros alunos tocavam instrumentos de fabrica\u00e7\u00e3o artesanal. Quem n\u00e3o tocava ajudava a cantar as m\u00fasicas bem ensaiadas. <br \/>Com todas as limita\u00e7\u00f5es existentes, o professor Augusto, com criatividade e dedica\u00e7\u00e3o, educou aquelas crian\u00e7as. Destaca-se porque fez mais que a sua obriga\u00e7\u00e3o. \u00c9 uma hist\u00f3ria de um professor, como muit\u00edssimos outros, que nunca constar\u00e1 nos livros da hist\u00f3ria da educa\u00e7\u00e3o, mas nem por isso \u00e9 menos digna de ser contada.<\/p>\n<p style=\"text-align: justify;\">  Normal 0   21   false false false  PT-BR X-NONE X-NONE                                                                                                                                                                                                                                                                                                                                                                                                                  \/* Style Definitions *\/  table.MsoNormalTable \t{mso-style-name:&#8221;Tabela normal&#8221;; \tmso-tstyle-rowband-size:0; \tmso-tstyle-colband-size:0; \tmso-style-noshow:yes; \tmso-style-priority:99; \tmso-style-parent:&#8221;&#8221;; \tmso-padding-alt:0cm 5.4pt 0cm 5.4pt; \tmso-para-margin-top:0cm; \tmso-para-margin-right:0cm; \tmso-para-margin-bottom:10.0pt; \tmso-para-margin-left:0cm; \tline-height:115%; \tmso-pagination:widow-orphan; \tfont-size:11.0pt; \tfont-family:&#8221;Calibri&#8221;,sans-serif; \tmso-ascii-font-family:Calibri; \tmso-ascii-theme-font:minor-latin; \tmso-hansi-font-family:Calibri; \tmso-hansi-theme-font:minor-latin; \tmso-fareast-language:EN-US;}   <\/p>\n<p class=\"MsoNormal\" style=\"margin-bottom: .0001pt; text-align: center;\" align=\"center\"><span style=\"font-family: \" Antiqua\",serif;\"=\"Antiqua\",serif;\"\">Dom Rodolfo Lu\u00eds Weber<\/span><\/p>\n<p class=\"MsoNormal\" style=\"margin-bottom: .0001pt; text-align: center;\" align=\"center\"><span style=\"font-family: \" Antiqua\",serif;\"=\"Antiqua\",serif;\"\">Arcebispo de Passo Fundo<br \/> 14 de outubro de 2016<\/span><\/p><\/p>\n","protected":false},"excerpt":{"rendered":"<p>No Dia do Professor quero homenagear e parabenizar a todos as pessoas que se dedicam a esta nobre e insubstitu\u00edvel miss\u00e3o, contando a hist\u00f3ria de um professor. \u00c9 uma hist\u00f3ria entre tantas e tantas que poderia ser contada. Professores que permanecem an\u00f4nimos, mas que fizeram e fazem a diferen\u00e7a na vida pessoal dos alunos e [&hellip;]<\/p>\n","protected":false},"author":18,"featured_media":18023,"comment_status":"open","ping_status":"open","sticky":false,"template":"","format":"standard","meta":{"footnotes":""},"categories":[9],"tags":[],"class_list":["post-18723","post","type-post","status-publish","format-standard","has-post-thumbnail","hentry","category-artigos"],"_links":{"self":[{"href":"https:\/\/catolicanet.net\/wp-cnet\/wp-json\/wp\/v2\/posts\/18723","targetHints":{"allow":["GET"]}}],"collection":[{"href":"https:\/\/catolicanet.net\/wp-cnet\/wp-json\/wp\/v2\/posts"}],"about":[{"href":"https:\/\/catolicanet.net\/wp-cnet\/wp-json\/wp\/v2\/types\/post"}],"author":[{"embeddable":true,"href":"https:\/\/catolicanet.net\/wp-cnet\/wp-json\/wp\/v2\/users\/18"}],"replies":[{"embeddable":true,"href":"https:\/\/catolicanet.net\/wp-cnet\/wp-json\/wp\/v2\/comments?post=18723"}],"version-history":[{"count":1,"href":"https:\/\/catolicanet.net\/wp-cnet\/wp-json\/wp\/v2\/posts\/18723\/revisions"}],"predecessor-version":[{"id":21248,"href":"https:\/\/catolicanet.net\/wp-cnet\/wp-json\/wp\/v2\/posts\/18723\/revisions\/21248"}],"wp:featuredmedia":[{"embeddable":true,"href":"https:\/\/catolicanet.net\/wp-cnet\/wp-json\/wp\/v2\/media\/18023"}],"wp:attachment":[{"href":"https:\/\/catolicanet.net\/wp-cnet\/wp-json\/wp\/v2\/media?parent=18723"}],"wp:term":[{"taxonomy":"category","embeddable":true,"href":"https:\/\/catolicanet.net\/wp-cnet\/wp-json\/wp\/v2\/categories?post=18723"},{"taxonomy":"post_tag","embeddable":true,"href":"https:\/\/catolicanet.net\/wp-cnet\/wp-json\/wp\/v2\/tags?post=18723"}],"curies":[{"name":"wp","href":"https:\/\/api.w.org\/{rel}","templated":true}]}}