{"id":18706,"date":"2016-10-13T14:54:57","date_gmt":"2016-10-13T17:54:57","guid":{"rendered":"http:\/\/catolicanet.net\/wp-cnet\/2016\/10\/13\/como-os-educadores-catolicos-podem-responder-a-ideologia-de-genero\/"},"modified":"2017-05-30T16:34:18","modified_gmt":"2017-05-30T19:34:18","slug":"como-os-educadores-catolicos-podem-responder-a-ideologia-de-genero","status":"publish","type":"post","link":"https:\/\/catolicanet.net\/wp-cnet\/como-os-educadores-catolicos-podem-responder-a-ideologia-de-genero\/","title":{"rendered":"Como os educadores cat\u00f3licos podem responder \u00e0 ideologia de g\u00eanero?"},"content":{"rendered":"<p style=\"text-align: justify;\"><img decoding=\"async\" src=\"http:\/\/www.catolicanet.com.br\/images\/stories\/noticias\/xninoescuela_pixabay.jpg\" border=\"0\" align=\"left\" \/>LONDRES, 12 Out. 16 \/ 03:00 pm (ACI).- Um crescente impulso da ideologia de g\u00eanero ter\u00e1 profundas consequ\u00eancias, mas os cat\u00f3licos podem responder da forma correta, disse recentemente o Bispo do Shrewsbury (Reino Unido), Dom Mark Davies, em uma carta pastoral aos l\u00edderes da educa\u00e7\u00e3o em sua Diocese.<\/p>\n<p>\u201cDevemos sempre mostrar amor e entendimento genu\u00edno \u00e0queles que se deixam levar ou caem v\u00edtimas do engano de nossos tempos\u201d, assinalou. \u201cEntretanto, nunca podemos comprometer a verdade de nossa f\u00e9 nem permitir que a verdade sobre a pessoa humana seja obscurecida, porque isso seria uma caridade falsa\u201d.<\/p>\n<p>A carta, publicada no \u00faltimo dia 6 de outubro, \u00e9 datada de 29 de setembro, Festa dos Santos Arcanjos. \u00c9 dirigida a professores, diretores de escolas e chefes de educa\u00e7\u00e3o religiosa em sua Diocese, no oeste da Inglaterra.<\/p>\n<p>\u201cAtualmente, h\u00e1 muitas perguntas que surgem no mundo da educa\u00e7\u00e3o, com rela\u00e7\u00e3o \u00e0 ideologia de g\u00eanero que subjaz na transexualidade\u201d, disse, fazendo uma distin\u00e7\u00e3o entre a ideologia e o cuidado por aqueles que est\u00e3o confusos ou sofrendo.<\/p>\n<p>Dom Davies disse que os cat\u00f3licos t\u00eam o dever de acolher as pessoas que possam estar experimentando \u201cdificuldade para identificar seu sexo biol\u00f3gico\u201d.<\/p>\n<p>\u201cNossa aproxima\u00e7\u00e3o crist\u00e3 \u00e0s pessoas em qualquer tipo de confus\u00e3o e sofrimento sempre deve ser de respeito, compaix\u00e3o e entendimento, junto com um compromisso de procurar ajuda apropriada\u201d, disse.<\/p>\n<p>O Prelado advertiu as escolas contra aceitar e promover a ideologia de g\u00eanero, dizendo que essa mentalidade est\u00e1 \u201ccome\u00e7ando a impregnar a consci\u00eancia social com consequ\u00eancias de largo alcance\u201d.<\/p>\n<p>Entre os postulados da ideologia de g\u00eanero, indicou Dom Davies, est\u00e1 a afirma\u00e7\u00e3o de que as caracter\u00edsticas f\u00edsicas n\u00e3o determinam quem \u00e9 uma pessoa como homem ou mulher; a afirma\u00e7\u00e3o de que o g\u00eanero \u00e9 simplesmente uma \u201cconstru\u00e7\u00e3o social\u201d; e a no\u00e7\u00e3o de que a escolha pessoal \u00e9 suficiente para determinar o g\u00eanero de uma pessoa.<\/p>\n<p>\u201cE, entretanto, sabemos que o sexo \u00e9 determinado por caracter\u00edsticas f\u00edsicas que come\u00e7am a se desenvolver desde a concep\u00e7\u00e3o\u201d, assinalou.<\/p>\n<p>\u201cAtualmente, a Igreja est\u00e1 sendo chamada a defender esta verdade da pessoa humana\u201d, disse o Prelado. \u201cEncontramo-nos em um momento em que devemos ponderar mais profundamente o amor de Deus por n\u00f3s, revelado na natureza humana que nos d\u00e1 na cria\u00e7\u00e3o, \u00e9 a mesma natureza humana que, no mist\u00e9rio da Encarna\u00e7\u00e3o, Deus Filho tomou para si mesmo ao fazer-se carne\u201d.<\/p>\n<p>Dom Davies disse que as Escrituras, como o Livro do G\u00eanesis, descrevem a diferen\u00e7a sexual como algo desejado por Deus desde o in\u00edcio. Estas diferen\u00e7as \u201ccome\u00e7am a existir quando somos concebidos, como a ci\u00eancia universalmente afirma\u201d.<\/p>\n<p>O Bispo ingl\u00eas disse que a complementariedade dos sexos est\u00e1 \u201cordenada para a procria\u00e7\u00e3o, na qual pai e m\u00e3e colaboram com Deus na cria\u00e7\u00e3o de uma nova pessoa\u201d.<\/p>\n<p>Dom Davies citou os escritos do Papa Francisco, do Papa Em\u00e9rito Bento XVI e de S\u00e3o Jo\u00e3o Paulo II, assim como o Catecismo da Igreja Cat\u00f3lica e um documento de 2016 da Confer\u00eancia de Bispos Cat\u00f3licos dos Estados Unidos sobre as normas federais de educa\u00e7\u00e3o.<\/p>\n<p>Na enc\u00edclica Laudato Si\u2019 do Papa Francisco, por exemplo, o Santo Padre disse que aprender a aceitar o pr\u00f3prio corpo e respeitar seus \u201csignificados\u201d \u00e9 \u201cessencial para uma verdadeira ecologia humana\u201d. Isto inclui valorizar o pr\u00f3prio corpo em sua feminilidade ou masculinidade.<\/p>\n<p>O Papa criticou a atitude que pretende \u201ccancelar a diferen\u00e7a sexual porque j\u00e1 n\u00e3o sabe ser confrontar com a mesma\u201d.<\/p>\n<p>Na exorta\u00e7\u00e3o apost\u00f3lica Amoris Laetitia, o Papa Francisco criticou os programas de educa\u00e7\u00e3o e a legisla\u00e7\u00e3o que promovem \u201cuma identidade pessoal e uma intimidade afetiva radicalmente desvinculadas da diversidade biol\u00f3gica entre homem e mulher\u201d.<\/p>\n<p>Dom Davies disse que a Diocese esperava organizar oportunidades para a reflex\u00e3o sobre as implic\u00e2ncias deste \u201cdesafio radical e ideol\u00f3gico\u201d.<\/p>\n<p>A carta do Bispo foi publicada dias depois que o Papa Francisco criticou a teoria de g\u00eanero como \u201cum grande inimigo do matrim\u00f4nio\u201d, durante sua visita \u00e0 Ge\u00f3rgia. Naquela ocasi\u00e3o, tamb\u00e9m encorajou a enfrentar a \u201ccoloniza\u00e7\u00e3o ideol\u00f3gica\u201d.<\/p>\n<p>Na coletiva de imprensa da viagem de regresso a Roma, depois de visitar a Ge\u00f3rgia e o Azerbaij\u00e3o, o Santo Padre sublinhou a necessidade de acompanhar aqueles que sofrem com sua sexualidade ou identidade sexual.<\/p>\n<p>O Papa criticou tamb\u00e9m \u201ca maldade que se faz hoje com a doutrina\u00e7\u00e3o da teoria de g\u00eanero\u201d.<\/p>\n<p style=\"text-align: justify;\">\u00a0<\/p>\n<p style=\"text-align: justify;\">Fonte: Acidigital<\/p>\n","protected":false},"excerpt":{"rendered":"<p>LONDRES, 12 Out. 16 \/ 03:00 pm (ACI).- Um crescente impulso da ideologia de g\u00eanero ter\u00e1 profundas consequ\u00eancias, mas os cat\u00f3licos podem responder da forma correta, disse recentemente o Bispo do Shrewsbury (Reino Unido), Dom Mark Davies, em uma carta pastoral aos l\u00edderes da educa\u00e7\u00e3o em sua Diocese. \u201cDevemos sempre mostrar amor e entendimento genu\u00edno [&hellip;]<\/p>\n","protected":false},"author":1,"featured_media":18705,"comment_status":"open","ping_status":"open","sticky":false,"template":"","format":"standard","meta":{"footnotes":""},"categories":[4],"tags":[],"class_list":["post-18706","post","type-post","status-publish","format-standard","has-post-thumbnail","hentry","category-cotidiano"],"_links":{"self":[{"href":"https:\/\/catolicanet.net\/wp-cnet\/wp-json\/wp\/v2\/posts\/18706","targetHints":{"allow":["GET"]}}],"collection":[{"href":"https:\/\/catolicanet.net\/wp-cnet\/wp-json\/wp\/v2\/posts"}],"about":[{"href":"https:\/\/catolicanet.net\/wp-cnet\/wp-json\/wp\/v2\/types\/post"}],"author":[{"embeddable":true,"href":"https:\/\/catolicanet.net\/wp-cnet\/wp-json\/wp\/v2\/users\/1"}],"replies":[{"embeddable":true,"href":"https:\/\/catolicanet.net\/wp-cnet\/wp-json\/wp\/v2\/comments?post=18706"}],"version-history":[{"count":1,"href":"https:\/\/catolicanet.net\/wp-cnet\/wp-json\/wp\/v2\/posts\/18706\/revisions"}],"predecessor-version":[{"id":25076,"href":"https:\/\/catolicanet.net\/wp-cnet\/wp-json\/wp\/v2\/posts\/18706\/revisions\/25076"}],"wp:featuredmedia":[{"embeddable":true,"href":"https:\/\/catolicanet.net\/wp-cnet\/wp-json\/wp\/v2\/media\/18705"}],"wp:attachment":[{"href":"https:\/\/catolicanet.net\/wp-cnet\/wp-json\/wp\/v2\/media?parent=18706"}],"wp:term":[{"taxonomy":"category","embeddable":true,"href":"https:\/\/catolicanet.net\/wp-cnet\/wp-json\/wp\/v2\/categories?post=18706"},{"taxonomy":"post_tag","embeddable":true,"href":"https:\/\/catolicanet.net\/wp-cnet\/wp-json\/wp\/v2\/tags?post=18706"}],"curies":[{"name":"wp","href":"https:\/\/api.w.org\/{rel}","templated":true}]}}