{"id":18704,"date":"2016-10-13T14:50:00","date_gmt":"2016-10-13T17:50:00","guid":{"rendered":"http:\/\/catolicanet.net\/wp-cnet\/2016\/10\/13\/segundo-turno-eleitoral-responsavel-do-comunhao-e-libertacao-ressalta-papel-da-educacao\/"},"modified":"2017-05-30T16:34:18","modified_gmt":"2017-05-30T19:34:18","slug":"segundo-turno-eleitoral-responsavel-do-comunhao-e-libertacao-ressalta-papel-da-educacao","status":"publish","type":"post","link":"https:\/\/catolicanet.net\/wp-cnet\/segundo-turno-eleitoral-responsavel-do-comunhao-e-libertacao-ressalta-papel-da-educacao\/","title":{"rendered":"Segundo turno eleitoral: Respons\u00e1vel do Comunh\u00e3o e Liberta\u00e7\u00e3o ressalta papel da educa\u00e7\u00e3o"},"content":{"rendered":"<p style=\"text-align: justify;\"><img decoding=\"async\" src=\"http:\/\/www.catolicanet.com.br\/images\/stories\/noticias\/xurna_eletronica.jpg\" border=\"0\" align=\"left\" \/>REDA\u00c7\u00c3O CENTRAL, 12 Out. 16 \/ 04:00 pm (ACI).- Eleitores de 57 cidades do Brasil voltar\u00e3o \u00e0s urnas no pr\u00f3ximo dia 30 de outubro para o segundo turno das elei\u00e7\u00f5es municipais. Para o respons\u00e1vel nacional do Movimento Comunh\u00e3o e Liberta\u00e7\u00e3o, Marco Montrasi, neste momento cada um deve se questionar sobre sua responsabilidade e, a primeira delas \u00e9 a educa\u00e7\u00e3o.<\/p>\n<p>Em seu artigo intitulado \u2018Entregar o melhor de n\u00f3s mesmos\u2019, Montrasi lembrou que \u201ccada circunst\u00e2ncia, cada acontecimento \u00e9 sempre um novo desafio se estamos minimamente abertos e dispon\u00edveis a nos deixar provocar sem medo pela realidade\u201d. Por isso, considera que \u201ctamb\u00e9m essas elei\u00e7\u00f5es podem ser uma grande ocasi\u00e3o\u201d.<\/p>\n<p>Trata-se de uma boa ocasi\u00e3o, segundo ele, \u201cporque nascem inevitavelmente perguntas que nos recolocam em movimento: qual \u00e9 a minha contribui\u00e7\u00e3o neste momento de t\u00e3o grande confus\u00e3o? \u00c9 poss\u00edvel recome\u00e7ar? Em que deposito a minha esperan\u00e7a? Tenho ainda esperan\u00e7a ou o meu al\u00edvio \u00e9 um simples \u2018amanh\u00e3 vai melhorar\u2019? Qual \u00e9 a minha responsabilidade?\u201d.<\/p>\n<p>\u201cA primeira responsabilidade que temos \u00e9 a de uma educa\u00e7\u00e3o: educar a descobrir o que \u00e9 o nosso \u2018eu\u2019\u201d, explicou.<\/p>\n<p>De acordo com Montrasi, \u201ca origem dos valores (do bem, do bem comum, da vida, da pessoa, &#8230;) est\u00e1 na descoberta daquilo que eu sou, dos desejos de infinito que constituem o meu cora\u00e7\u00e3o\u201d e, com isso, o homem \u201ccome\u00e7a a dar valor \u00e0s coisas\u201d.<\/p>\n<p>\u201cDar sempre in\u00edcio a esse processo, que n\u00e3o \u00e9 \u00f3bvio, \u00e9 como juntar os cacos de um homem despeda\u00e7ado que assim pode come\u00e7ar a dar valor \u00e0s coisas: a uma garrafa, a um livro, at\u00e9 chegar \u00e0 forma de tratar o dinheiro e a coisa p\u00fablica\u201d, assinalou, ao constatar que \u201cesta \u00e9 a crise profunda da qual estamos vendo as consequ\u00eancias: perdemos o valor das coisas porque perdemos a consci\u00eancia do nosso \u2018eu\u2019\u201d.<\/p>\n<p>O respons\u00e1vel do Comunh\u00e3o e Liberta\u00e7\u00e3o citou o Papa Francisco como um bom exemplo, pois \u201cv\u00ea-se a sua esperan\u00e7a e se v\u00ea como esta gera uma presen\u00e7a que n\u00e3o deixa ningu\u00e9m indiferente\u201d. \u201cUm \u2018eu\u2019 vivo que n\u00e3o se lamenta diante das dificuldades do mundo mas se move servindo o homem\u201d, acrescentou.<\/p>\n<p>Marco Montrasi reconheceu que \u201cestamos num momento crucial em que cada um de n\u00f3s pode deixar-se levar pelo pessimismo e pela acusa\u00e7\u00e3o a um mundo corrupto e sem esperan\u00e7a\u201d. Por outro lado, admitiu que cada um tamb\u00e9m pode \u201ccome\u00e7ar a desejar aprender esse processo de constru\u00e7\u00e3o lenta e \u00e1rdua mas real, poss\u00edvel, desenvolvendo uma cultura nova\u201d.<\/p>\n<p>Por fim, recordou as palavras do Papa Francisco, dirigidas ao povo argentino em setembro deste ano, quando o Pont\u00edfice pediu-lhes que \u201ccoloquem a P\u00e1tria nos ombros, essa P\u00e1tria que necessita que cada um de n\u00f3s entregue a ela o melhor de n\u00f3s mesmos, para melhorar, crescer, amadurecer. E isto nos far\u00e1 alcan\u00e7ar aquela cultura do encontro que supera todas as culturas do descarte que hoje no mundo est\u00e3o presentes em toda a parte\u201d.<\/p>\n<p style=\"text-align: justify;\">\u00a0<\/p>\n<p style=\"text-align: justify;\">Fonte: Acidigital<\/p>\n","protected":false},"excerpt":{"rendered":"<p>REDA\u00c7\u00c3O CENTRAL, 12 Out. 16 \/ 04:00 pm (ACI).- Eleitores de 57 cidades do Brasil voltar\u00e3o \u00e0s urnas no pr\u00f3ximo dia 30 de outubro para o segundo turno das elei\u00e7\u00f5es municipais. Para o respons\u00e1vel nacional do Movimento Comunh\u00e3o e Liberta\u00e7\u00e3o, Marco Montrasi, neste momento cada um deve se questionar sobre sua responsabilidade e, a primeira [&hellip;]<\/p>\n","protected":false},"author":1,"featured_media":18703,"comment_status":"open","ping_status":"open","sticky":false,"template":"","format":"standard","meta":{"footnotes":""},"categories":[4],"tags":[],"class_list":["post-18704","post","type-post","status-publish","format-standard","has-post-thumbnail","hentry","category-cotidiano"],"_links":{"self":[{"href":"https:\/\/catolicanet.net\/wp-cnet\/wp-json\/wp\/v2\/posts\/18704","targetHints":{"allow":["GET"]}}],"collection":[{"href":"https:\/\/catolicanet.net\/wp-cnet\/wp-json\/wp\/v2\/posts"}],"about":[{"href":"https:\/\/catolicanet.net\/wp-cnet\/wp-json\/wp\/v2\/types\/post"}],"author":[{"embeddable":true,"href":"https:\/\/catolicanet.net\/wp-cnet\/wp-json\/wp\/v2\/users\/1"}],"replies":[{"embeddable":true,"href":"https:\/\/catolicanet.net\/wp-cnet\/wp-json\/wp\/v2\/comments?post=18704"}],"version-history":[{"count":1,"href":"https:\/\/catolicanet.net\/wp-cnet\/wp-json\/wp\/v2\/posts\/18704\/revisions"}],"predecessor-version":[{"id":25077,"href":"https:\/\/catolicanet.net\/wp-cnet\/wp-json\/wp\/v2\/posts\/18704\/revisions\/25077"}],"wp:featuredmedia":[{"embeddable":true,"href":"https:\/\/catolicanet.net\/wp-cnet\/wp-json\/wp\/v2\/media\/18703"}],"wp:attachment":[{"href":"https:\/\/catolicanet.net\/wp-cnet\/wp-json\/wp\/v2\/media?parent=18704"}],"wp:term":[{"taxonomy":"category","embeddable":true,"href":"https:\/\/catolicanet.net\/wp-cnet\/wp-json\/wp\/v2\/categories?post=18704"},{"taxonomy":"post_tag","embeddable":true,"href":"https:\/\/catolicanet.net\/wp-cnet\/wp-json\/wp\/v2\/tags?post=18704"}],"curies":[{"name":"wp","href":"https:\/\/api.w.org\/{rel}","templated":true}]}}