{"id":18679,"date":"2016-10-13T11:58:21","date_gmt":"2016-10-13T14:58:21","guid":{"rendered":"http:\/\/catolicanet.net\/wp-cnet\/2016\/10\/13\/cnbb-divulga-saudacao-a-dom-sergio-da-rocha\/"},"modified":"2017-05-26T14:10:07","modified_gmt":"2017-05-26T17:10:07","slug":"cnbb-divulga-saudacao-a-dom-sergio-da-rocha","status":"publish","type":"post","link":"https:\/\/catolicanet.net\/wp-cnet\/cnbb-divulga-saudacao-a-dom-sergio-da-rocha\/","title":{"rendered":"CNBB divulga sauda\u00e7\u00e3o a dom Sergio da Rocha"},"content":{"rendered":"<p style=\"text-align: justify;\"><img decoding=\"async\" src=\"http:\/\/www.catolicanet.com.br\/images\/stories\/noticias\/logo-da-cnbb.jpg\" border=\"0\" align=\"left\" \/>Bispo ser\u00e1 criado cardeal no pr\u00f3ximo dia 19 de novembro<\/p>\n<p>A Confer\u00eancia Nacional dos Bispos do Brasil (CNBB) emitiu nesta ter\u00e7a-feira, 11, sauda\u00e7\u00e3o a dom Sergio da Rocha, por ocasi\u00e3o do an\u00fancio da cria\u00e7\u00e3o como cardeal feito pelo papa Francisco, no \u00faltimo domingo, 9. No texto, assinado pelo arcebispo de Salvador (BA) e vice-presidente da CNBB, dom Murilo Krieger e pelo bispo auxiliar de Bras\u00edlia (DF) e secret\u00e1rio geral da CNBB, dom Leonardo Steiner, a entidade acolhe &#8220;com alegria a decis\u00e3o do papa e acompanha com ora\u00e7\u00e3o&#8221;.<\/p>\n<p>Confira, abaixo, a mensagem na \u00edntegra.<\/p>\n<p>Sauda\u00e7\u00e3o da CNBB a dom Sergio da Rocha por ocasi\u00e3o do an\u00fancio da cria\u00e7\u00e3o como cardeal<\/p>\n<p>Bras\u00edlia, 11 de outubro de 2016<\/p>\n<p>Car\u00edssimo Presidente.<\/p>\n<p>Na v\u00e9spera da celebra\u00e7\u00e3o da Festa da Padroeira do Brasil, nos unimos ao conjunto de vozes que surgiu em todo o Pa\u00eds para saud\u00e1-lo e manifestar a alegria em acolher a not\u00edcia de que o Papa Francisco vai cri\u00e1-lo Cardeal no pr\u00f3ximo dia 19 de novembro.<\/p>\n<p>O que assistimos nessas \u00faltimas horas \u2013 em meio \u00e0 surpresa da novidade e por meio de suas declara\u00e7\u00f5es p\u00fablicas &#8211; apenas confirma o que testemunhamos na companhia do senhor no cotidiano da nossa caminhada na CNBB: humildade em acolher um t\u00edtulo que evoca uma miss\u00e3o, simplicidade no modo de lidar com as expectativas a respeito do presente dado pela Igreja e recebido pelo senhor e muita simpatia em permanecer na realiza\u00e7\u00e3o serena do seu pastoreio em meio ao barulho midi\u00e1tico provocado pelos fatos.<\/p>\n<p>O seu cardinalado, muito al\u00e9m das considera\u00e7\u00f5es a respeito de prest\u00edgio e de import\u00e2ncia institucional, \u00e9 sinal da confian\u00e7a que o Santo Padre e Igreja nutrem pelo senhor. \u00c9 sinal de carinho para com o povo brasileiro, o povo ao qual senhor serve com tanta dedica\u00e7\u00e3o. E, justamente por isso, \u00e9 que celebramos juntos essa decis\u00e3o do Papa Francisco e o acompanhamos com a nossa ora\u00e7\u00e3o.<\/p>\n<p>Sua presen\u00e7a cheia de alegria nos d\u00e1 sinais de que vale a pena seguir na fidelidade a Cristo e a seu Evangelho. Parab\u00e9ns pela disponibilidade em doar sua energia de pastor em mais essa tarefa que a Igreja lhe confia! Conte conosco.<\/p>\n<p>Em Cristo,<\/p>\n<p>Dom Murilo Krieger<\/p>\n<p>Arcebispo de Salvador (BA)<\/p>\n<p>Vice-Presidente da CNBB<\/p>\n<p>Dom Leonardo Ulrich Steiner<\/p>\n<p>Bispo auxiliar de Bras\u00edlia (DF) <\/p>\n<p>Secret\u00e1rio Geral da CNBB<\/p>\n<p><\/p>\n<p style=\"text-align: justify;\">Fonte: CNBB<\/p>\n","protected":false},"excerpt":{"rendered":"<p>Bispo ser\u00e1 criado cardeal no pr\u00f3ximo dia 19 de novembro A Confer\u00eancia Nacional dos Bispos do Brasil (CNBB) emitiu nesta ter\u00e7a-feira, 11, sauda\u00e7\u00e3o a dom Sergio da Rocha, por ocasi\u00e3o do an\u00fancio da cria\u00e7\u00e3o como cardeal feito pelo papa Francisco, no \u00faltimo domingo, 9. No texto, assinado pelo arcebispo de Salvador (BA) e vice-presidente da [&hellip;]<\/p>\n","protected":false},"author":1,"featured_media":18335,"comment_status":"open","ping_status":"open","sticky":false,"template":"","format":"standard","meta":{"footnotes":""},"categories":[7],"tags":[],"class_list":["post-18679","post","type-post","status-publish","format-standard","has-post-thumbnail","hentry","category-cnbb"],"_links":{"self":[{"href":"https:\/\/catolicanet.net\/wp-cnet\/wp-json\/wp\/v2\/posts\/18679","targetHints":{"allow":["GET"]}}],"collection":[{"href":"https:\/\/catolicanet.net\/wp-cnet\/wp-json\/wp\/v2\/posts"}],"about":[{"href":"https:\/\/catolicanet.net\/wp-cnet\/wp-json\/wp\/v2\/types\/post"}],"author":[{"embeddable":true,"href":"https:\/\/catolicanet.net\/wp-cnet\/wp-json\/wp\/v2\/users\/1"}],"replies":[{"embeddable":true,"href":"https:\/\/catolicanet.net\/wp-cnet\/wp-json\/wp\/v2\/comments?post=18679"}],"version-history":[{"count":1,"href":"https:\/\/catolicanet.net\/wp-cnet\/wp-json\/wp\/v2\/posts\/18679\/revisions"}],"predecessor-version":[{"id":23401,"href":"https:\/\/catolicanet.net\/wp-cnet\/wp-json\/wp\/v2\/posts\/18679\/revisions\/23401"}],"wp:featuredmedia":[{"embeddable":true,"href":"https:\/\/catolicanet.net\/wp-cnet\/wp-json\/wp\/v2\/media\/18335"}],"wp:attachment":[{"href":"https:\/\/catolicanet.net\/wp-cnet\/wp-json\/wp\/v2\/media?parent=18679"}],"wp:term":[{"taxonomy":"category","embeddable":true,"href":"https:\/\/catolicanet.net\/wp-cnet\/wp-json\/wp\/v2\/categories?post=18679"},{"taxonomy":"post_tag","embeddable":true,"href":"https:\/\/catolicanet.net\/wp-cnet\/wp-json\/wp\/v2\/tags?post=18679"}],"curies":[{"name":"wp","href":"https:\/\/api.w.org\/{rel}","templated":true}]}}