{"id":18674,"date":"2016-10-13T11:39:30","date_gmt":"2016-10-13T14:39:30","guid":{"rendered":"http:\/\/catolicanet.net\/wp-cnet\/2016\/10\/13\/missoes\/"},"modified":"2017-05-05T15:39:22","modified_gmt":"2017-05-05T18:39:22","slug":"missoes","status":"publish","type":"post","link":"https:\/\/catolicanet.net\/wp-cnet\/missoes\/","title":{"rendered":"Miss\u00f5es"},"content":{"rendered":"<p style=\"text-align: justify;\">A Igreja no Brasil dedica o m\u00eas de outubro \u00e0s miss\u00f5es. Cada ano h\u00e1 um tema espec\u00edfico. Outubro \u00e9 o M\u00eas das Miss\u00f5es, um per\u00edodo de intensifica\u00e7\u00e3o das iniciativas de anima\u00e7\u00e3o e coopera\u00e7\u00e3o mission\u00e1ria em todo o mundo. O objetivo \u00e9 sensibilizar, despertar voca\u00e7\u00f5es mission\u00e1rias e realizar a Coleta no Dia Mundial das Miss\u00f5es, pen\u00faltimo domingo de outubro (este ano dias 22 e 23), conforme institu\u00eddo pelo Papa Pio XI em 1926.<br \/> O tema escolhido para a Campanha Mission\u00e1ria em 2016: \u201cCuidar da Casa Comum \u00e9 nossa miss\u00e3o\u201d. O lema \u00e9 extra\u00eddo da narrativa da cria\u00e7\u00e3o no livro do G\u00eanesis: \u201cDeus viu que tudo era muito bom\u201d. (Gn 1, 31). O projeto do Criador \u00e9 maravilhoso, mas encontra-se amea\u00e7ado! A preocupa\u00e7\u00e3o pela ecologia parte de dois gritos: o grito dos pobres, que mais sofrem, e o grito da terra, que geme pela explora\u00e7\u00e3o. A tem\u00e1tica retoma a Campanha da Fraternidade Ecum\u00eanica deste ano e amplia a miss\u00e3o de cuidar da vida em todo o planeta. <br \/> Na Enc\u00edclica Laudato Si\u2019, o Papa Francisco adverte que \u201ca exist\u00eancia humana se baseia sobre tr\u00eas rela\u00e7\u00f5es intimamente ligadas: as rela\u00e7\u00f5es com Deus, com o pr\u00f3ximo e com a terra\u201d. (LS 66). E lan\u00e7a uma pergunta: \u201cQue tipo de mundo queremos deixar a quem nos suceder, \u00e0s crian\u00e7as que est\u00e3o crescendo\u201d? (LS 160). Em nossa \u201cCasa Comum\u201d tudo est\u00e1 interligado, unido por la\u00e7os invis\u00edveis, como uma \u00fanica fam\u00edlia universal. E n\u00f3s recebemos de Deus a miss\u00e3o de cuidar dessas rela\u00e7\u00f5es. Isso tem a ver com a miss\u00e3o da Igreja. Queremos fazer do cuidado do planeta a nossa miss\u00e3o at\u00e9 os confins do mundo. Diante da crise socioambiental, nem todos temos de ser especialistas e saber tudo, mas temos o dever de mudar nossos h\u00e1bitos e apoiar a\u00e7\u00f5es pr\u00e1ticas.<br \/>Outubro \u00e9 um tempo forte para se intensificar as ora\u00e7\u00f5es e os trabalhos de miss\u00e3o. A dimens\u00e3o mission\u00e1ria \u00e9 a mais profunda identidade da Igreja. Ela existe para continuar a miss\u00e3o de Cristo aqui na Terra. No primeiro dia do m\u00eas, a Igreja celebra o dia de Santa Terezinha do Menino Jesus, a padroeira das miss\u00f5es. Uma santa doutora da Igreja que faleceu aos 24 anos, no convento; \u00e9 conhecida por ser uma santa com vida simples, sem feitos extraordin\u00e1rios. Por ser a padroeira das miss\u00f5es, o exemplo da vida de Santa Terezinha faz com que todos os crist\u00e3os se sintam compromissados com a evangeliza\u00e7\u00e3o, em levar a Palavra de Deus a todos os lugares e a todas as pessoas. <br \/>A miss\u00e3o nos leva a viver o encontro com Jesus num dinamismo de convers\u00e3o pessoal, pastoral e eclesial, capaz de impulsionar \u00e0 santidade e ao apostolado os batizados, e de atrair os que abandonaram a Igreja, os que est\u00e3o distantes do influxo do Evangelho e os que ainda n\u00e3o experimentaram o dom da f\u00e9. Outubro \u00e9 o m\u00eas mission\u00e1rio, assim como o m\u00eas de agosto \u00e9 dedicado \u00e0s Voca\u00e7\u00f5es, e setembro \u00e0 B\u00edblia.<br \/>No Brasil, as Pontif\u00edcias Obras Mission\u00e1rias (POM), com sede em Bras\u00edlia (DF), t\u00eam a responsabilidade de organizar, todos os anos, a Campanha Mission\u00e1ria, na qual colaboram a CNBB por meio da Comiss\u00e3o para a A\u00e7\u00e3o Mission\u00e1ria e Coopera\u00e7\u00e3o Intereclesial, a Comiss\u00e3o para a Amaz\u00f4nia e outros organismos que comp\u00f5em o Conselho Mission\u00e1rio Nacional (Comina). <br \/>O objetivo \u00e9 criar comunh\u00e3o entre os diversos aspectos da Miss\u00e3o e incentivar para o compromisso. Todas as fam\u00edlias e comunidades s\u00e3o convidadas a viverem com maior intensidade o M\u00eas das Miss\u00f5es. Com isso, a nossa Igreja no Brasil se fortalece e se abre com maior generosidade para a Miss\u00e3o Universal al\u00e9m-fronteiras. Conforme o apelo do papa Francisco, \u201cn\u00e3o nos deixemos roubar o entusiasmo mission\u00e1rio\u201d! (EG 80).<br \/>A inten\u00e7\u00e3o em outubro \u00e9 promover uma conscientiza\u00e7\u00e3o para lembrar os fi\u00e9is crist\u00e3os da miss\u00e3o de cada um. Os religiosos, religiosas, sacerdotes, membros de novas comunidades s\u00e3o mission\u00e1rios e assim denominados, mas os leigos tamb\u00e9m t\u00eam o dever de evangelizar.<br \/>Segundo o Papa Francisco: \u201co trabalho mission\u00e1rio dedica esfor\u00e7o e tempo, como o vinhateiro misericordioso do Evangelho (cf. Lc 13, 7-9; Jo 15, 1), com paci\u00eancia para esperar os frutos depois de anos de lenta forma\u00e7\u00e3o; geram-se assim pessoas capazes de evangelizar e fazer chegar o Evangelho onde ningu\u00e9m esperaria v\u00ea-lo realizado. A Igreja pode ser definida \u00abm\u00e3e\u00bb, mesmo para aqueles que poder\u00e3o um dia chegar \u00e0 f\u00e9 em Cristo. Espero, pois, que o povo santo de Deus exer\u00e7a o servi\u00e7o materno da miseric\u00f3rdia, que tanto ajuda os povos que ainda n\u00e3o conhecem o Senhor a encontr\u00e1-Lo e a am\u00e1-Lo. Com efeito, a f\u00e9 \u00e9 dom de Deus e n\u00e3o fruto de proselitismo, mas cresce gra\u00e7as \u00e0 f\u00e9 e \u00e0 caridade dos evangelizadores, que s\u00e3o testemunhas de Cristo. Quando os disc\u00edpulos de Jesus percorrem as estradas do mundo, \u00e9-lhes pedido aquele amor sem medida que tende a aplicar a todos a mesma medida do Senhor; anunciamos o dom mais belo e maior que Ele nos ofereceu: a sua vida e o seu amor\u201d. (Mensagem do Papa Francisco para o dia mundial das miss\u00f5es, Vaticano 15 de Maio de 2016, http:\/\/w2.vatican.va\/content\/francesco\/pt\/messages\/missions\/documents\/papa-francesco_20160515_giornata-missionaria2016.html, acessado pela \u00faltima vez em 05 de outubro de 2016).<br \/>Portanto, pe\u00e7amos a Maria, modelo mission\u00e1rio para a Igreja, que ensine a todos, homens, mulheres e fam\u00edlias, a gerar e guardar por todo o lado a presen\u00e7a viva e misteriosa do Senhor Ressuscitado, que renova e enche de jubilosa miseric\u00f3rdia as rela\u00e7\u00f5es entre as pessoas, as culturas e os povos.<\/p>\n","protected":false},"excerpt":{"rendered":"<p>A Igreja no Brasil dedica o m\u00eas de outubro \u00e0s miss\u00f5es. Cada ano h\u00e1 um tema espec\u00edfico. Outubro \u00e9 o M\u00eas das Miss\u00f5es, um per\u00edodo de intensifica\u00e7\u00e3o das iniciativas de anima\u00e7\u00e3o e coopera\u00e7\u00e3o mission\u00e1ria em todo o mundo. O objetivo \u00e9 sensibilizar, despertar voca\u00e7\u00f5es mission\u00e1rias e realizar a Coleta no Dia Mundial das Miss\u00f5es, pen\u00faltimo [&hellip;]<\/p>\n","protected":false},"author":5,"featured_media":0,"comment_status":"open","ping_status":"open","sticky":false,"template":"","format":"standard","meta":{"footnotes":""},"categories":[9],"tags":[],"class_list":["post-18674","post","type-post","status-publish","format-standard","hentry","category-artigos"],"_links":{"self":[{"href":"https:\/\/catolicanet.net\/wp-cnet\/wp-json\/wp\/v2\/posts\/18674","targetHints":{"allow":["GET"]}}],"collection":[{"href":"https:\/\/catolicanet.net\/wp-cnet\/wp-json\/wp\/v2\/posts"}],"about":[{"href":"https:\/\/catolicanet.net\/wp-cnet\/wp-json\/wp\/v2\/types\/post"}],"author":[{"embeddable":true,"href":"https:\/\/catolicanet.net\/wp-cnet\/wp-json\/wp\/v2\/users\/5"}],"replies":[{"embeddable":true,"href":"https:\/\/catolicanet.net\/wp-cnet\/wp-json\/wp\/v2\/comments?post=18674"}],"version-history":[{"count":1,"href":"https:\/\/catolicanet.net\/wp-cnet\/wp-json\/wp\/v2\/posts\/18674\/revisions"}],"predecessor-version":[{"id":21251,"href":"https:\/\/catolicanet.net\/wp-cnet\/wp-json\/wp\/v2\/posts\/18674\/revisions\/21251"}],"wp:attachment":[{"href":"https:\/\/catolicanet.net\/wp-cnet\/wp-json\/wp\/v2\/media?parent=18674"}],"wp:term":[{"taxonomy":"category","embeddable":true,"href":"https:\/\/catolicanet.net\/wp-cnet\/wp-json\/wp\/v2\/categories?post=18674"},{"taxonomy":"post_tag","embeddable":true,"href":"https:\/\/catolicanet.net\/wp-cnet\/wp-json\/wp\/v2\/tags?post=18674"}],"curies":[{"name":"wp","href":"https:\/\/api.w.org\/{rel}","templated":true}]}}