{"id":18632,"date":"2016-10-11T13:00:26","date_gmt":"2016-10-11T16:00:26","guid":{"rendered":"http:\/\/catolicanet.net\/wp-cnet\/2016\/10\/11\/igreja-tera-em-breve-4-novos-beatos-dois-sacerdotes-e-duas-religiosas\/"},"modified":"2017-06-02T10:59:58","modified_gmt":"2017-06-02T13:59:58","slug":"igreja-tera-em-breve-4-novos-beatos-dois-sacerdotes-e-duas-religiosas","status":"publish","type":"post","link":"https:\/\/catolicanet.net\/wp-cnet\/igreja-tera-em-breve-4-novos-beatos-dois-sacerdotes-e-duas-religiosas\/","title":{"rendered":"Igreja ter\u00e1 em breve 4 novos Beatos: dois sacerdotes e duas religiosas"},"content":{"rendered":"<p style=\"text-align: justify;\"><img decoding=\"async\" src=\"http:\/\/www.catolicanet.com.br\/images\/stories\/noticias\/ansa1063219_articolo.jpg\" border=\"0\" align=\"left\" \/>Cidade do Vaticano &#8211; O Papa Francisco recebeu em audi\u00eancia privada esta segunda-feira (10\/10), no Vaticano, o prefeito da Congrega\u00e7\u00e3o das Causas dos Santos, Cardeal Angelo Amato, durante a qual o Pont\u00edfice autorizou o referido dicast\u00e9rio a promulgar os decretos concernentes:<\/p>\n<p>&#8211; \u00e0s virtudes heroicas do Servo de Deus Lu\u00eds Zambrano Blanco, Sacerdote diocesano e Fundador do Instituto Secular Casa de Nazar\u00e9; nascido em 23 de dezembro de 1909 e falecido em 14 de fevereiro de 1983;<\/p>\n<p>&#8211; \u00e0s virtudes heroicas do Servo de Deus Tib\u00farcio Arn\u00e1iz Mu\u00f1oz, Sacerdote professo da Companhia de Jesus (Ordem dos Jesu\u00edtas); nascido em 11 de agosto de 1865 e falecido em 18 de julho de 1926;<\/p>\n<p>&#8211; \u00e0s virtudes heroicas da Serva de Deus Maria Teresa Spinelli, Fundadora da Congrega\u00e7\u00e3o das Irm\u00e3s Agostinianas Servas de Jesus e Maria; nascida em 1\u00ba de outubro de 1789 e falecida em 22 de janeiro de 1850;<\/p>\n<p>&#8211; \u00e0s virtudes heroicas da Serva de Deus Maria Costanza Panas (nome de Batismo: In\u00eas Pac\u00edfica), Monja professa das Clarissas Capuchinhas do Mosteiro da cidade de Fabriano; nascida em 5 de janeiro de 1896 e falecida em 28 de maio de 1963.<\/p>\n<p style=\"text-align: justify;\">\u00a0<\/p>\n<p style=\"text-align: justify;\">Fonte: R\u00e1dio Vaticano<\/p>\n","protected":false},"excerpt":{"rendered":"<p>Cidade do Vaticano &#8211; O Papa Francisco recebeu em audi\u00eancia privada esta segunda-feira (10\/10), no Vaticano, o prefeito da Congrega\u00e7\u00e3o das Causas dos Santos, Cardeal Angelo Amato, durante a qual o Pont\u00edfice autorizou o referido dicast\u00e9rio a promulgar os decretos concernentes: &#8211; \u00e0s virtudes heroicas do Servo de Deus Lu\u00eds Zambrano Blanco, Sacerdote diocesano e [&hellip;]<\/p>\n","protected":false},"author":1,"featured_media":17630,"comment_status":"open","ping_status":"open","sticky":false,"template":"","format":"standard","meta":{"footnotes":""},"categories":[3],"tags":[],"class_list":["post-18632","post","type-post","status-publish","format-standard","has-post-thumbnail","hentry","category-vaticano"],"_links":{"self":[{"href":"https:\/\/catolicanet.net\/wp-cnet\/wp-json\/wp\/v2\/posts\/18632","targetHints":{"allow":["GET"]}}],"collection":[{"href":"https:\/\/catolicanet.net\/wp-cnet\/wp-json\/wp\/v2\/posts"}],"about":[{"href":"https:\/\/catolicanet.net\/wp-cnet\/wp-json\/wp\/v2\/types\/post"}],"author":[{"embeddable":true,"href":"https:\/\/catolicanet.net\/wp-cnet\/wp-json\/wp\/v2\/users\/1"}],"replies":[{"embeddable":true,"href":"https:\/\/catolicanet.net\/wp-cnet\/wp-json\/wp\/v2\/comments?post=18632"}],"version-history":[{"count":1,"href":"https:\/\/catolicanet.net\/wp-cnet\/wp-json\/wp\/v2\/posts\/18632\/revisions"}],"predecessor-version":[{"id":27428,"href":"https:\/\/catolicanet.net\/wp-cnet\/wp-json\/wp\/v2\/posts\/18632\/revisions\/27428"}],"wp:featuredmedia":[{"embeddable":true,"href":"https:\/\/catolicanet.net\/wp-cnet\/wp-json\/wp\/v2\/media\/17630"}],"wp:attachment":[{"href":"https:\/\/catolicanet.net\/wp-cnet\/wp-json\/wp\/v2\/media?parent=18632"}],"wp:term":[{"taxonomy":"category","embeddable":true,"href":"https:\/\/catolicanet.net\/wp-cnet\/wp-json\/wp\/v2\/categories?post=18632"},{"taxonomy":"post_tag","embeddable":true,"href":"https:\/\/catolicanet.net\/wp-cnet\/wp-json\/wp\/v2\/tags?post=18632"}],"curies":[{"name":"wp","href":"https:\/\/api.w.org\/{rel}","templated":true}]}}