{"id":18631,"date":"2016-10-11T12:54:16","date_gmt":"2016-10-11T15:54:16","guid":{"rendered":"http:\/\/catolicanet.net\/wp-cnet\/2016\/10\/11\/papa-nao-a-religiao-da-maquiagem-refutar-aparencias\/"},"modified":"2017-06-02T13:46:11","modified_gmt":"2017-06-02T16:46:11","slug":"papa-nao-a-religiao-da-maquiagem-refutar-aparencias","status":"publish","type":"post","link":"https:\/\/catolicanet.net\/wp-cnet\/papa-nao-a-religiao-da-maquiagem-refutar-aparencias\/","title":{"rendered":"Papa: n\u00e3o \u00e0 \u201creligi\u00e3o da maquiagem\u201d, refutar apar\u00eancias"},"content":{"rendered":"<p style=\"text-align: justify;\"><img decoding=\"async\" src=\"http:\/\/www.catolicanet.com.br\/images\/stories\/papas\/ossrom134026_articolo.jpg\" border=\"0\" align=\"left\" \/>R\u00e1dio Vaticano (RV) \u2013 A liberdade crist\u00e3 vem de Jesus, \u201cn\u00e3o das nossas obras\u201d. O Papa desenvolveu sua medita\u00e7\u00e3o matutina nesta ter\u00e7a-feira (11\/10), a partir da Carta de S\u00e3o Paulo aos G\u00e1latas para ent\u00e3o refletir sobre o Evangelho do dia, no qual Jesus repreende um fariseu que s\u00f3 dava aten\u00e7\u00e3o \u00e0s apar\u00eancias e n\u00e3o \u00e0 subst\u00e2ncia da f\u00e9.<\/p>\n<p style=\"text-align: justify;\">\u00a0<\/p>\n<p style=\"text-align: justify;\"><a href=\"http:\/\/media02.radiovaticana.va\/audio\/audio2\/mp3\/00552255.mp3\">Clique aqui para ouvir:<\/a><\/p>\n<p style=\"text-align: justify;\">\u00a0<\/p>\n<p style=\"text-align: justify;\">\u00c0quele doutor da lei, disse o Papa, que havia criticado Jesus porque n\u00e3o havia feito as ablu\u00e7\u00f5es antes do almo\u00e7o o Senhor responde claramente:<\/p>\n<p>\u201c\u2018Voc\u00eas fariseus limpam o externo do copo e do prato mas por dentro voc\u00eas est\u00e3o cheio de avidez e de maldade\u2019. Jesus repete isso muitas vezes no Evangelho a esta gente: \u2018voc\u00eas s\u00e3o maus por dentro, n\u00e3o \u00e9 justo, n\u00e3o \u00e9 livre. Voc\u00eas s\u00e3o escravos porque n\u00e3o aceitaram a justi\u00e7a que vem de Deus, a justi\u00e7a que nos deu Jesus\u2019\u201d.<\/p>\n<p style=\"text-align: justify;\">\u00a0<\/p>\n<p style=\"text-align: justify;\"><a href=\"https:\/\/www.youtube.com\/watch?v=o8qVT7_D6yU\">Clique aqui para assistir:<\/a><\/p>\n<p style=\"text-align: justify;\">\u00a0<\/p>\n<p style=\"text-align: justify;\">Em um outro trecho do Evangelho, prosseguiu o Papa, Jesus pede que se reze sem que se seja visto, sem aparecer. Alguns, notou o Papa, eram \u201ccaras de pau\u201d, \u201cn\u00e3o tinham vergonha\u201d: rezavam e davam esmolas para que lhes admirassem. O Senhor, ao contr\u00e1rio, indica a estrada da humildade.<\/p>\n<p>N\u00e3o \u00e0 \u201creligi\u00e3o da maquiagem\u201d<\/p>\n<p>\u201cO que importa \u2013 reflete o Papa e nos diz Jesus \u2013 \u00e9 a liberdade que nos deu a reden\u00e7\u00e3o, que nos deu o amor, que nos deu a recria\u00e7\u00e3o do Pai\u201d:<\/p>\n<p>\u201cAquela liberdade interna, aquela liberdade de se fazer o bem escondido, sem tocar os trompetes, porque a estrada da verdadeira religi\u00e3o \u00e9 a mesma de Jesus: a humildade, a humilha\u00e7\u00e3o. E Jesus, Paulo diz aos Filipenses, humilhou a Si mesmo, esvaziou a Si mesmo. \u00c9 a \u00fanica estrada para nos tirar o ego\u00edsmo, a cobi\u00e7a, a soberba, a vaidade, a mundanidade. Ao contr\u00e1rio, esta gente que Jesus repreende \u00e9 gente que segue a religi\u00e3o da maquiagem: a apar\u00eancia, o aparecer, fingir parecer mas por dentro&#8230; Jesus usa para esta gente uma imagem muito forte: \u2018Voc\u00eas s\u00e3o t\u00famulos reluzentes, bonitos por fora mas dentro cheios de ossos de mortos e podrid\u00e3o\u2019\u201d.<\/p>\n<p>Rejeitar as apar\u00eancias<\/p>\n<p>\u201cJesus \u2013 retomou Francisco \u2013 nos chama, nos convida a fazer o bem com humildade\u201d. \u201cVoc\u00ea \u2013 disse \u2013 pode fazer todo o bem que quiser mas se n\u00e3o o faz humildemente, como nos ensina Jesus, este bem n\u00e3o serve, porque \u00e9 um bem que nasce de voc\u00ea mesmo, de sua seguran\u00e7a e n\u00e3o da reden\u00e7\u00e3o que Jesus nos deu\u201d. A reden\u00e7\u00e3o, acrescentou, \u201cvem pela estrada da humildade e das humilha\u00e7\u00f5es porque n\u00e3o se chega \u00e0 humildade sem as humilha\u00e7\u00f5es. E vemos Jesus humilhado na cruz\u201d:<\/p>\n<p>\u201cPe\u00e7amos ao Senhor que n\u00e3o nos cansemos de caminhar por esta estrada, de n\u00e3o nos cansarmos de rejeitar esta religi\u00e3o da apar\u00eancia, do parecer, do fingir ser&#8230; E caminhar silenciosamente fazendo o bem, gratuitamente como n\u00f3s gratuitamente recebemos a nossa liberdade interior. E que Ele proteja esta liberdade interior de todos n\u00f3s. Pe\u00e7amos esta gra\u00e7a\u201d.<\/p>\n<p style=\"text-align: justify;\">\u00a0<\/p>\n<p style=\"text-align: justify;\">Fonte: R\u00e1dio Vaticano<\/p>\n","protected":false},"excerpt":{"rendered":"<p>R\u00e1dio Vaticano (RV) \u2013 A liberdade crist\u00e3 vem de Jesus, \u201cn\u00e3o das nossas obras\u201d. O Papa desenvolveu sua medita\u00e7\u00e3o matutina nesta ter\u00e7a-feira (11\/10), a partir da Carta de S\u00e3o Paulo aos G\u00e1latas para ent\u00e3o refletir sobre o Evangelho do dia, no qual Jesus repreende um fariseu que s\u00f3 dava aten\u00e7\u00e3o \u00e0s apar\u00eancias e n\u00e3o \u00e0 [&hellip;]<\/p>\n","protected":false},"author":1,"featured_media":18630,"comment_status":"open","ping_status":"open","sticky":false,"template":"","format":"standard","meta":{"footnotes":""},"categories":[3],"tags":[],"class_list":["post-18631","post","type-post","status-publish","format-standard","has-post-thumbnail","hentry","category-vaticano"],"_links":{"self":[{"href":"https:\/\/catolicanet.net\/wp-cnet\/wp-json\/wp\/v2\/posts\/18631","targetHints":{"allow":["GET"]}}],"collection":[{"href":"https:\/\/catolicanet.net\/wp-cnet\/wp-json\/wp\/v2\/posts"}],"about":[{"href":"https:\/\/catolicanet.net\/wp-cnet\/wp-json\/wp\/v2\/types\/post"}],"author":[{"embeddable":true,"href":"https:\/\/catolicanet.net\/wp-cnet\/wp-json\/wp\/v2\/users\/1"}],"replies":[{"embeddable":true,"href":"https:\/\/catolicanet.net\/wp-cnet\/wp-json\/wp\/v2\/comments?post=18631"}],"version-history":[{"count":1,"href":"https:\/\/catolicanet.net\/wp-cnet\/wp-json\/wp\/v2\/posts\/18631\/revisions"}],"predecessor-version":[{"id":27429,"href":"https:\/\/catolicanet.net\/wp-cnet\/wp-json\/wp\/v2\/posts\/18631\/revisions\/27429"}],"wp:featuredmedia":[{"embeddable":true,"href":"https:\/\/catolicanet.net\/wp-cnet\/wp-json\/wp\/v2\/media\/18630"}],"wp:attachment":[{"href":"https:\/\/catolicanet.net\/wp-cnet\/wp-json\/wp\/v2\/media?parent=18631"}],"wp:term":[{"taxonomy":"category","embeddable":true,"href":"https:\/\/catolicanet.net\/wp-cnet\/wp-json\/wp\/v2\/categories?post=18631"},{"taxonomy":"post_tag","embeddable":true,"href":"https:\/\/catolicanet.net\/wp-cnet\/wp-json\/wp\/v2\/tags?post=18631"}],"curies":[{"name":"wp","href":"https:\/\/api.w.org\/{rel}","templated":true}]}}