{"id":18629,"date":"2016-10-11T12:19:54","date_gmt":"2016-10-11T15:19:54","guid":{"rendered":"http:\/\/catolicanet.net\/wp-cnet\/2016\/10\/11\/regional-centro-oeste-promove-jornada-sobre-qcomunicacao-e-liturgiaq\/"},"modified":"2017-05-26T14:11:25","modified_gmt":"2017-05-26T17:11:25","slug":"regional-centro-oeste-promove-jornada-sobre-qcomunicacao-e-liturgiaq","status":"publish","type":"post","link":"https:\/\/catolicanet.net\/wp-cnet\/regional-centro-oeste-promove-jornada-sobre-qcomunicacao-e-liturgiaq\/","title":{"rendered":"Regional Centro-Oeste promove Jornada sobre &#8220;Comunica\u00e7\u00e3o e Liturgia&#8221;"},"content":{"rendered":"<p style=\"text-align: justify;\"><img decoding=\"async\" src=\"http:\/\/www.catolicanet.com.br\/images\/stories\/noticias\/tayrone.jpg\" border=\"0\" align=\"left\" \/>Evento aconteceu nos dias 7 a 9 de outubro<\/p>\n<p>Cerca de 85 pessoas participaram da Jornada da Comunica\u00e7\u00e3o do regional Centro-Oeste da Confer\u00eancia Nacional dos Bispos do Brasil (CNBB) que aconteceu nos dias 7 a 9 de outubro, no Semin\u00e1rio Regina Minorum, em An\u00e1polis (GO). O tema central do evento, Comunica\u00e7\u00e3o e Liturgia, foi assessorado pelo frei Alberto Beckh\u00e4user. <\/p>\n<p>A Jornada da Comunica\u00e7\u00e3o contou tamb\u00e9m com quatro oficinas sob o aspecto da liturgia (Transmiss\u00e3o de R\u00e1dio e TV; Cobertura para m\u00eddia impressa e digital; Cobertura para redes sociais; Cobertura fotogr\u00e1fica) ministradas por agentes da Pascom, com forma\u00e7\u00e3o t\u00e9cnica e atua\u00e7\u00e3o no regional. O jornalista e diretor da Associa\u00e7\u00e3o Filhos do Pai Eterno (Afipe), Tayrone Di Martino, abriu o primeiro dia de jornada com uma palestra sobre \u201cA comunica\u00e7\u00e3o como motiva\u00e7\u00e3o e realiza\u00e7\u00e3o\u201d.<\/p>\n<p>Na ocasi\u00e3o, o palestrante afirmou que os comunicadores precisam conhecer seu p\u00fablico, para que possam levar a mensagem com mais efic\u00e1cia. Para isso, ele explicou as v\u00e1rias formas como as pessoas se relacionam com o mundo pelos sentidos visual, auditivo e cinest\u00e9sico. \u201cTem pessoas que se comunicam com maior facilidade quando est\u00e3o vendo, outras quando ouvem e ainda aquelas quando sentem o contato f\u00edsico. \u00c9 importante para n\u00f3s saber como o outro se orienta para perceber a import\u00e2ncia de se comunicar a partir desses princ\u00edpios porque dessa forma influenciamos com mais efic\u00e1cia\u201d, sublinhou o palestrante. Tayrone tamb\u00e9m enfatizou que cabe aos comunicadores avan\u00e7arem no desenvolvimento dos n\u00edveis de aprendizagem para desempenharem com maestria aquilo a que se prop\u00f5em.<\/p>\n<p>Na manh\u00e3 de s\u00e1bado, 8, frei Alberto deu in\u00edcio \u00e0 abordagem do tema Comunica\u00e7\u00e3o e liturgia, sob a \u00f3tica da riqueza da comunica\u00e7\u00e3o lit\u00fargica e a comunica\u00e7\u00e3o dos s\u00edmbolos e dos ritos. O especialista explicou que a Pastoral da Comunica\u00e7\u00e3o tem a importante miss\u00e3o de comunicar para al\u00e9m da catequese, dos dados, dos elementos e da forma\u00e7\u00e3o e ajudar o povo a mergulhar no mist\u00e9rio celebrado. \u201cQuando nos comunicamos com Deus e entramos em comunh\u00e3o com ele, em Cristo, que \u00e9 o mist\u00e9rio pascal, n\u00f3s estamos realmente sendo divinizados\u201d, justificou. Para isso, segundo ele, a forma\u00e7\u00e3o lit\u00fargica \u00e9 muito importante. \u201cOs comunicadores precisam realmente compreender o que \u00e9 celebrado, por isso uma forma\u00e7\u00e3o lit\u00fargica facilita. Precisamos usar os meios de comunica\u00e7\u00e3o para ajudar o povo a conhecer Cristo, viv\u00ea-lo, celebr\u00e1-lo e anunci\u00e1-lo aos outros\u201d.<\/p>\n<p>Por fim, frei Alberto disse que n\u00e3o h\u00e1 f\u00f3rmula para evangelizar pela comunica\u00e7\u00e3o na liturgia. Mas ele indicou o primeiro passo a ser dado pelos comunicadores. \u201cAntes de evangelizar precisamos evangelizar-nos, ou seja, viver a espiritualidade, a m\u00edstica da f\u00e9 crist\u00e3 que se expressa prioritariamente na liturgia e particularmente na Eucaristia. N\u00e3o adianta querermos comunicar se n\u00f3s n\u00e3o temos o que comunicar\u201d, declarou. A motiva\u00e7\u00e3o maior, ainda conforme o assessor, \u00e9 comunicar pelo nosso exemplo de vida e s\u00f3 depois disso usar todos os meios poss\u00edveis para anunciar o Cristo.<\/p>\n<p style=\"text-align: justify;\">Avalia\u00e7\u00e3o<\/p>\n<p><img decoding=\"async\" src=\"http:\/\/www.catolicanet.com.br\/images\/stories\/noticias\/messias.jpg\" border=\"0\" align=\"right\" \/>O bispo de Urua\u00e7u, presidente do regional e referencial para a comunica\u00e7\u00e3o no Centro-Oeste, dom Messias dos Reis Silveira, afirmou que a jornada mais uma vez cumpriu o seu papel de formar, trocar experi\u00eancias e aproximar os agentes da Pascom no regional. \u201cSa\u00edmos do encontro fortalecidos porque o evento possibilitou a partilha entre os participantes, o conhecimento e um aprofundamento sobre a liturgia e, o mais impressionante, foi a vontade de participar dessas pessoas\u201d. Dom Messias tamb\u00e9m comentou que os agentes da Pascom devem estar preparados para evangelizar e formar para que a comunica\u00e7\u00e3o favore\u00e7a a rela\u00e7\u00e3o entre as pessoas e com Jesus. <\/p>\n<p>Irm\u00e3o Diego Joaquim, coordenador da Pascom no regional, tamb\u00e9m avaliou positivamente a jornada. \u201cO encontro superou as expectativas n\u00e3o s\u00f3 pela qualidade dos temas apresentados pelo frei Alberto e pelos assessores nas oficinas, mas, sobretudo, pela disposi\u00e7\u00e3o dos participantes em aprender, trocar experi\u00eancias e criar. Isso \u00e9 muito bom e um sinal de que Deus chama, inspira e a gente tem procurado acrescentar ao esfor\u00e7o desses jovens que est\u00e3o aqui para responder a esse chamado que \u00e9 usar as t\u00e9cnicas, os recursos e os meios de comunica\u00e7\u00e3o para anunciar a Boa-Nova de Jesus\u201d, disse.<\/p>\n<p>Para a coordenadora da Pascom da diocese de Luzi\u00e2nia, Viviane de Sena Sousa, o encontro foi uma motiva\u00e7\u00e3o a mais para levar adiante os trabalhos. \u201cPercebi no encontro que nossa miss\u00e3o \u00e9 muito maior do que aquela que estamos executando, por isso \u00e9 fundamental a realiza\u00e7\u00e3o de eventos como esse. Saio daqui completamente renovada para colocar em pr\u00e1tica tudo o que aprendemos para realmente fazer com que a Pascom funcione, cres\u00e7a e evangelize\u201d.<\/p>\n<p>Na missa de encerramento da jornada, dom Jo\u00e3o Wilk, bispo de An\u00e1polis exortou para que o encontro proporcione aos agentes da Pastoral da Comunica\u00e7\u00e3o o encontro com Deus e os mist\u00e9rios da salva\u00e7\u00e3o. Ele tamb\u00e9m aproveitou para anunciar a cria\u00e7\u00e3o do cardeal brasileiro dom Sergio da Rocha, que \u00e9 presidente da CNBB e pertence ao regional Centro-Oeste.<\/p>\n<p>A pr\u00f3xima Jornada da Comunica\u00e7\u00e3o acontecer\u00e1 nos dias 6 a 8 de outubro de 2017, com tema e local ainda a serem definidos.<br \/>Com informa\u00e7\u00f5es e fotos do regional Centro-Oeste<\/p>\n<p style=\"text-align: justify;\">\u00a0<\/p>\n<p style=\"text-align: justify;\">Fonte: CNBB<\/p>\n","protected":false},"excerpt":{"rendered":"<p>Evento aconteceu nos dias 7 a 9 de outubro Cerca de 85 pessoas participaram da Jornada da Comunica\u00e7\u00e3o do regional Centro-Oeste da Confer\u00eancia Nacional dos Bispos do Brasil (CNBB) que aconteceu nos dias 7 a 9 de outubro, no Semin\u00e1rio Regina Minorum, em An\u00e1polis (GO). O tema central do evento, Comunica\u00e7\u00e3o e Liturgia, foi assessorado [&hellip;]<\/p>\n","protected":false},"author":1,"featured_media":18628,"comment_status":"open","ping_status":"open","sticky":false,"template":"","format":"standard","meta":{"footnotes":""},"categories":[7],"tags":[],"class_list":["post-18629","post","type-post","status-publish","format-standard","has-post-thumbnail","hentry","category-cnbb"],"_links":{"self":[{"href":"https:\/\/catolicanet.net\/wp-cnet\/wp-json\/wp\/v2\/posts\/18629","targetHints":{"allow":["GET"]}}],"collection":[{"href":"https:\/\/catolicanet.net\/wp-cnet\/wp-json\/wp\/v2\/posts"}],"about":[{"href":"https:\/\/catolicanet.net\/wp-cnet\/wp-json\/wp\/v2\/types\/post"}],"author":[{"embeddable":true,"href":"https:\/\/catolicanet.net\/wp-cnet\/wp-json\/wp\/v2\/users\/1"}],"replies":[{"embeddable":true,"href":"https:\/\/catolicanet.net\/wp-cnet\/wp-json\/wp\/v2\/comments?post=18629"}],"version-history":[{"count":1,"href":"https:\/\/catolicanet.net\/wp-cnet\/wp-json\/wp\/v2\/posts\/18629\/revisions"}],"predecessor-version":[{"id":23403,"href":"https:\/\/catolicanet.net\/wp-cnet\/wp-json\/wp\/v2\/posts\/18629\/revisions\/23403"}],"wp:featuredmedia":[{"embeddable":true,"href":"https:\/\/catolicanet.net\/wp-cnet\/wp-json\/wp\/v2\/media\/18628"}],"wp:attachment":[{"href":"https:\/\/catolicanet.net\/wp-cnet\/wp-json\/wp\/v2\/media?parent=18629"}],"wp:term":[{"taxonomy":"category","embeddable":true,"href":"https:\/\/catolicanet.net\/wp-cnet\/wp-json\/wp\/v2\/categories?post=18629"},{"taxonomy":"post_tag","embeddable":true,"href":"https:\/\/catolicanet.net\/wp-cnet\/wp-json\/wp\/v2\/tags?post=18629"}],"curies":[{"name":"wp","href":"https:\/\/api.w.org\/{rel}","templated":true}]}}