{"id":18622,"date":"2016-10-10T17:59:05","date_gmt":"2016-10-10T20:59:05","guid":{"rendered":"http:\/\/catolicanet.net\/wp-cnet\/2016\/10\/10\/ator-mark-wahlberg-os-catolicos-precisamos-de-santos-sacerdotes\/"},"modified":"2017-05-30T16:35:24","modified_gmt":"2017-05-30T19:35:24","slug":"ator-mark-wahlberg-os-catolicos-precisamos-de-santos-sacerdotes","status":"publish","type":"post","link":"https:\/\/catolicanet.net\/wp-cnet\/ator-mark-wahlberg-os-catolicos-precisamos-de-santos-sacerdotes\/","title":{"rendered":"Ator Mark Wahlberg: Os cat\u00f3licos precisamos de santos sacerdotes"},"content":{"rendered":"<p style=\"text-align: justify;\"><img decoding=\"async\" src=\"http:\/\/www.catolicanet.com.br\/images\/stories\/noticias\/markwahlber.jpg\" border=\"0\" align=\"left\" \/>WASHINGTON DC,(ACI).- \u201cQuero que os meus filhos e as gera\u00e7\u00f5es futuras tenham bons sacerdotes em suas vidas, assim como eu tive\u201d, expressou o ator e produtor de cinema Mark Wahlberg, atrav\u00e9s de um v\u00eddeo publicado na p\u00e1gina do Facebook do Departamento de Voca\u00e7\u00f5es da Diocese de Providence, nos Estados Unidos.<\/p>\n<p>Wahlberg, cujo v\u00eddeo foi dirigido \u00e0 Confer\u00eancia Nacional de Diretores Diocesanos de Voca\u00e7\u00f5es (NCDVD) em Boston, aos seus 45 anos foi indicado ao Oscar por seu papel no filme \u201cInfiltrados\u201d (2006) e foi um sucesso de bilheteria em \u201cTransformers 4: A era da extin\u00e7\u00e3o\u201d, \u201cInvenc\u00edvel\u201d e \u201cUma sa\u00edda de mestre\u201d; embora tamb\u00e9m em filmes pol\u00eamicos como \u201cTed\u201d.<\/p>\n<p>\u201cMinha f\u00e9 cat\u00f3lica \u00e9 a \u00e2ncora que sustenta tudo o que fa\u00e7o na vida. Em minhas ora\u00e7\u00f5es di\u00e1rias pe\u00e7o dire\u00e7\u00e3o e for\u00e7a em minha voca\u00e7\u00e3o de esposo e de pai\u201d, continuou Wahlberg.<\/p>\n<p>Al\u00e9m disso, disse se sentir \u201caben\u00e7oado por ter tido muitos sacerdotes maravilhosos\u201d em sua vida.<\/p>\n<p>\u201cDurante a minha inf\u00e2ncia em Dorchester, de vez em quando estava envolvido em problemas, mas sempre tive um sacerdote que me corrigia\u201d, relatou.<\/p>\n<p>\u201cUm sacerdote assistiu o meu casamento. Meus filhos foram batizados por um sacerdote. E quando algum membro da minha fam\u00edlia faleceu, todos foram enterrados por um presb\u00edtero. Meus pecados s\u00e3o perdoados quando me confesso com um sacerdote. Cada vez que vou \u00e0 Missa, recibo o Corpo e o Sangue de Jesus Cristo das m\u00e3os de um sacerdote, a eucaristia me fortalece para compartilhar minha f\u00e9 cat\u00f3lica com outros\u201d, refletiu.<\/p>\n<p>Finalmente dirigiu sua mensagem a NCDVD em nome dos fi\u00e9is cat\u00f3licos da sua comunidade: \u201cContamos com voc\u00eas, para nos dar bons e santos sacerdotes. Desfrutem da minha cidade natal nesta semana e saibam que vou rezar por voc\u00eas e pelo seu \u00eaxito. Obrigado por tudo o que fazem e que Deus os aben\u00e7oe\u201d.<\/p>\n<p>A hist\u00f3ria pessoal de Mark Wahlberg n\u00e3o foi f\u00e1cil: nasceu em uma fam\u00edlia humilde e viveu uma juventude muito agitada envolvido com drogas, trabalhou como modelo e cantor de rap e foi preso por ferir um companheiro em uma briga.<\/p>\n<p>Em 2007, revelou ao jornal alem\u00e3o \u2018Frankfurter Allgemeinen\u2019 que toda as coisas que fez na vida ficaram para tr\u00e1s, porque decidiu retomar a sua f\u00e9 cat\u00f3lica. Tamb\u00e9m atribuiu todo seu sucesso no cinema ao seu reencontro com Deus atrav\u00e9s da Eucaristia.<\/p>\n<p>Em setembro de 2015, Mark foi convidado para participar como apresentador na Festa das Fam\u00edlias durante o Encontro Mundial das Fam\u00edlias 2015 na Filad\u00e9lfia (Estados Unidos), evento que foi presidido pelo Papa Francisco.<\/p>\n<p style=\"text-align: justify;\">\u00a0<\/p>\n<p style=\"text-align: justify;\">Fonte: Acidigital<\/p>\n","protected":false},"excerpt":{"rendered":"<p>WASHINGTON DC,(ACI).- \u201cQuero que os meus filhos e as gera\u00e7\u00f5es futuras tenham bons sacerdotes em suas vidas, assim como eu tive\u201d, expressou o ator e produtor de cinema Mark Wahlberg, atrav\u00e9s de um v\u00eddeo publicado na p\u00e1gina do Facebook do Departamento de Voca\u00e7\u00f5es da Diocese de Providence, nos Estados Unidos. Wahlberg, cujo v\u00eddeo foi dirigido [&hellip;]<\/p>\n","protected":false},"author":1,"featured_media":18621,"comment_status":"open","ping_status":"open","sticky":false,"template":"","format":"standard","meta":{"footnotes":""},"categories":[4],"tags":[],"class_list":["post-18622","post","type-post","status-publish","format-standard","has-post-thumbnail","hentry","category-cotidiano"],"_links":{"self":[{"href":"https:\/\/catolicanet.net\/wp-cnet\/wp-json\/wp\/v2\/posts\/18622","targetHints":{"allow":["GET"]}}],"collection":[{"href":"https:\/\/catolicanet.net\/wp-cnet\/wp-json\/wp\/v2\/posts"}],"about":[{"href":"https:\/\/catolicanet.net\/wp-cnet\/wp-json\/wp\/v2\/types\/post"}],"author":[{"embeddable":true,"href":"https:\/\/catolicanet.net\/wp-cnet\/wp-json\/wp\/v2\/users\/1"}],"replies":[{"embeddable":true,"href":"https:\/\/catolicanet.net\/wp-cnet\/wp-json\/wp\/v2\/comments?post=18622"}],"version-history":[{"count":1,"href":"https:\/\/catolicanet.net\/wp-cnet\/wp-json\/wp\/v2\/posts\/18622\/revisions"}],"predecessor-version":[{"id":25095,"href":"https:\/\/catolicanet.net\/wp-cnet\/wp-json\/wp\/v2\/posts\/18622\/revisions\/25095"}],"wp:featuredmedia":[{"embeddable":true,"href":"https:\/\/catolicanet.net\/wp-cnet\/wp-json\/wp\/v2\/media\/18621"}],"wp:attachment":[{"href":"https:\/\/catolicanet.net\/wp-cnet\/wp-json\/wp\/v2\/media?parent=18622"}],"wp:term":[{"taxonomy":"category","embeddable":true,"href":"https:\/\/catolicanet.net\/wp-cnet\/wp-json\/wp\/v2\/categories?post=18622"},{"taxonomy":"post_tag","embeddable":true,"href":"https:\/\/catolicanet.net\/wp-cnet\/wp-json\/wp\/v2\/tags?post=18622"}],"curies":[{"name":"wp","href":"https:\/\/api.w.org\/{rel}","templated":true}]}}