{"id":18620,"date":"2016-10-10T17:41:52","date_gmt":"2016-10-10T20:41:52","guid":{"rendered":"http:\/\/catolicanet.net\/wp-cnet\/2016\/10\/10\/setubal-comunidade-em-festa-pelos-60-anos-do-externato-frei-luis-de-sousa\/"},"modified":"2017-05-30T16:35:24","modified_gmt":"2017-05-30T19:35:24","slug":"setubal-comunidade-em-festa-pelos-60-anos-do-externato-frei-luis-de-sousa","status":"publish","type":"post","link":"https:\/\/catolicanet.net\/wp-cnet\/setubal-comunidade-em-festa-pelos-60-anos-do-externato-frei-luis-de-sousa\/","title":{"rendered":"Set\u00fabal: Comunidade em festa pelos 60 anos do Externato Frei Lu\u00eds de Sousa"},"content":{"rendered":"<p style=\"text-align: justify;\"><img decoding=\"async\" src=\"http:\/\/www.catolicanet.com.br\/images\/stories\/noticias\/14484829.jpg\" border=\"0\" align=\"left\" \/>Celebra\u00e7\u00e3o reuniu respons\u00e1veis cat\u00f3licos, representantes do Governo e da sociedade civil<\/p>\n<p>Almada, 10 out 2016 (Ecclesia) &#8211; O bispo de Set\u00fabal, D. Jos\u00e9 Ornelas, assinalou este s\u00e1bado os 60 anos de atividade do Externato Frei Lu\u00eds de Sousa (EFLS), institui\u00e7\u00e3o cat\u00f3lica sediada em Almada, que apresentou como \u201cum dos grandes valores\u201d da diocese.<\/p>\n<p>Falando na sess\u00e3o solene das comemora\u00e7\u00f5es, o prelado evocou o \u201cideal da funda\u00e7\u00e3o\u201d do estabelecimento de ensino e todos os que, tendo ali passado, servem hoje a Igreja e a sociedade.<\/p>\n<p>\u201cA mem\u00f3ria do passado cria identidade e cria futuro\u201d, sustentou D. Jos\u00e9 Ornelas.<\/p>\n<p>O secret\u00e1rio de Estado da Educa\u00e7\u00e3o, Jo\u00e3o Costa, marcou presen\u00e7a nesta comemora\u00e7\u00e3o e come\u00e7ou por dizer que \u201c\u00e9 motivo de orgulho celebrar os 60 anos de uma escola\u201d, recordando as \u201cvidas que foram marcadas\u201d pela passagem por este projeto educativo.<\/p>\n<p>O respons\u00e1vel apresentou a escola como um \u201cinstrumento de transforma\u00e7\u00e3o social\u201d, em particular para os mais pobres.<\/p>\n<p>\u201cHoje a escola est\u00e1 aberta para todos, mas ainda n\u00e3o garante o sucesso para todos\u201d, acrescentou Jo\u00e3o Costa, numa refer\u00eancia ao que foi mudando nas \u00faltimas d\u00e9cadas, no setor da Educa\u00e7\u00e3o.<\/p>\n<p>Jorge Cotovio, secret\u00e1rio da Associa\u00e7\u00e3o Portuguesa de Escolas Cat\u00f3licas (APEC), apresentou por sua vez o desafio da \u201cidentidade\u201d, da \u201cmiss\u00e3o e da vis\u00e3o da escola\u201d, sublinhando a import\u00e2ncia de \u201crecuperar\u201d os valores da toler\u00e2ncia, do respeito, do trabalho.<\/p>\n<p>Fernando Magalh\u00e3es, diretor do EFLS, quis deixar um \u201cobrigado\u201d a todos os que deram vida a esta obra, \u201cfilha da Igreja\u201d, e \u00e0s institui\u00e7\u00f5es que a tem ajudado a continuar o seu servi\u00e7o.<\/p>\n<p>O presidente da C\u00e2mara Municipal de Almada, Joaquim Judas, prestou homenagem a \u201cuma grande escola\u201d, uma escola que \u201cmarca esta comunidade e este munic\u00edpio\u201d.<\/p>\n<p>Situado no centro de Almada, o Externato Frei Lu\u00eds de Sousa \u00e9 um estabelecimento de ensino da diocese de Set\u00fabal e a sua oferta educativa vai desde o ber\u00e7\u00e1rio at\u00e9 ao 12\u00ba ano de escolaridade, fazendo jus ao seu lema: do ber\u00e7o \u00e0 universidade.<\/p>\n<p>A comemora\u00e7\u00e3o dos 60 anos do EFLS &#8211; Estabelecimento do Ensino Particular e Cooperativo, com autonomia pedag\u00f3gica e propriedade da Diocese de Set\u00fabal -, serviu para lembrar os que passaram por esta comunidade educativa, em especial os j\u00e1 falecidos.<\/p>\n<p style=\"text-align: justify;\">\u00a0<\/p>\n<p style=\"text-align: justify;\">Fonte: Ag\u00eancia Ecclesia<\/p>\n","protected":false},"excerpt":{"rendered":"<p>Celebra\u00e7\u00e3o reuniu respons\u00e1veis cat\u00f3licos, representantes do Governo e da sociedade civil Almada, 10 out 2016 (Ecclesia) &#8211; O bispo de Set\u00fabal, D. Jos\u00e9 Ornelas, assinalou este s\u00e1bado os 60 anos de atividade do Externato Frei Lu\u00eds de Sousa (EFLS), institui\u00e7\u00e3o cat\u00f3lica sediada em Almada, que apresentou como \u201cum dos grandes valores\u201d da diocese. Falando na [&hellip;]<\/p>\n","protected":false},"author":1,"featured_media":18619,"comment_status":"open","ping_status":"open","sticky":false,"template":"","format":"standard","meta":{"footnotes":""},"categories":[4],"tags":[],"class_list":["post-18620","post","type-post","status-publish","format-standard","has-post-thumbnail","hentry","category-cotidiano"],"_links":{"self":[{"href":"https:\/\/catolicanet.net\/wp-cnet\/wp-json\/wp\/v2\/posts\/18620","targetHints":{"allow":["GET"]}}],"collection":[{"href":"https:\/\/catolicanet.net\/wp-cnet\/wp-json\/wp\/v2\/posts"}],"about":[{"href":"https:\/\/catolicanet.net\/wp-cnet\/wp-json\/wp\/v2\/types\/post"}],"author":[{"embeddable":true,"href":"https:\/\/catolicanet.net\/wp-cnet\/wp-json\/wp\/v2\/users\/1"}],"replies":[{"embeddable":true,"href":"https:\/\/catolicanet.net\/wp-cnet\/wp-json\/wp\/v2\/comments?post=18620"}],"version-history":[{"count":1,"href":"https:\/\/catolicanet.net\/wp-cnet\/wp-json\/wp\/v2\/posts\/18620\/revisions"}],"predecessor-version":[{"id":25096,"href":"https:\/\/catolicanet.net\/wp-cnet\/wp-json\/wp\/v2\/posts\/18620\/revisions\/25096"}],"wp:featuredmedia":[{"embeddable":true,"href":"https:\/\/catolicanet.net\/wp-cnet\/wp-json\/wp\/v2\/media\/18619"}],"wp:attachment":[{"href":"https:\/\/catolicanet.net\/wp-cnet\/wp-json\/wp\/v2\/media?parent=18620"}],"wp:term":[{"taxonomy":"category","embeddable":true,"href":"https:\/\/catolicanet.net\/wp-cnet\/wp-json\/wp\/v2\/categories?post=18620"},{"taxonomy":"post_tag","embeddable":true,"href":"https:\/\/catolicanet.net\/wp-cnet\/wp-json\/wp\/v2\/tags?post=18620"}],"curies":[{"name":"wp","href":"https:\/\/api.w.org\/{rel}","templated":true}]}}