{"id":18598,"date":"2016-10-10T16:22:54","date_gmt":"2016-10-10T19:22:54","guid":{"rendered":"http:\/\/catolicanet.net\/wp-cnet\/2016\/10\/10\/papa-aos-palotinos-conversao-profunda-para-assistir-os-irmaos\/"},"modified":"2017-06-02T11:42:46","modified_gmt":"2017-06-02T14:42:46","slug":"papa-aos-palotinos-conversao-profunda-para-assistir-os-irmaos","status":"publish","type":"post","link":"https:\/\/catolicanet.net\/wp-cnet\/papa-aos-palotinos-conversao-profunda-para-assistir-os-irmaos\/","title":{"rendered":"Papa aos palotinos: convers\u00e3o profunda para assistir os irm\u00e3os"},"content":{"rendered":"<p style=\"text-align: justify;\"><img decoding=\"async\" src=\"http:\/\/www.catolicanet.com.br\/images\/stories\/noticias\/ap3630277_articolo.jpg\" border=\"0\" align=\"left\" \/>Cidade do Vaticano (RV) \u2013 Ao final da manh\u00e3 desta segunda-feira (10\/10), o Papa recebeu no Vaticano cerca de 100 participantes do Cap\u00edtulo Geral da Uni\u00e3o do Apostolado Cat\u00f3lico, cujos membros s\u00e3o conhecidos como palotinos.<\/p>\n<p>Em seu discurso, o Pont\u00edfice ressaltou a heran\u00e7a do fundador, S\u00e3o Vicente Pallotti, que teve o \u201cdom de reconhecer que Jesus \u00e9 o Ap\u00f3stolo do Pai, grande no amor e rico de miseric\u00f3rdia\u201d.<\/p>\n<p>\u201cDiante dos nossos olhos, vemos todos os dias cenas de viol\u00eancia, rostos sem piedade, cora\u00e7\u00f5es endurecidos e desolados. Precisamos nos recordar daquele Pai, cujo cora\u00e7\u00e3o pensa em todos e quer a salva\u00e7\u00e3o de cada homem\u201d, disse Francisco.<\/p>\n<p>Cada membro da Fam\u00edlia Palotina, acrescentou o Papa, \u00e9 chamado a colocar como fundamento da pr\u00f3pria exist\u00eancia a pessoa de Cristo e Sua fiel sequela.<\/p>\n<p>F\u00e9 viva<\/p>\n<p>\u201cContemplando a vida de Jesus e olhando a nossa vida de peregrinos neste mundo, com tantos desafios, sentimos a necessidade de uma convers\u00e3o profunda e a urg\u00eancia de reavivar a f\u00e9 Nele. Somente assim poderemos servir o nosso pr\u00f3ximo na caridade!\u201d, exortou Francisco.<\/p>\n<p style=\"text-align: justify;\">\u00a0<\/p>\n<p style=\"text-align: justify;\"><a href=\"https:\/\/www.youtube.com\/watch?v=Vr35SoLB-o4\">Clique aqui para assistir.<\/a><\/p>\n<p style=\"text-align: justify;\">\u00a0<\/p>\n<p style=\"text-align: justify;\">O Papa os encorajou a prosseguirem com alegria e esperan\u00e7a seu caminho, atuando com \u00edmpeto renovado para despertar a f\u00e9 e reacender a caridade, especialmente entre as camadas mais fr\u00e1geis da popula\u00e7\u00e3o, pobres espiritual e materialmente.<\/p>\n<p>\u201cNisto, s\u00e3o amparados pelo exemplo de tantos coirm\u00e3os que dedicaram sua vida a servi\u00e7o dos outros\u201d, disse ainda Francisco, afirmando que na Argentina conheceu muitos palotinos em seu servi\u00e7o pastoral.<\/p>\n<p>Zelo apost\u00f3lico<\/p>\n<p>O Pont\u00edfice concluiu confiando os palotinos \u00e0 prote\u00e7\u00e3o de Nossa Senhora, que S\u00e3o Vicente Pallotti venerava de modo especial como Rainha dos Ap\u00f3stolos.<\/p>\n<p>\u201cEla, exemplo eficaz de zelo apost\u00f3lico e perfeita caridade, nos convida \u00e0 incessante ora\u00e7\u00e3o para invocar os dons do Esp\u00edrito Santo sobre os ap\u00f3stolos de hoje, para que o Evangelho do seu Filho possa ser proclamado em todas as partes do mundo.\u201d<\/p>\n<p style=\"text-align: justify;\">\u00a0<\/p>\n<p style=\"text-align: justify;\">Fonte: R\u00e1dio Vaticano<\/p>\n","protected":false},"excerpt":{"rendered":"<p>Cidade do Vaticano (RV) \u2013 Ao final da manh\u00e3 desta segunda-feira (10\/10), o Papa recebeu no Vaticano cerca de 100 participantes do Cap\u00edtulo Geral da Uni\u00e3o do Apostolado Cat\u00f3lico, cujos membros s\u00e3o conhecidos como palotinos. Em seu discurso, o Pont\u00edfice ressaltou a heran\u00e7a do fundador, S\u00e3o Vicente Pallotti, que teve o \u201cdom de reconhecer que [&hellip;]<\/p>\n","protected":false},"author":1,"featured_media":18597,"comment_status":"open","ping_status":"open","sticky":false,"template":"","format":"standard","meta":{"footnotes":""},"categories":[3],"tags":[],"class_list":["post-18598","post","type-post","status-publish","format-standard","has-post-thumbnail","hentry","category-vaticano"],"_links":{"self":[{"href":"https:\/\/catolicanet.net\/wp-cnet\/wp-json\/wp\/v2\/posts\/18598","targetHints":{"allow":["GET"]}}],"collection":[{"href":"https:\/\/catolicanet.net\/wp-cnet\/wp-json\/wp\/v2\/posts"}],"about":[{"href":"https:\/\/catolicanet.net\/wp-cnet\/wp-json\/wp\/v2\/types\/post"}],"author":[{"embeddable":true,"href":"https:\/\/catolicanet.net\/wp-cnet\/wp-json\/wp\/v2\/users\/1"}],"replies":[{"embeddable":true,"href":"https:\/\/catolicanet.net\/wp-cnet\/wp-json\/wp\/v2\/comments?post=18598"}],"version-history":[{"count":1,"href":"https:\/\/catolicanet.net\/wp-cnet\/wp-json\/wp\/v2\/posts\/18598\/revisions"}],"predecessor-version":[{"id":27434,"href":"https:\/\/catolicanet.net\/wp-cnet\/wp-json\/wp\/v2\/posts\/18598\/revisions\/27434"}],"wp:featuredmedia":[{"embeddable":true,"href":"https:\/\/catolicanet.net\/wp-cnet\/wp-json\/wp\/v2\/media\/18597"}],"wp:attachment":[{"href":"https:\/\/catolicanet.net\/wp-cnet\/wp-json\/wp\/v2\/media?parent=18598"}],"wp:term":[{"taxonomy":"category","embeddable":true,"href":"https:\/\/catolicanet.net\/wp-cnet\/wp-json\/wp\/v2\/categories?post=18598"},{"taxonomy":"post_tag","embeddable":true,"href":"https:\/\/catolicanet.net\/wp-cnet\/wp-json\/wp\/v2\/tags?post=18598"}],"curies":[{"name":"wp","href":"https:\/\/api.w.org\/{rel}","templated":true}]}}