{"id":1859,"date":"2023-06-11T00:00:00","date_gmt":"2023-06-11T03:00:00","guid":{"rendered":"http:\/\/catolicanet.net\/wp-cnet\/s-barnabe\/"},"modified":"2023-01-02T16:55:05","modified_gmt":"2023-01-02T19:55:05","slug":"s-barnabe","status":"publish","type":"post","link":"https:\/\/catolicanet.net\/wp-cnet\/s-barnabe\/","title":{"rendered":"S\u00e3o Barnab\u00e9"},"content":{"rendered":"<div id=\"texto\" style=\"text-align: justify;\"><span style=\"color: #003980;\"><strong>S\u00e3o Barnab\u00e9<\/strong><\/span><\/div>\n<div style=\"text-align: justify;\">\n<p style=\"text-align: justify;\">S\u00e3o Barnab\u00e9 segundo fontes antigas nos referem que Barnab\u00e9, chamado ap\u00f3stolo pelos pr\u00f3prios Atos, embora n\u00e3o pertencesse aos Doze, teria sido um dos setenta disc\u00edpulos de que fala o Evangelho. Como S\u00e3o Paulo Ap\u00f3stolo, foi disc\u00edpulo de Gamaliel: &#8220;Jos\u00e9 a quem os ap\u00f3stolos haviam dado o cognome de Barnab\u00e9, que quer dizer &#8220;filho da consola\u00e7\u00e3o&#8221;, era um levita origin\u00e1rio de Chipre. Sendo propriet\u00e1rio de um campo, vendeu-o e trouxe o dinheiro, depositando-o aos p\u00e9s dos ap\u00f3stolos&#8221; (atos dos Ap\u00f3stolos 4.36-37).<\/p>\n<p>Foi a figura de primeira grandeza na fervorosa comunidade crist\u00e3, que floreceu em Jerusal\u00e9m ap\u00f3s o dia de Pentecostes. Barnab\u00e9 era muito considerado entre os Ap\u00f3stolos, que o escolheram para a evangeliza\u00e7\u00e3o de Antioquia. \u00c9 o homem das felizes intui\u00e7\u00f5es. Em Antioquia percebeu que aquele era o terreno preparado para receber a palavra de Deus. Foi a Jerusal\u00e9m relatar isso e pedir para levar consigo o rec\u00e9m-convertido Saulo. Come\u00e7ou assim a extraordin\u00e1ria dupla.<\/p>\n<p>Saulo que desde ent\u00e3o preferia ser chamado com o nome romano de Paulo e Barnab\u00e9, contentes por terem aberto o caminho para o an\u00fancio do Evangelho entre os pag\u00e3os, partiram para outras incumb\u00eancias. Come\u00e7aram por Chipre, p\u00e1tria de Barnab\u00e9, que havia levado consigo o jovem primo Jo\u00e3o Marcos, o futuro evangelista. Depois continuaram seguindo a mais arriscada viagem mission\u00e1ria, Paulo achou melhor separar-se de Barnab\u00e9, que ficou em Chipre. Paulo e Barnab\u00e9, duas personalidades diferentes, que se completavam reciprocamente.<\/p>\n<p>N\u00e3o temos not\u00edcias dele depois da separa\u00e7\u00e3o de Paulo. Escritos ap\u00f3crifos falam de uma viagem sua a Roma e do seu mart\u00edrio acontecido mais ou menos no ano 70, em Salamina, pelas m\u00e3os dos judeus da di\u00e1spora, que o teriam apedrejado.<\/p>\n<p style=\"text-align: justify;\">S\u00e3o Barnab\u00e9, rogai por n\u00f3s!<\/p>\n<\/div>\n","protected":false},"excerpt":{"rendered":"<p>S\u00e3o Barnab\u00e9 S\u00e3o Barnab\u00e9 segundo fontes antigas nos referem que Barnab\u00e9, chamado ap\u00f3stolo pelos pr\u00f3prios Atos, embora n\u00e3o pertencesse aos Doze, teria sido um dos setenta disc\u00edpulos de que fala o Evangelho. Como S\u00e3o Paulo Ap\u00f3stolo, foi disc\u00edpulo de Gamaliel: &#8220;Jos\u00e9 a quem os ap\u00f3stolos haviam dado o cognome de Barnab\u00e9, que quer dizer &#8220;filho [&hellip;]<\/p>\n","protected":false},"author":1,"featured_media":22438,"comment_status":"closed","ping_status":"closed","sticky":false,"template":"","format":"standard","meta":{"footnotes":""},"categories":[32],"tags":[],"class_list":["post-1859","post","type-post","status-publish","format-standard","has-post-thumbnail","hentry","category-santo-do-dia"],"_links":{"self":[{"href":"https:\/\/catolicanet.net\/wp-cnet\/wp-json\/wp\/v2\/posts\/1859","targetHints":{"allow":["GET"]}}],"collection":[{"href":"https:\/\/catolicanet.net\/wp-cnet\/wp-json\/wp\/v2\/posts"}],"about":[{"href":"https:\/\/catolicanet.net\/wp-cnet\/wp-json\/wp\/v2\/types\/post"}],"author":[{"embeddable":true,"href":"https:\/\/catolicanet.net\/wp-cnet\/wp-json\/wp\/v2\/users\/1"}],"replies":[{"embeddable":true,"href":"https:\/\/catolicanet.net\/wp-cnet\/wp-json\/wp\/v2\/comments?post=1859"}],"version-history":[{"count":3,"href":"https:\/\/catolicanet.net\/wp-cnet\/wp-json\/wp\/v2\/posts\/1859\/revisions"}],"predecessor-version":[{"id":22439,"href":"https:\/\/catolicanet.net\/wp-cnet\/wp-json\/wp\/v2\/posts\/1859\/revisions\/22439"}],"wp:featuredmedia":[{"embeddable":true,"href":"https:\/\/catolicanet.net\/wp-cnet\/wp-json\/wp\/v2\/media\/22438"}],"wp:attachment":[{"href":"https:\/\/catolicanet.net\/wp-cnet\/wp-json\/wp\/v2\/media?parent=1859"}],"wp:term":[{"taxonomy":"category","embeddable":true,"href":"https:\/\/catolicanet.net\/wp-cnet\/wp-json\/wp\/v2\/categories?post=1859"},{"taxonomy":"post_tag","embeddable":true,"href":"https:\/\/catolicanet.net\/wp-cnet\/wp-json\/wp\/v2\/tags?post=1859"}],"curies":[{"name":"wp","href":"https:\/\/api.w.org\/{rel}","templated":true}]}}