{"id":18576,"date":"2016-10-09T03:00:00","date_gmt":"2016-10-09T06:00:00","guid":{"rendered":"http:\/\/catolicanet.net\/wp-cnet\/2016\/10\/09\/novos-cardeais\/"},"modified":"2017-05-05T15:44:15","modified_gmt":"2017-05-05T18:44:15","slug":"novos-cardeais","status":"publish","type":"post","link":"https:\/\/catolicanet.net\/wp-cnet\/novos-cardeais\/","title":{"rendered":"Novos Cardeais"},"content":{"rendered":"<p style=\"text-align: justify;\">O Papa Francisco, neste domingo, dia 9 de outubro, anunciou, ao final do \u00c2ngelus, na Pra\u00e7a de S\u00e3o Pedro em Roma, ao encerrar a missa do Jubileu Mariano, a convoca\u00e7\u00e3o de um novo consist\u00f3rio no dia 19 de novembro para nomear 13 novos cardeais de cinco continentes provenientes de 11 na\u00e7\u00f5es, aos quais acrescentou dois arcebispos, um bispo em\u00e9rito e um presb\u00edtero, totalizando 17 nomea\u00e7\u00f5es. No dia 20 de novembro, domingo de Cristo Rei, conclus\u00e3o do Ano Santo da Miseric\u00f3rdia, haver\u00e1 a concelebra\u00e7\u00e3o da Missa com os novos cardeais, com o Col\u00e9gio Cardinal\u00edcio, os arcebispos, bispos e presb\u00edteros.<br \/>Este ser\u00e1 o terceiro consist\u00f3rio do pontificado do Papa Francisco, tendo sido criados cardeais em 22 de fevereiro de 2014, e 14 de fevereiro de 2015. Desta vez temos um brasileiro entre os eleitos.<br \/>Alegro-me, sobremaneira, com a escolha do Eminent\u00edssimo Senhor Dom S\u00e9rgio da Rocha, Arcebispo de Bras\u00edlia e Presidente da CNBB, para compor o Sacro Col\u00e9gio Cardinal\u00edcio. Ele ser\u00e1 o 22\u00ba. Cardeal brasileiro. Nascidos em S\u00e3o Paulo somos agora, com Dom S\u00e9rgio, quatro cardeais paulistas. Em 1930 fora criado Dom Sebasti\u00e3o Leme da Silveira Cintra para Cardeal de S\u00e3o Sebasti\u00e3o do Rio de Janeiro. Em 1965 fora criado Dom Agnelo Rossi para Cardeal de S\u00e3o Paulo. Em 2014, fomos escolhidos Cardeal, tamb\u00e9m, pelo Santo Padre, o Papa Francisco. Dos quatro Arcebispos de Bras\u00edlia, o segundo, Dom Jos\u00e9 Freire, Cardeal Falc\u00e3o foi criado Cardeal da Santa Igreja Romana em 1988. O Arcebispo Em\u00e9rito de Bras\u00edlia, que foi o seu terceiro Arcebispo Metropolitano, D. Jo\u00e3o Braz de Aviz foi criado Cardeal no Consist\u00f3rio de 2012 pelo Papa Bento XVI.<br \/>Dom S\u00e9rgio da Rocha nasceu em Dobrada, Diocese de Jaboticabal, S\u00e3o Paulo, aos 17\/10\/1959, filho de Rubens e Aparecida Veronezi da Rocha. Dom S\u00e9rgio estudou Filosofia no Semin\u00e1rio de S\u00e3o Carlos-SP e Teologia na PUC de Campinas-SP. Tendo feito seus estudos filos\u00f3ficos e teol\u00f3gicos na Diocese de S\u00e3o Carlos, foi ordenado di\u00e1cono na Igreja de Santa Cruz de Mat\u00e3o &#8211; SP, aos 18\/8\/1984, e presb\u00edtero na Matriz do Senhor Bom Jesus de Mat\u00e3o-SP, Diocese de S\u00e3o Carlos, aos 14\/12\/1984. Licenciado em Filosofia pela Faculdade Salesiana de Lorena-SP. Fez Mestrado em Teologia Moral pela Pontif\u00edcia Faculdade de Teologia Nossa Senhora da Assun\u00e7\u00e3o, de S\u00e3o Paulo, e obteve o Doutorado na Academia Alfonsiana da Pontif\u00edcia Universidade Lateranense, em Roma, aos 21\/01\/1997.<br \/> Na Diocese de S\u00e3o Carlos-SP, trabalhou no Semin\u00e1rio Diocesano de Filosofia como diretor espiritual, professor de filosofia e reitor. No Semin\u00e1rio de Teologia de S\u00e3o Carlos, em Campinas, foi diretor espiritual e reitor; foi tamb\u00e9m professor e membro da Equipe de Forma\u00e7\u00e3o dos Di\u00e1conos Permanentes da Diocese de S\u00e3o Carlos. Exerceu, ainda, na Diocese de S\u00e3o Carlos, as seguintes fun\u00e7\u00f5es pastorais: assessor da Pastoral da Juventude, coordenador da Pastoral Vocacional, coordenador da Escola de Agentes de Pastoral, coordenador Diocesano de Pastoral, vig\u00e1rio paroquial das Par\u00f3quias Nossa Senhora de F\u00e1tima e Catedral, reitor da Igreja S\u00e3o Judas Tadeu, p\u00e1roco de \u00c1gua Vermelha e de Santa Eud\u00f3xia. Desempenhou, tamb\u00e9m, a fun\u00e7\u00e3o de professor de Teologia Moral na Pontif\u00edcia Universidade Cat\u00f3lica de Campinas (1989-2001), colaborando como professor mission\u00e1rio em Porto Velho-RO, no Projeto Mission\u00e1rio Sul I \/ Norte I e na Escola de Teologia Pastoral de S\u00e3o Luiz de Montes Belos-GO, Igreja Irm\u00e3 da Diocese de S\u00e3o Carlos.<br \/>O Papa S\u00e3o Jo\u00e3o Paulo II, em 13 de junho de 2001, o escolheu e o nomeou para Bispo Auxiliar em Fortaleza-CE, e Titular de Alba aos 13\/06\/2001. Recebeu a sagra\u00e7\u00e3o episcopal aos 11 de agosto de 2001, na Catedral de S\u00e3o Carlos-SP, tendo como consagrante o Arcebispo de Fortaleza, Dom Jos\u00e9 Ant\u00f4nio Aparecido Tosi Marques, e como co-sagrantes os falecidos arcebispos Dom Joviano de Lima J\u00fanior, ent\u00e3o Bispo Diocesano de S\u00e3o Carlos, e Dom Bruno Gamberini, da Arquidiocese de Campinas \u2013 todos provenientes da Diocese de S\u00e3o Carlos. Aos 31 de janeiro de 2007, foi nomeado pelo Papa Bento XVI Arcebispo Coadjutor da Arquidiocese de Teresina-PI. Dom S\u00e9rgio da Rocha iniciou seu trabalho na Arquidiocese de Teresina como Arcebispo Coadjutor no dia 30\/03\/2007, e como Arcebispo Metropolitano em 03\/09\/2008. Aos 15 de junho de 2011 foi nomeado, pelo Papa Bento XVI, Arcebispo Metropolitano de Bras\u00edlia, tendo sido acolhido na Catedral Metropolitana de Bras\u00edlia aos 06 de agosto de 2011. Seu lema episcopal \u00e9: \u201cOmnia in Caritate&#8221; (1Cor 16,14) \u2013 \u201cTudo na caridade\u201d.<br \/> Na sua prof\u00edcua miss\u00e3o episcopal foi Bispo Auxiliar de Fortaleza (2001-2007), Arcebispo Coadjutor de Teresina (2007-2008), Arcebispo Metropolitano de Teresina (2008-2011), membro da Comiss\u00e3o Episcopal para a Doutrina da F\u00e9 da CNBB (2002-2007), membro da Comiss\u00e3o Episcopal do Mutir\u00e3o de Supera\u00e7\u00e3o da Mis\u00e9ria e da Fome da CNBB (2001-2004), Secret\u00e1rio do Regional Nordeste I (2002-2007), Bispo de refer\u00eancia da Pastoral da Juventude e da Pastoral Vocacional no Regional Nordeste I (2002-2007), Bispo de refer\u00eancia para o Ensino Religioso e para os Presb\u00edteros, no Regional Nordeste IV (2007-2011), Presidente da Comiss\u00e3o Episcopal para o Semin\u00e1rio do Regional Nordeste IV (2007-2011), membro da Comiss\u00e3o Episcopal para os Minist\u00e9rios Ordenados e a Vida Consagrada da CNBB (2007-2011), Presidente da Comiss\u00e3o Episcopal para Doutrina da F\u00e9 (2011-2015), Presidente do Departamento de Voca\u00e7\u00f5es e Minist\u00e9rios do CELAM (2007-2011) e representante da CNBB na XIII Assembleia do S\u00ednodo dos Bispos sobre a Nova Evangeliza\u00e7\u00e3o (2012) e na XIV Assembleia do S\u00ednodo dos Bispos sobre a Fam\u00edlia. Atualmente \u00e9 Arcebispo Metropolitano de Bras\u00edlia, presidente da Confer\u00eancia Nacional dos Bispos do Brasil (CNBB) e membro do Conselho da Secretaria Geral do S\u00ednodo dos Bispos (Vaticano).<br \/> Agora, como Cardeal da Santa Igreja Romana, al\u00e9m de representar o Brasil no Conselho Permanente do S\u00ednodo dos Bispos, poder\u00e1 ajudar o Papa Francisco na miss\u00e3o universal da Igreja de Cristo. Eu creio que dois pensamentos do Papa Francisco aos N\u00fancios Apost\u00f3licos de todo o mundo, reunidos na Sala Clementina, em 17 de setembro passado, s\u00e3o pistas positivas do que o Papa Francisco espera n\u00e3o s\u00f3 dos N\u00fancios, mas de todos os bispos, sacerdotes e lideran\u00e7as e que fez com que o Papa buscasse nas qualidades de Dom S\u00e9rgio da Rocha para elev\u00e1-lo ao Cardinalato: <br \/>Disse o Santo Padre: \u201cN\u00e3o \u00e9 suficiente apontar o dedo ou agredir quem n\u00e3o pensa como n\u00f3s. Esta \u00e9 uma t\u00e1tica mesquinha das atuais guerras pol\u00edticas e culturais, mas n\u00e3o pode ser o m\u00e9todo da Igreja. O nosso olhar deve ser alargado e profundo. A forma\u00e7\u00e3o das consci\u00eancias \u00e9 o nosso dever primordial de caridade e isto requer delicadeza e perseveran\u00e7a na sua concretiza\u00e7\u00e3o\u201d. Para mim, este pensamento se aplica perfeitamente no futuro Cardeal, que \u00e9 querido de todos os bispos, sempre sorridente, homem sincero, que gosta de conviver com todos, respeita aqueles que pensam diferente de seu pensamento eclesial e encontra converg\u00eancia nos mais diversos pensamentos para constituir um consenso de encontro e de colegialidade. <br \/>Em segundo lugar, o Papa Francisco alerta sobre o perfil dos pastores de hoje como se fosse um retrato do novo Cardeal: \u201cNum discurso \u00e0 Congrega\u00e7\u00e3o para os Bispos h\u00e1 algum tempo, tracei o perfil dos Pastores que considero necess\u00e1rios para a Igreja de hoje: testemunhas do Ressuscitado e n\u00e3o portadores de curr\u00edculos; Bispos orantes, familiarizados com as coisas do \u2018alto\u2019 e n\u00e3o esmagados pelo peso do \u2018baixo\u2019; Bispos capazes de encontrar com \u201cpaci\u00eancia\u201d na presen\u00e7a de Deus, de modo a possuir a liberdade de n\u00e3o atrai\u00e7oar o Querigma que lhes foi confiado; Bispos pastores e n\u00e3o pr\u00edncipes e funcion\u00e1rios. Por favor!\u201d Aqui est\u00e1 a motiva\u00e7\u00e3o do Papa Francisco em escolher um bispo com \u201ccheiro de ovelhas\u201d para o Col\u00e9gio dos Cardeais. O seu trabalho nas periferias de Bras\u00edlia \u00e9 assaz conhecido.<br \/>Na escolha de Dom S\u00e9rgio para Cardeal, o Papa homenageia a Igreja no Brasil, Igreja jubilar em festa, pelos trezentos anos do encontro da imagem de Nossa Senhora Aparecida nas \u00e1guas do Rio Para\u00edba, e nos aponta que, sobretudo os Senhores Cardeais devem ser os primeiros a serem homens de ora\u00e7\u00e3o, de a\u00e7\u00e3o pastoral, de compromisso com o povo santo de Deus e de testemunha cred\u00edvel do Evangelho, vivendo a simplicidade e a pobreza do Evangelho. <br \/>Meus votos de paz e alegria, car\u00edssimo irm\u00e3o Cardeal S\u00e9rgio da Rocha, continuando sua miss\u00e3o na Igreja de Bras\u00edlia e do Brasil e agora alargando com a miss\u00e3o universal cardinal\u00edcia. Como \u00e9 bom estar junto do povo de Deus e caminhar com ele anunciando a alegria contagiante do Evangelho da Vida, apontando o Cristo Redentor que nos acolhe a todos de bra\u00e7os abertos, prenhe de compaix\u00e3o e de miseric\u00f3rdia.<\/p>\n","protected":false},"excerpt":{"rendered":"<p>O Papa Francisco, neste domingo, dia 9 de outubro, anunciou, ao final do \u00c2ngelus, na Pra\u00e7a de S\u00e3o Pedro em Roma, ao encerrar a missa do Jubileu Mariano, a convoca\u00e7\u00e3o de um novo consist\u00f3rio no dia 19 de novembro para nomear 13 novos cardeais de cinco continentes provenientes de 11 na\u00e7\u00f5es, aos quais acrescentou dois [&hellip;]<\/p>\n","protected":false},"author":5,"featured_media":0,"comment_status":"open","ping_status":"open","sticky":false,"template":"","format":"standard","meta":{"footnotes":""},"categories":[9],"tags":[],"class_list":["post-18576","post","type-post","status-publish","format-standard","hentry","category-artigos"],"_links":{"self":[{"href":"https:\/\/catolicanet.net\/wp-cnet\/wp-json\/wp\/v2\/posts\/18576","targetHints":{"allow":["GET"]}}],"collection":[{"href":"https:\/\/catolicanet.net\/wp-cnet\/wp-json\/wp\/v2\/posts"}],"about":[{"href":"https:\/\/catolicanet.net\/wp-cnet\/wp-json\/wp\/v2\/types\/post"}],"author":[{"embeddable":true,"href":"https:\/\/catolicanet.net\/wp-cnet\/wp-json\/wp\/v2\/users\/5"}],"replies":[{"embeddable":true,"href":"https:\/\/catolicanet.net\/wp-cnet\/wp-json\/wp\/v2\/comments?post=18576"}],"version-history":[{"count":1,"href":"https:\/\/catolicanet.net\/wp-cnet\/wp-json\/wp\/v2\/posts\/18576\/revisions"}],"predecessor-version":[{"id":21260,"href":"https:\/\/catolicanet.net\/wp-cnet\/wp-json\/wp\/v2\/posts\/18576\/revisions\/21260"}],"wp:attachment":[{"href":"https:\/\/catolicanet.net\/wp-cnet\/wp-json\/wp\/v2\/media?parent=18576"}],"wp:term":[{"taxonomy":"category","embeddable":true,"href":"https:\/\/catolicanet.net\/wp-cnet\/wp-json\/wp\/v2\/categories?post=18576"},{"taxonomy":"post_tag","embeddable":true,"href":"https:\/\/catolicanet.net\/wp-cnet\/wp-json\/wp\/v2\/tags?post=18576"}],"curies":[{"name":"wp","href":"https:\/\/api.w.org\/{rel}","templated":true}]}}