{"id":18569,"date":"2016-10-06T18:57:03","date_gmt":"2016-10-06T21:57:03","guid":{"rendered":"http:\/\/catolicanet.net\/wp-cnet\/2016\/10\/06\/representantes-confirmam-presenca-no-iii-encontro-nacional-da-pastur\/"},"modified":"2017-05-26T14:13:22","modified_gmt":"2017-05-26T17:13:22","slug":"representantes-confirmam-presenca-no-iii-encontro-nacional-da-pastur","status":"publish","type":"post","link":"https:\/\/catolicanet.net\/wp-cnet\/representantes-confirmam-presenca-no-iii-encontro-nacional-da-pastur\/","title":{"rendered":"Representantes confirmam presen\u00e7a no III Encontro Nacional da Pastur"},"content":{"rendered":"<p style=\"text-align: justify;\"><img decoding=\"async\" src=\"http:\/\/www.catolicanet.com.br\/images\/stories\/noticias\/pastoral_turismo.jpg\" border=\"0\" align=\"left\" \/>Evento acontecer\u00e1 de 09 a 11 de novembro, em Caldas Novas (GO)<\/p>\n<p>Com inscritos de 11 estados do Brasil, o pr\u00f3ximo Encontro Nacional da Pastoral do Turismo (Pastur) ter\u00e1 representantes de Norte a Sul do pa\u00eds. O evento acontece entre os dias 09 e 11 de novembro, em Caldas Novas (GO).<\/p>\n<p>A atividade abordar\u00e1 o Turismo e a Ecologia Integral \u00e0 Luz da enc\u00edclica Laudato Si&#8217;, do papa Francisco. Al\u00e9m da palestra sobre o tema que ser\u00e1 ministrada pela coordenadora latino-americana da Pastur, D\u00eania Megellis, haver\u00e1 partilha de experi\u00eancias por parte de organiza\u00e7\u00f5es n\u00e3o-governamentais (ONG&#8217;s) que trabalham com turismo e ecologia no estado de Goi\u00e1s.<\/p>\n<p>Os agentes da Pastur de estados como Amazonas, Minas Gerais e Paran\u00e1 ter\u00e3o a oportunidade de refletir ainda sobre o Turismo de Base Comunit\u00e1ria, Turismo Religioso e Cultural e a rela\u00e7\u00e3o da Pastur com as outras Pastorais Sociais, na forma\u00e7\u00e3o de redes em defesa da vida. Especialistas nestas \u00e1reas provenientes do Rio Grande do Sul, Bahia e Par\u00e1 ir\u00e3o assessorar os participantes.<\/p>\n<p>O bispo de Ipameri (GO), diocese que engloba a cidade de Caldas Novas, dom Guilherme Ant\u00f4nio Werlang, tem dado apoio para a realiza\u00e7\u00e3o do evento e estar\u00e1 presente na celebra\u00e7\u00e3o de abertura, informou a Pastoral. O bispo auxiliar de Bel\u00e9m (PA) e referencial da Pastur, dom Irineu Roman, participar\u00e1 de todos os dias, interagindo com os agentes que v\u00eam de todo o pa\u00eds.<\/p>\n<p>Para mais informa\u00e7\u00f5es, acesse o site da Pastoral do Turismo.<\/p>\n<p>Fonte: CNBB<\/p>\n","protected":false},"excerpt":{"rendered":"<p>Evento acontecer\u00e1 de 09 a 11 de novembro, em Caldas Novas (GO) Com inscritos de 11 estados do Brasil, o pr\u00f3ximo Encontro Nacional da Pastoral do Turismo (Pastur) ter\u00e1 representantes de Norte a Sul do pa\u00eds. O evento acontece entre os dias 09 e 11 de novembro, em Caldas Novas (GO). A atividade abordar\u00e1 o [&hellip;]<\/p>\n","protected":false},"author":1,"featured_media":18568,"comment_status":"open","ping_status":"open","sticky":false,"template":"","format":"standard","meta":{"footnotes":""},"categories":[7],"tags":[],"class_list":["post-18569","post","type-post","status-publish","format-standard","has-post-thumbnail","hentry","category-cnbb"],"_links":{"self":[{"href":"https:\/\/catolicanet.net\/wp-cnet\/wp-json\/wp\/v2\/posts\/18569","targetHints":{"allow":["GET"]}}],"collection":[{"href":"https:\/\/catolicanet.net\/wp-cnet\/wp-json\/wp\/v2\/posts"}],"about":[{"href":"https:\/\/catolicanet.net\/wp-cnet\/wp-json\/wp\/v2\/types\/post"}],"author":[{"embeddable":true,"href":"https:\/\/catolicanet.net\/wp-cnet\/wp-json\/wp\/v2\/users\/1"}],"replies":[{"embeddable":true,"href":"https:\/\/catolicanet.net\/wp-cnet\/wp-json\/wp\/v2\/comments?post=18569"}],"version-history":[{"count":1,"href":"https:\/\/catolicanet.net\/wp-cnet\/wp-json\/wp\/v2\/posts\/18569\/revisions"}],"predecessor-version":[{"id":23409,"href":"https:\/\/catolicanet.net\/wp-cnet\/wp-json\/wp\/v2\/posts\/18569\/revisions\/23409"}],"wp:featuredmedia":[{"embeddable":true,"href":"https:\/\/catolicanet.net\/wp-cnet\/wp-json\/wp\/v2\/media\/18568"}],"wp:attachment":[{"href":"https:\/\/catolicanet.net\/wp-cnet\/wp-json\/wp\/v2\/media?parent=18569"}],"wp:term":[{"taxonomy":"category","embeddable":true,"href":"https:\/\/catolicanet.net\/wp-cnet\/wp-json\/wp\/v2\/categories?post=18569"},{"taxonomy":"post_tag","embeddable":true,"href":"https:\/\/catolicanet.net\/wp-cnet\/wp-json\/wp\/v2\/tags?post=18569"}],"curies":[{"name":"wp","href":"https:\/\/api.w.org\/{rel}","templated":true}]}}