{"id":18555,"date":"2016-10-06T14:08:33","date_gmt":"2016-10-06T17:08:33","guid":{"rendered":"http:\/\/catolicanet.net\/wp-cnet\/2016\/10\/06\/prodigio-de-ocotlan-nao-ha-festa-maior-para-celebrar-cristo-diz-cardeal\/"},"modified":"2017-05-30T16:36:13","modified_gmt":"2017-05-30T19:36:13","slug":"prodigio-de-ocotlan-nao-ha-festa-maior-para-celebrar-cristo-diz-cardeal","status":"publish","type":"post","link":"https:\/\/catolicanet.net\/wp-cnet\/prodigio-de-ocotlan-nao-ha-festa-maior-para-celebrar-cristo-diz-cardeal\/","title":{"rendered":"Prod\u00edgio de Ocotl\u00e1n: N\u00e3o h\u00e1 festa maior para celebrar Cristo, diz Cardeal"},"content":{"rendered":"<p style=\"text-align: justify;\"><img decoding=\"async\" src=\"http:\/\/www.catolicanet.com.br\/images\/stories\/noticias\/prodigioocotln_.jpg\" border=\"0\" align=\"left\" \/>JALISCO, (ACI).- Na \u00faltima segunda-feira, 3, foi celebrada a Missa de anivers\u00e1rio da apari\u00e7\u00e3o da imagem de Cristo Crucificado no c\u00e9u de Ocotl\u00e1n (M\u00e9xico), a qual foi vista em 1847 por mais de 2 mil pessoas durante mais de 30 minutos, no cemit\u00e9rio da capela da Pur\u00edssima Concei\u00e7\u00e3o dessa localidade.<\/p>\n<p>Este acontecimento hist\u00f3rico \u2013 aprovado pela Arquidiocese de Guadalajara em 1911 \u2013 ficou conhecido como \u201cO Prod\u00edgio de Ocotl\u00e1n\u201d e ocorreu um dia antes de um tremor deixar em ru\u00ednas esta localidade do estado de Jalisco, causando a morte de 40 pessoas.<\/p>\n<p>A Santa Missa, que concluiu as tradicionais festas anuais para comemorar o prod\u00edgio, foi celebrada na par\u00f3quia do Senhor da Miseric\u00f3rdia pelo Arcebispo de Guadalajara, Cardeal Francisco Robles, que exortou os fi\u00e9is a examinar \u201cnossa condi\u00e7\u00e3o de disc\u00edpulos e seguidores do Senhor da Miseric\u00f3rdia de Ocotl\u00e1n\u201d porque \u201cvale a pena celebr\u00e1-lo com autenticidade\u201d.<\/p>\n<p>\u201cN\u00e3o h\u00e1 festa maior para celebrar Cristo, nosso Deus e Senhor, nosso rei e pai amoroso, nosso irm\u00e3o mais velho e amigo, nossa verdade, vida e salva\u00e7\u00e3o\u201d.<\/p>\n<p>O Purpurado indicou que \u201cum dos frutos de nos autoexaminarmos, possivelmente, j\u00e1 n\u00e3o \u00e9 ter a gra\u00e7a de ver novamente a sua bendita imagem no c\u00e9u. Mas se nos revisamos com humildade e sinceridade em nossa condi\u00e7\u00e3o de disc\u00edpulos, ent\u00e3o j\u00e1 n\u00e3o poderemos ver Jesus Cristo no c\u00e9u, mas aqui na terra\u201d.<\/p>\n<p>\u201cPoderemos v\u00ea-lo nas ruas de Ocotl\u00e1n, nos lares e nas fam\u00edlias, porque cada disc\u00edpulo \u00e9 chamado a ser uma imagem viva de Cristo, com seus mesmos sentimentos, atitudes, pr\u00e1ticas e mesma rela\u00e7\u00e3o com Deus e com outros\u201d.<\/p>\n<p>Em seguida, o Cardeal Robles explicou que dessa forma o povo de Ocotl\u00e1n seria outro \u201cem assuntos de justi\u00e7a, fraternidade, paz, respeito \u00e0 integridade da vida humana. Se Cristo, nosso mestre, estivesse vivo e presente em cada disc\u00edpulo dele, o mundo seria diferente\u201d.<\/p>\n<p>Por esse motivo, fez uma pergunta a modo de reflex\u00e3o a todos os fi\u00e9is reunidos: \u201cSe tiv\u00e9ssemos a sorte de ver novamente a apari\u00e7\u00e3o da imagem de Jesus Cristo nos c\u00e9us e aqui entre n\u00f3s continuassem acontecendo as mesmas condi\u00e7\u00f5es de injusti\u00e7a, ego\u00edsmo, pecado, desrespeito \u00e0 vida ou de viol\u00eancia, para que nos serviria isso se permanec\u00eassemos na escurid\u00e3o e nas trevas?\u201d.<\/p>\n<p>\u201cNecessitamos da gra\u00e7a de experimentar a sua miseric\u00f3rdia para nos tornar suas testemunhas e disc\u00edpulos. Que haja um Cristo vivente em cada um de n\u00f3s. Nosso mundo precisa destas express\u00f5es de amor e de miseric\u00f3rdia. Como diz o Papa Francisco, \u2018nosso mundo necessita da ternura de Deus\u2019, mas esta se tornar\u00e1 presente na medida em que n\u00f3s a experimentemos e demos testemunho\u201d, acrescentou.<\/p>\n<p>Finalmente, o Purpurado expressou que \u201cdevemos pedir a gra\u00e7a de pouco a pouco assemelhar-nos a Ele\u201d.<\/p>\n<p>\u201cContinuemos celebrando Jesus Cristo presente nesta imagem bendita da sua miseric\u00f3rdia. Continuemos celebrando Jesus Cristo em sua palavra, que acabamos de escutar, mas especialmente em sua presen\u00e7a real, seu corpo e sangue entregue para a nossa salva\u00e7\u00e3o\u201d, concluiu.<\/p>\n<p style=\"text-align: justify;\">\u00a0<\/p>\n<p style=\"text-align: justify;\">Fonte: Acidigital<\/p>\n","protected":false},"excerpt":{"rendered":"<p>JALISCO, (ACI).- Na \u00faltima segunda-feira, 3, foi celebrada a Missa de anivers\u00e1rio da apari\u00e7\u00e3o da imagem de Cristo Crucificado no c\u00e9u de Ocotl\u00e1n (M\u00e9xico), a qual foi vista em 1847 por mais de 2 mil pessoas durante mais de 30 minutos, no cemit\u00e9rio da capela da Pur\u00edssima Concei\u00e7\u00e3o dessa localidade. Este acontecimento hist\u00f3rico \u2013 aprovado [&hellip;]<\/p>\n","protected":false},"author":1,"featured_media":18554,"comment_status":"open","ping_status":"open","sticky":false,"template":"","format":"standard","meta":{"footnotes":""},"categories":[4],"tags":[],"class_list":["post-18555","post","type-post","status-publish","format-standard","has-post-thumbnail","hentry","category-cotidiano"],"_links":{"self":[{"href":"https:\/\/catolicanet.net\/wp-cnet\/wp-json\/wp\/v2\/posts\/18555","targetHints":{"allow":["GET"]}}],"collection":[{"href":"https:\/\/catolicanet.net\/wp-cnet\/wp-json\/wp\/v2\/posts"}],"about":[{"href":"https:\/\/catolicanet.net\/wp-cnet\/wp-json\/wp\/v2\/types\/post"}],"author":[{"embeddable":true,"href":"https:\/\/catolicanet.net\/wp-cnet\/wp-json\/wp\/v2\/users\/1"}],"replies":[{"embeddable":true,"href":"https:\/\/catolicanet.net\/wp-cnet\/wp-json\/wp\/v2\/comments?post=18555"}],"version-history":[{"count":1,"href":"https:\/\/catolicanet.net\/wp-cnet\/wp-json\/wp\/v2\/posts\/18555\/revisions"}],"predecessor-version":[{"id":25110,"href":"https:\/\/catolicanet.net\/wp-cnet\/wp-json\/wp\/v2\/posts\/18555\/revisions\/25110"}],"wp:featuredmedia":[{"embeddable":true,"href":"https:\/\/catolicanet.net\/wp-cnet\/wp-json\/wp\/v2\/media\/18554"}],"wp:attachment":[{"href":"https:\/\/catolicanet.net\/wp-cnet\/wp-json\/wp\/v2\/media?parent=18555"}],"wp:term":[{"taxonomy":"category","embeddable":true,"href":"https:\/\/catolicanet.net\/wp-cnet\/wp-json\/wp\/v2\/categories?post=18555"},{"taxonomy":"post_tag","embeddable":true,"href":"https:\/\/catolicanet.net\/wp-cnet\/wp-json\/wp\/v2\/tags?post=18555"}],"curies":[{"name":"wp","href":"https:\/\/api.w.org\/{rel}","templated":true}]}}