{"id":18495,"date":"2016-10-04T19:07:35","date_gmt":"2016-10-04T22:07:35","guid":{"rendered":"http:\/\/catolicanet.net\/wp-cnet\/2016\/10\/04\/ataque-em-casamento-no-nordeste-da-siria-deixa-34-mortos\/"},"modified":"2017-05-30T16:36:16","modified_gmt":"2017-05-30T19:36:16","slug":"ataque-em-casamento-no-nordeste-da-siria-deixa-34-mortos","status":"publish","type":"post","link":"https:\/\/catolicanet.net\/wp-cnet\/ataque-em-casamento-no-nordeste-da-siria-deixa-34-mortos\/","title":{"rendered":"Ataque em casamento no nordeste da S\u00edria deixa 34 mortos"},"content":{"rendered":"<p style=\"text-align: justify;\"><img decoding=\"async\" src=\"http:\/\/www.catolicanet.com.br\/images\/stories\/noticias\/1few5aek.jpg\" border=\"0\" align=\"left\" \/>O Estado Isl\u00e2mico reivindicou o atentado<\/p>\n<p style=\"text-align: justify;\">Vinte pessoas morreram e 120 ficaram feridas na explos\u00e3o de uma bomba diante de um popular santu\u00e1rio religioso em Bangcoc na segunda-feira<\/p>\n<p>Trinta e quatro pessoas morreram no atentado suicida executado na segunda-feira pelo grupo extremista Estado Isl\u00e2mico (EI) em um casamento na regi\u00e3o curda do nordeste da S\u00edria, de acordo com um balan\u00e7o atualizado.<\/p>\n<p>O atentado tamb\u00e9m deixou 100 feridos na localidade de Tall Tawil, ao norte de Hassake, onde era realizado o casamento de um integrante de um partido curdo.<\/p>\n<p>O Observat\u00f3rio S\u00edrio dos Direitos Humanos (OSDH) informou que o atentado provocou 36 mortes.<\/p>\n<p>O balan\u00e7o anterior do OSDH citava 31 pessoas mortas.<\/p>\n<p>Os noivos escaparam ilesos do atentado, de acordo com a ONG.<\/p>\n<p>O marido, Zaradesht Mustaf\u00e1 Fatimi, \u00e9 integrante de uma poderosa fam\u00edlia curda envolvida na administra\u00e7\u00e3o semiaut\u00f4noma do norte da S\u00edria.<\/p>\n<p>Fatimi \u00e9 membro do partido curdo local e das For\u00e7as Democr\u00e1ticas S\u00edrias (FDS), uma coaliz\u00e3o \u00e1rabe-curda que combate o grupo extremista Estado Isl\u00e2mico (EI) com a ajuda dos Estados Unidos.<\/p>\n<p>O EI reivindicou o atentado e afirmou que um de seus combatentes abriu fogo contra uma grande concentra\u00e7\u00e3o de combatentes curdos e depois ativou os explosivos presos ao corpo.<\/p>\n<p>De acordo com o texto do EI, que n\u00e3o menciona o casamento, o atentado matou 40 pessoas.<\/p>\n<p style=\"text-align: justify;\">\u00a0<\/p>\n<p style=\"text-align: justify;\">Fonte: Aleteia<\/p>\n","protected":false},"excerpt":{"rendered":"<p>O Estado Isl\u00e2mico reivindicou o atentado Vinte pessoas morreram e 120 ficaram feridas na explos\u00e3o de uma bomba diante de um popular santu\u00e1rio religioso em Bangcoc na segunda-feira Trinta e quatro pessoas morreram no atentado suicida executado na segunda-feira pelo grupo extremista Estado Isl\u00e2mico (EI) em um casamento na regi\u00e3o curda do nordeste da S\u00edria, [&hellip;]<\/p>\n","protected":false},"author":1,"featured_media":18494,"comment_status":"open","ping_status":"open","sticky":false,"template":"","format":"standard","meta":{"footnotes":""},"categories":[4],"tags":[],"class_list":["post-18495","post","type-post","status-publish","format-standard","has-post-thumbnail","hentry","category-cotidiano"],"_links":{"self":[{"href":"https:\/\/catolicanet.net\/wp-cnet\/wp-json\/wp\/v2\/posts\/18495","targetHints":{"allow":["GET"]}}],"collection":[{"href":"https:\/\/catolicanet.net\/wp-cnet\/wp-json\/wp\/v2\/posts"}],"about":[{"href":"https:\/\/catolicanet.net\/wp-cnet\/wp-json\/wp\/v2\/types\/post"}],"author":[{"embeddable":true,"href":"https:\/\/catolicanet.net\/wp-cnet\/wp-json\/wp\/v2\/users\/1"}],"replies":[{"embeddable":true,"href":"https:\/\/catolicanet.net\/wp-cnet\/wp-json\/wp\/v2\/comments?post=18495"}],"version-history":[{"count":1,"href":"https:\/\/catolicanet.net\/wp-cnet\/wp-json\/wp\/v2\/posts\/18495\/revisions"}],"predecessor-version":[{"id":25119,"href":"https:\/\/catolicanet.net\/wp-cnet\/wp-json\/wp\/v2\/posts\/18495\/revisions\/25119"}],"wp:featuredmedia":[{"embeddable":true,"href":"https:\/\/catolicanet.net\/wp-cnet\/wp-json\/wp\/v2\/media\/18494"}],"wp:attachment":[{"href":"https:\/\/catolicanet.net\/wp-cnet\/wp-json\/wp\/v2\/media?parent=18495"}],"wp:term":[{"taxonomy":"category","embeddable":true,"href":"https:\/\/catolicanet.net\/wp-cnet\/wp-json\/wp\/v2\/categories?post=18495"},{"taxonomy":"post_tag","embeddable":true,"href":"https:\/\/catolicanet.net\/wp-cnet\/wp-json\/wp\/v2\/tags?post=18495"}],"curies":[{"name":"wp","href":"https:\/\/api.w.org\/{rel}","templated":true}]}}