{"id":18491,"date":"2016-10-04T17:11:30","date_gmt":"2016-10-04T20:11:30","guid":{"rendered":"http:\/\/catolicanet.net\/wp-cnet\/2016\/10\/04\/o-que-disse-o-papa-francisco-sobre-os-transexuais-aqui-sua-resposta-completa\/"},"modified":"2017-05-30T16:36:17","modified_gmt":"2017-05-30T19:36:17","slug":"o-que-disse-o-papa-francisco-sobre-os-transexuais-aqui-sua-resposta-completa","status":"publish","type":"post","link":"https:\/\/catolicanet.net\/wp-cnet\/o-que-disse-o-papa-francisco-sobre-os-transexuais-aqui-sua-resposta-completa\/","title":{"rendered":"O que disse o Papa Francisco sobre os transexuais? Aqui sua resposta completa"},"content":{"rendered":"<p style=\"text-align: justify;\"><img decoding=\"async\" src=\"http:\/\/www.catolicanet.com.br\/images\/stories\/papas\/02102016.jpg\" border=\"0\" align=\"left\" \/>VATICANO, (ACI).- Durante a coletiva de imprensa no domingo, 2 de outubro, como costuma fazer na volta das suas viagens internacionais, o Papa Francisco respondeu a uma pergunta a respeito do acompanhamento \u00e0s pessoas transexuais.<\/p>\n<p>A seguir, a pergunta do jornalista e a resposta completa do Santo Padre na qual tamb\u00e9m fala acerca da ideologia de g\u00eanero:<\/p>\n<p>Josh McElwee, do National Catholic Reporter: Obrigado Santo Padre. Nesse mesmo discurso de ontem na Ge\u00f3rgia, falou como em muitos outros pa\u00edses, da teoria de g\u00eanero, dizendo que \u00e9 a grande inimiga e uma amea\u00e7a contra o matrim\u00f4nio. Mas eu gostaria de perguntar o que diria a uma pessoa que sofreu por anos com sua sexualidade? Se realmente sente que \u00e9 um problema biol\u00f3gico que seu aspecto f\u00edsico n\u00e3o corresponde ao que ele ou ela considera sua identidade sexual. O senhor, como pastor e ministro, como acompanharia a estas pessoas?<\/p>\n<p>Papa Francisco: \u201cAntes de tudo, acompanhei na minha vida de sacerdote, de bispo e at\u00e9 de Papa pessoas com tend\u00eancia e tamb\u00e9m com pr\u00e1tica homossexual. Eu as acompanhei e aproximei do Senhor, alguns n\u00e3o podiam, mas acompanhei e nunca abandonei ningu\u00e9m, que isto fique claro.<\/p>\n<p>As pessoas devem ser acompanhadas como as acompanha Jesus. Quando uma pessoa tem essa condi\u00e7\u00e3o e chega diante de Jesus, o Senhor n\u00e3o lhe dir\u00e1: Vai embora porque voc\u00ea \u00e9 homossexual! N\u00e3o!<\/p>\n<p>Eu me referi sobre a maldade que se faz hoje com a doutrina\u00e7\u00e3o da teoria de g\u00eanero.<\/p>\n<p>Um pai franc\u00eas me contou que falava na mesa com os filhos \u2013 cat\u00f3licos eles e a esposa, cat\u00f3licos n\u00e3o t\u00e3o comprometidos, mas cat\u00f3licos \u2013 e perguntou ao menino de 10 anos: \u2018O que quer ser quando crescer? \u2019 \u2018Uma menina\u2019.<\/p>\n<p>O pai notou que o livro da escola ensinava a teoria de g\u00eanero e isso vai contra as coisas naturais. Uma coisa \u00e9 a pessoa ter essa tend\u00eancia, essa op\u00e7\u00e3o, e tamb\u00e9m quem muda de sexo. Outra coisa \u00e9 ensinar nas escolas esta linha para mudar a mentalidade. Isso eu chamo de coloniza\u00e7\u00f5es ideol\u00f3gicas.<\/p>\n<p>No ano passado, recebi uma carta de um espanhol que me cantou sua hist\u00f3ria de que era crian\u00e7a e jovem. Era uma menina, uma mo\u00e7a. Sofreu muito porque se sentia rapaz, mas fisicamente era uma mo\u00e7a.<\/p>\n<p>Contou para a sua m\u00e3e, aos 20, 22 anos, e disse que tinha vontade de fazer a interven\u00e7\u00e3o cir\u00fargica; a sua m\u00e3e pediu por favor para n\u00e3o faz\u00ea-la enquanto ela estivesse viva, e a senhora morreu de repente.<\/p>\n<p>Fez a interven\u00e7\u00e3o, \u00e9 um funcion\u00e1rio de um minist\u00e9rio de uma cidade da Espanha, e foi visitar o bispo que o acompanhou muito. Um bom bispo que \u2018perdia tempo\u2019 para acompanhar este homem.<\/p>\n<p>Em seguida, se casou, mudou sua identidade civil e me escreveu uma carta dizendo que para ele era um consolo vir com a sua esposa. Ele que era ela, que \u00e9 ele, e os recebi. Estavam contentes.<\/p>\n<p>No bairro onde ele vivia, havia um sacerdote de 80 anos, um p\u00e1roco idoso de 80 anos que tinha deixado a par\u00f3quia e ajudava as religiosas deste local. E chegou um p\u00e1roco novo. Quando o novo o via, gritava da cal\u00e7ada: \u2018Voc\u00ea ir\u00e1 ao inferno\u2019, quando encontrava o sacerdote idoso ele lhe perguntava: \u2018h\u00e1 quanto voc\u00ea n\u00e3o se confessa? Posso te confessar para que voc\u00ea possa receber a comunh\u00e3o\u2019. Entendeu?<\/p>\n<p>A vida \u00e9 a vida e as coisas se devem tomar como v\u00eam. O pecado \u00e9 pecado e as tend\u00eancias ou desequil\u00edbrios hormonais causam muitos problemas e devemos estar atentos a n\u00e3o dizer: \u00c9 tudo a mesma coisa ou fa\u00e7amos festa. N\u00e3o. Isto n\u00e3o.<\/p>\n<p>Mas acolher, acompanhar, estudar, discernir e integrar cada caso. Isto \u00e9 o que faria Jesus hoje.<\/p>\n<p>Por favor n\u00e3o digam: \u2018o Papa santificar\u00e1 os trans\u2019. Por favor! Porque j\u00e1 vejo as manchetes dos jornais. N\u00e3o. Se houver alguma d\u00favida acerca do que disse, quero ser claro: \u00e9 um problema de moral, \u00e9 um problema humano e deve ser resolvido como \u00e9 poss\u00edvel, sempre com a miseric\u00f3rdia de Deus, com a verdade, como falamos no caso do matrim\u00f4nio, lendo toda a Amoris Laetitia. Sempre assim, com o cora\u00e7\u00e3o aberto.<\/p>\n<p style=\"text-align: justify;\">\u00a0<\/p>\n<p style=\"text-align: justify;\">Fonte: Acidigital<\/p>\n","protected":false},"excerpt":{"rendered":"<p>VATICANO, (ACI).- Durante a coletiva de imprensa no domingo, 2 de outubro, como costuma fazer na volta das suas viagens internacionais, o Papa Francisco respondeu a uma pergunta a respeito do acompanhamento \u00e0s pessoas transexuais. A seguir, a pergunta do jornalista e a resposta completa do Santo Padre na qual tamb\u00e9m fala acerca da ideologia [&hellip;]<\/p>\n","protected":false},"author":1,"featured_media":18490,"comment_status":"open","ping_status":"open","sticky":false,"template":"","format":"standard","meta":{"footnotes":""},"categories":[4],"tags":[],"class_list":["post-18491","post","type-post","status-publish","format-standard","has-post-thumbnail","hentry","category-cotidiano"],"_links":{"self":[{"href":"https:\/\/catolicanet.net\/wp-cnet\/wp-json\/wp\/v2\/posts\/18491","targetHints":{"allow":["GET"]}}],"collection":[{"href":"https:\/\/catolicanet.net\/wp-cnet\/wp-json\/wp\/v2\/posts"}],"about":[{"href":"https:\/\/catolicanet.net\/wp-cnet\/wp-json\/wp\/v2\/types\/post"}],"author":[{"embeddable":true,"href":"https:\/\/catolicanet.net\/wp-cnet\/wp-json\/wp\/v2\/users\/1"}],"replies":[{"embeddable":true,"href":"https:\/\/catolicanet.net\/wp-cnet\/wp-json\/wp\/v2\/comments?post=18491"}],"version-history":[{"count":1,"href":"https:\/\/catolicanet.net\/wp-cnet\/wp-json\/wp\/v2\/posts\/18491\/revisions"}],"predecessor-version":[{"id":25121,"href":"https:\/\/catolicanet.net\/wp-cnet\/wp-json\/wp\/v2\/posts\/18491\/revisions\/25121"}],"wp:featuredmedia":[{"embeddable":true,"href":"https:\/\/catolicanet.net\/wp-cnet\/wp-json\/wp\/v2\/media\/18490"}],"wp:attachment":[{"href":"https:\/\/catolicanet.net\/wp-cnet\/wp-json\/wp\/v2\/media?parent=18491"}],"wp:term":[{"taxonomy":"category","embeddable":true,"href":"https:\/\/catolicanet.net\/wp-cnet\/wp-json\/wp\/v2\/categories?post=18491"},{"taxonomy":"post_tag","embeddable":true,"href":"https:\/\/catolicanet.net\/wp-cnet\/wp-json\/wp\/v2\/tags?post=18491"}],"curies":[{"name":"wp","href":"https:\/\/api.w.org\/{rel}","templated":true}]}}