{"id":18489,"date":"2016-10-04T16:56:43","date_gmt":"2016-10-04T19:56:43","guid":{"rendered":"http:\/\/catolicanet.net\/wp-cnet\/2016\/10\/04\/dom-orani-chama-atencao-para-a-urgencia-de-proteger-a-vida\/"},"modified":"2017-05-30T16:36:56","modified_gmt":"2017-05-30T19:36:56","slug":"dom-orani-chama-atencao-para-a-urgencia-de-proteger-a-vida","status":"publish","type":"post","link":"https:\/\/catolicanet.net\/wp-cnet\/dom-orani-chama-atencao-para-a-urgencia-de-proteger-a-vida\/","title":{"rendered":"Dom Orani chama aten\u00e7\u00e3o para a urg\u00eancia de proteger a vida"},"content":{"rendered":"<p style=\"text-align: justify;\"><img decoding=\"async\" src=\"http:\/\/www.catolicanet.com.br\/images\/stories\/noticias\/ecografiapadres.jpg\" border=\"0\" align=\"left\" \/>Rio de Janeiro, (ACI).- Nestes dias em que a Igreja no Brasil celebra a Semana Nacional da Vida, o Arcebispo do Rio de Janeiro, Cardeal Orani Jo\u00e3o Tempesta, chama a aten\u00e7\u00e3o para o fato de que muitas vezes a vida n\u00e3o \u00e9 protegida como deve ser de fato.<\/p>\n<p>\u201cA julgar pelas campanhas nacionais e internacionais, parece que o ser humano respeita mais os ovos de tartaruga e as \u00e1rvores do que o seu filho no ventre da m\u00e3e\u201d, lamenta o Purpurado em um artigo intitulado \u2018O Valor da Vida\u2019.<\/p>\n<p>Dom Orani alerta que o \u201caborto \u00e9 uma realidade triste de nossos tempos\u201d e que tende a aumentar por conta das propagandas. \u201cTenta-se utilizar outros termos menos agressivos, como interrup\u00e7\u00e3o da gravidez e outros\u201d, indica.<\/p>\n<p>No texto, o Arcebispo explica os dois tipos de aborto existentes: o espont\u00e2neo e o provocado. O primeiro \u201c\u00e9 aquele que acontece por causas naturais, sem interven\u00e7\u00e3o especial humana\u201d e que possui \u201cmuitas causas\u201d.<\/p>\n<p>J\u00e1 o aborto provocado \u2013 esclarece \u2013 \u201c\u00e9 aquele que acontece pela interven\u00e7\u00e3o do homem\u201d. Neste caso, ressalta que \u201cas causas que est\u00e3o na origem da provoca\u00e7\u00e3o do aborto n\u00e3o se justificam, pois \u00e9 uma vida humana que est\u00e1 em jogo\u201d.<\/p>\n<p>Dom Orani deixa claro que \u201cno momento em que se d\u00e1 a fecunda\u00e7\u00e3o do \u00f3vulo pelo s\u00eamen masculino, nasce uma nova vida\u201d. Dessa forma, o feto que est\u00e1 sendo gestado \u201cn\u00e3o \u00e9 parte nem do pai e nem da m\u00e3e; \u00e9 um novo ser\u201d.<\/p>\n<p>\u201c\u00c9 absurda a ideia de que dever\u00edamos esperar semanas ou meses depois da fecunda\u00e7\u00e3o para considerar que aquele feto seja reconhecido como um ser humano, com direito a prosseguir o seu caminho de vida\u201d, afirma o Arcebispo, em contraposi\u00e7\u00e3o \u00e0queles que defendem a pr\u00e1tica do aborto nas primeiras semanas de gesta\u00e7\u00e3o.<\/p>\n<p>Frente a esta realidade, \u201ca Confer\u00eancia Nacional dos Bispos do Brasil (CNBB) instituiu, na 43\u00aa Assembleia Geral dos Bispos do Brasil, em 2005, a primeira semana de outubro como Semana Nacional da Vida, sendo o dia 8 como Dia do Nascituro\u201d.<\/p>\n<p>Trata-se de uma data para ser comemorada e \u201cpara rezar por todos os nascituros, j\u00e1 que, al\u00e9m dos riscos naturais a que est\u00e3o expostos, ainda existem v\u00e1rias correntes sociais e politicas pr\u00f3-aborto\u201d.<\/p>\n<p>\u201cA vida deve ser defendida e preservada desde a sua concep\u00e7\u00e3o at\u00e9 a morte natural\u201d, sentencia, acrescentando que \u201co Dia do Nascituro nos desperta para a consci\u00eancia de que h\u00e1 direitos do ser humano de conservar a sua vida em est\u00e1gio intrauterino\u201d.<\/p>\n<p>Segundo o Cardeal, a doutrina da Igreja sobre o aborto \u00e9 enf\u00e1tica ao formular que \u201ctodo ser humano, inclusive a crian\u00e7a ainda no seio materno, possui o direito \u00e0 vida imediatamente de Deus, n\u00e3o dos pais nem de qualquer outra autoridade humana. Portanto, n\u00e3o existe homem algum, autoridade alguma humana, nenhum tipo de \u2018indica\u00e7\u00e3o\u2019 (m\u00e9dica, eugen\u00e9sica, social, moral) que possa exibir um t\u00edtulo v\u00e1lido para uma direta disposi\u00e7\u00e3o deliberada sobre uma vida humana inocente\u201d.<\/p>\n<p>Sendo isso, pontua que \u201co ser humano deve ser respeitado como pessoa desde o primeiro momento de sua exist\u00eancia\u201d e a vida humana deve ser protegida desde a concep\u00e7\u00e3o.<\/p>\n<p>\u201cO respeito \u00e0 vida aparece como um dos princ\u00edpios mais fundamentais e evidentes. A no\u00e7\u00e3o de base \u00e9 o respeito da vida humana integralmente, do in\u00edcio ao fim\u201d, declara.<\/p>\n<p>Dom Orani ressalta ainda que para \u201cn\u00f3s que cremos em Deus, um sinal inquestion\u00e1vel desse valor \u00e9 o fato de o pr\u00f3prio Criador ter escolhido passar por esse caminho da exist\u00eancia humana e fazer essa nossa experi\u00eancia de ser gente indefesa, sob a guarda dos seus pais\u201d.<\/p>\n<p>\u201cO Filho de Deus poderia ter entrado no mundo de qualquer forma que quisesse, mas escolheu ser nascituro. Com isso, esse momento da vida humana, que j\u00e1 era grande por si mesmo, ganhou significado divino, porque o pr\u00f3prio Deus se fez nascituro\u201d, acrescenta.<\/p>\n<p>Por fim, exorta todos, \u201ccomo pessoas conscientes e como crist\u00e3os\u201d a n\u00e3o \u201cdeixar que a \u2018cultura de morte\u2019 assuma seu papel de transformar para pior a nossa sociedade j\u00e1 t\u00e3o machucada e sofrida\u201d.<\/p>\n<p style=\"text-align: justify;\">\u00a0<\/p>\n<p style=\"text-align: justify;\">Fonte: Acidigital<\/p>\n","protected":false},"excerpt":{"rendered":"<p>Rio de Janeiro, (ACI).- Nestes dias em que a Igreja no Brasil celebra a Semana Nacional da Vida, o Arcebispo do Rio de Janeiro, Cardeal Orani Jo\u00e3o Tempesta, chama a aten\u00e7\u00e3o para o fato de que muitas vezes a vida n\u00e3o \u00e9 protegida como deve ser de fato. \u201cA julgar pelas campanhas nacionais e internacionais, [&hellip;]<\/p>\n","protected":false},"author":1,"featured_media":18488,"comment_status":"open","ping_status":"open","sticky":false,"template":"","format":"standard","meta":{"footnotes":""},"categories":[4],"tags":[],"class_list":["post-18489","post","type-post","status-publish","format-standard","has-post-thumbnail","hentry","category-cotidiano"],"_links":{"self":[{"href":"https:\/\/catolicanet.net\/wp-cnet\/wp-json\/wp\/v2\/posts\/18489","targetHints":{"allow":["GET"]}}],"collection":[{"href":"https:\/\/catolicanet.net\/wp-cnet\/wp-json\/wp\/v2\/posts"}],"about":[{"href":"https:\/\/catolicanet.net\/wp-cnet\/wp-json\/wp\/v2\/types\/post"}],"author":[{"embeddable":true,"href":"https:\/\/catolicanet.net\/wp-cnet\/wp-json\/wp\/v2\/users\/1"}],"replies":[{"embeddable":true,"href":"https:\/\/catolicanet.net\/wp-cnet\/wp-json\/wp\/v2\/comments?post=18489"}],"version-history":[{"count":1,"href":"https:\/\/catolicanet.net\/wp-cnet\/wp-json\/wp\/v2\/posts\/18489\/revisions"}],"predecessor-version":[{"id":25122,"href":"https:\/\/catolicanet.net\/wp-cnet\/wp-json\/wp\/v2\/posts\/18489\/revisions\/25122"}],"wp:featuredmedia":[{"embeddable":true,"href":"https:\/\/catolicanet.net\/wp-cnet\/wp-json\/wp\/v2\/media\/18488"}],"wp:attachment":[{"href":"https:\/\/catolicanet.net\/wp-cnet\/wp-json\/wp\/v2\/media?parent=18489"}],"wp:term":[{"taxonomy":"category","embeddable":true,"href":"https:\/\/catolicanet.net\/wp-cnet\/wp-json\/wp\/v2\/categories?post=18489"},{"taxonomy":"post_tag","embeddable":true,"href":"https:\/\/catolicanet.net\/wp-cnet\/wp-json\/wp\/v2\/tags?post=18489"}],"curies":[{"name":"wp","href":"https:\/\/api.w.org\/{rel}","templated":true}]}}