{"id":18485,"date":"2016-10-04T16:47:25","date_gmt":"2016-10-04T19:47:25","guid":{"rendered":"http:\/\/catolicanet.net\/wp-cnet\/2016\/10\/04\/lamego-bispo-diocesano-convoca-todos-para-uma-lexperiencia-viva-de-missaor\/"},"modified":"2017-05-30T16:36:56","modified_gmt":"2017-05-30T19:36:56","slug":"lamego-bispo-diocesano-convoca-todos-para-uma-lexperiencia-viva-de-missaor","status":"publish","type":"post","link":"https:\/\/catolicanet.net\/wp-cnet\/lamego-bispo-diocesano-convoca-todos-para-uma-lexperiencia-viva-de-missaor\/","title":{"rendered":"Lamego: Bispo diocesano convoca todos para uma \u00abexperi\u00eancia viva de miss\u00e3o\u00bb"},"content":{"rendered":"<p style=\"text-align: justify;\"><img decoding=\"async\" src=\"http:\/\/www.catolicanet.com.br\/images\/stories\/noticias\/ano_pastoral_lamego_2016_2017.jpg\" border=\"0\" align=\"left\" \/>D. Ant\u00f4nio Couto publicou Carta Pastoral para 2016-2017 e o plano de atividades<\/p>\n<p>Lamego, 04 out 2016 (Ecclesia) \u2013 O bispo de Lamego afirmou na Carta Pastoral para o ano 2016-2017 que \u00e9 preciso transformar os que j\u00e1 frequentam as par\u00f3quias em \u201cverdadeiros Evangelizadores\u201d e convocou todos os diocesanos para uma \u201cexperi\u00eancia viva de miss\u00e3o\u201d.<\/p>\n<p>\u201cA Evangeliza\u00e7\u00e3o \u00e9 o nosso verdadeiro gerador de alegria e de energia. Ningu\u00e9m pode ser apenas mero espectador ou recipiente do Evangelho. Esta atitude gera cansa\u00e7o e desist\u00eancia, fal\u00eancia a curto ou m\u00e9dio prazo\u201d, referiu D. Ant\u00f4nio Couto na Carta Pastoral \u201cIde por todo o mundo e anunciai o Evangelho a toda a criatura\u201d.<\/p>\n<p>Para o bispo de Lamego, \u201c\u00e9 preciso dar um colorido novo a tudo o que j\u00e1 existe\u201d.<\/p>\n<p>\u201c\u00c9 necess\u00e1rio que os grupos j\u00e1 existentes aumentem em quantidade e qualidade. \u00c9 urgente fazer surgir novos grupos. Por exemplo, grupos de Evangeliza\u00e7\u00e3o, de acolhimento, de escuta, de ora\u00e7\u00e3o, de visita\u00e7\u00e3o, de leitura, de estudo e reflex\u00e3o, de caridade, escolas ou laborat\u00f3rios de viv\u00eancia e transmiss\u00e3o da f\u00e9\u201d, sublinhou.<\/p>\n<p>D. Ant\u00f4nio Couto convocou todos os diocesanos de Lamego para uma \u201cexperi\u00eancia viva de miss\u00e3o, de ora\u00e7\u00e3o e de alegria\u201d: \u201csacerdotes, di\u00e1conos, consagrados, consagradas, fi\u00e9is leigos, pais, m\u00e3es, av\u00f4s, av\u00f3s, fam\u00edlias, jovens, crian\u00e7as, catequistas, ac\u00f3litos, leitores, agentes envolvidos na pastoral, membros dos movimentos de apostolado\u201d.<\/p>\n<p>Na Carta Pastoral \u201cIde por todo o mundo e anunciai o Evangelho a toda a criatura\u201d, o bispo de Lamego identifica as caracter\u00edsticas do \u201cdisc\u00edpulo mission\u00e1rio\u201d que, \u201cenquanto testemunha e anunciador do Evangelho, n\u00e3o pode ser um simples animador ou monitor, mas transpar\u00eancia ou testemunha fiel da presen\u00e7a viva e operante do pr\u00f3prio Senhor no meio da comunidade\u201d.<\/p>\n<p>\u201cO disc\u00edpulo mission\u00e1rio tem de passar do tempo do rel\u00f3gio e do mero aux\u00edlio para o dom total de si. A tempo inteiro e corpo inteiro\u201d, refere o bispo de Lamego, sustentando depois as carater\u00edsticas do disc\u00edpulo mission\u00e1rio na Sagrada Escritura, na Teologia e nos documentos do Magist\u00e9rio da Igreja.<\/p>\n<p>Para D. Ant\u00f4nio Couto \u00e9 necess\u00e1rio passar urgentemente \u201cde uma f\u00e9 de mera conven\u00e7\u00e3o para uma f\u00e9 de entranhada convic\u00e7\u00e3o, assente em pessoas e comunidades que sintam a necessidade de encontrar, saber e anunciar Jesus Cristo\u201d.<\/p>\n<p>A Carta Pastoral \u201cIde por todo o mundo e anunciai o Evangelho a toda a criatura\u201d assim como o Plano Pastoral 2016-2017 foram apresentados \u00e0 Diocese de Lamego na abertura do Ano Pastoral, no dia 1 de outubro, e est\u00e3o publicados integralmente na p\u00e1gina da internet diocesana.<\/p>\n<p>Esta quarta-feira, dia 5 de outubro, vai decorrer a Assembleia Geral do Clero da Diocese de Lamego.<\/p>\n<p style=\"text-align: justify;\">\u00a0<\/p>\n<p style=\"text-align: justify;\">Fonte: Ag\u00eancia Ecclesia<\/p>\n","protected":false},"excerpt":{"rendered":"<p>D. Ant\u00f4nio Couto publicou Carta Pastoral para 2016-2017 e o plano de atividades Lamego, 04 out 2016 (Ecclesia) \u2013 O bispo de Lamego afirmou na Carta Pastoral para o ano 2016-2017 que \u00e9 preciso transformar os que j\u00e1 frequentam as par\u00f3quias em \u201cverdadeiros Evangelizadores\u201d e convocou todos os diocesanos para uma \u201cexperi\u00eancia viva de miss\u00e3o\u201d. [&hellip;]<\/p>\n","protected":false},"author":1,"featured_media":18484,"comment_status":"open","ping_status":"open","sticky":false,"template":"","format":"standard","meta":{"footnotes":""},"categories":[4],"tags":[],"class_list":["post-18485","post","type-post","status-publish","format-standard","has-post-thumbnail","hentry","category-cotidiano"],"_links":{"self":[{"href":"https:\/\/catolicanet.net\/wp-cnet\/wp-json\/wp\/v2\/posts\/18485","targetHints":{"allow":["GET"]}}],"collection":[{"href":"https:\/\/catolicanet.net\/wp-cnet\/wp-json\/wp\/v2\/posts"}],"about":[{"href":"https:\/\/catolicanet.net\/wp-cnet\/wp-json\/wp\/v2\/types\/post"}],"author":[{"embeddable":true,"href":"https:\/\/catolicanet.net\/wp-cnet\/wp-json\/wp\/v2\/users\/1"}],"replies":[{"embeddable":true,"href":"https:\/\/catolicanet.net\/wp-cnet\/wp-json\/wp\/v2\/comments?post=18485"}],"version-history":[{"count":1,"href":"https:\/\/catolicanet.net\/wp-cnet\/wp-json\/wp\/v2\/posts\/18485\/revisions"}],"predecessor-version":[{"id":25124,"href":"https:\/\/catolicanet.net\/wp-cnet\/wp-json\/wp\/v2\/posts\/18485\/revisions\/25124"}],"wp:featuredmedia":[{"embeddable":true,"href":"https:\/\/catolicanet.net\/wp-cnet\/wp-json\/wp\/v2\/media\/18484"}],"wp:attachment":[{"href":"https:\/\/catolicanet.net\/wp-cnet\/wp-json\/wp\/v2\/media?parent=18485"}],"wp:term":[{"taxonomy":"category","embeddable":true,"href":"https:\/\/catolicanet.net\/wp-cnet\/wp-json\/wp\/v2\/categories?post=18485"},{"taxonomy":"post_tag","embeddable":true,"href":"https:\/\/catolicanet.net\/wp-cnet\/wp-json\/wp\/v2\/tags?post=18485"}],"curies":[{"name":"wp","href":"https:\/\/api.w.org\/{rel}","templated":true}]}}