{"id":18481,"date":"2016-10-04T16:38:59","date_gmt":"2016-10-04T19:38:59","guid":{"rendered":"http:\/\/catolicanet.net\/wp-cnet\/2016\/10\/04\/igreja-musical-lcalcutar-apresenta-historia-e-mensagem-de-madre-teresa\/"},"modified":"2017-05-30T16:36:57","modified_gmt":"2017-05-30T19:36:57","slug":"igreja-musical-lcalcutar-apresenta-historia-e-mensagem-de-madre-teresa","status":"publish","type":"post","link":"https:\/\/catolicanet.net\/wp-cnet\/igreja-musical-lcalcutar-apresenta-historia-e-mensagem-de-madre-teresa\/","title":{"rendered":"Igreja: Musical \u00abCalcut\u00e1\u00bb apresenta hist\u00f3ria e mensagem de Madre Teresa"},"content":{"rendered":"<p style=\"text-align: justify;\"><img decoding=\"async\" src=\"http:\/\/www.catolicanet.com.br\/images\/stories\/noticias\/4aa92642.jpg\" border=\"0\" align=\"left\" \/>Projeto com raiz solid\u00e1ria estreia esta quinta-feira no Estoril e bilheteira reverte para centro social<\/p>\n<p>Estoril, 04 out 2016 (Ecclesia) \u2013 \u2018Calcut\u00e1: um musical sobre a santa dos \u00faltimos\u2019 vai estar em cena no audit\u00f3rio da Sra. Boa Nova, no Estoril, entre 6 e 16 de outubro, e a encenadora Matilde Trocado quer \u201ctransmitir a sensa\u00e7\u00e3o\u201d vivida na cidade indiana.<\/p>\n<p>\u201cCada vez mais gosto de falar sobre ela e contar o que sei porque h\u00e1 coisas extraordin\u00e1rias. \u00c9 uma grande honra e uma grande responsabilidade porque \u00e9 um exemplo t\u00e3o inspirador, uma vida t\u00e3o grande que traduzir isso em cena e p\u00f4r em palco \u00e9 um desafio\u201d, disse \u00e0 Ag\u00eancia ECCLESIA, que assistiu a um ensaio.<\/p>\n<p>Matilde Trocado come\u00e7a por explicar que este \u00e9 um \u201ctema ou o conceito ideal para um musical\u201d porque a Madre Teresa foi canonizada pelo Papa Francisco a 4 de setembro.<\/p>\n<p>\u201cFiquei um bocadinho assutada ao in\u00edcio\u201d, comentou a entrevistada que antes de come\u00e7ar a escrever o musical viajou para Calcut\u00e1 e viveu a experi\u00eancia da cidade indiana que quer transmitir ao p\u00fablico.<\/p>\n<p>Segundo Matilde Trocado, Calcut\u00e1 \u00e9 \u201cmuito especial\u201d e aos olhos de um ocidental \u201cum bocadinho duro\u201d, mas adianta que foi \u201cmuito inspirador\u201d conhecer pessoas que conviveram com a nova santa e estar nos lugares em que ela habitou.<\/p>\n<p>\u201cO som, o cheiro, as pessoas, o calor, todas essas coisas ajudaram-me muito no trabalho criativo\u201d, sublinha a encenadora, que quer transmitir a sensa\u00e7\u00e3o de Calcut\u00e1, pelo que se construiu \u201cum cen\u00e1rio com elementos de l\u00e1\u201d, como \u201cpanos, objetos\u201d.<\/p>\n<p>A tamb\u00e9m respons\u00e1vel pelos musicais \u2018Godspell\u2019 e \u2018Wojtyla\u2019, respetivamente de 2015 e 2010, destaca que \u2018Calcut\u00e1: um musical sobre a santa dos \u00faltimos\u2019 \u00e9 tamb\u00e9m \u201cuma caminhada espiritual\u201d, porque a Madre Teresa \u201cdesafia a isso em tudo o que diz\u201d.<\/p>\n<p>Francisca L\u00edbano Monteiro \u00e9 uma das atrizes e come\u00e7a por interpretar a pobreza de Calcut\u00e1, numa mulher \u201cdesesperada\u201d \u00e0 procura de algo que considera ser a \u201cluz\u201d; na segunda parte da pe\u00e7a faz de Mission\u00e1ria da Caridade e \u00e9 chamada \u201ca levar essa luz aos mesmos pobres\u201d.<\/p>\n<p>A estudante de enfermagem, de 24 anos, decidiu participar no musical por \u201cgostar muito de m\u00fasica\u201d e por acreditar que atrav\u00e9s da m\u00fasica pode \u201clevar Deus aos homens e mostrar que este amor de Deus constr\u00f3i-se em equipa e cada um com os seus talentos\u201d.<\/p>\n<p>J\u00e1 Salvador Seixas vai interpretar tr\u00eas pap\u00e9is ao longo da pe\u00e7a &#8211; cidad\u00e3o de Calcut\u00e1, anjo e jornalista \u2013 e, para al\u00e9m dos musicais, foi \u201cessencialmente\u201d cativado pela hist\u00f3ria da Madre Teresa\u201d.<\/p>\n<p>\u201cSendo cat\u00f3lico a hist\u00f3ria inspira n\u00e3o s\u00f3 pela sua voca\u00e7\u00e3o mas pela maneira como lidou com um problema mundial, a pobreza n\u00e3o s\u00f3 f\u00edsica mas tamb\u00e9m espiritual\u201d, explicou \u00e0 Ag\u00eancia ECCLESIA.<\/p>\n<p>Todos os lucros do musical \u2018Calcut\u00e1\u2019 v\u00e3o reverter para o Centro Paroquial do Estoril, a Institui\u00e7\u00e3o Particular de Solidariedade Social tem por objetivo contribuir para a dignidade humana na freguesia de Cascais, no Patriarcado de Lisboa.<\/p>\n<p>Segundo explicou o p\u00e1roco do Estoril, a Madre Teresa \u00e9 uma pessoa que \u201cdiz muito a todos\u201d como \u201cinspiradora do centro social\u201d, onde insere-se o Col\u00e9gio da Boa Nova porque tamb\u00e9m tentam \u201cajudar muita gente e o seu exemplo, e agora interce\u00e7\u00e3o, s\u00e3o fundamentais\u201d.<\/p>\n<p>\u201cTodos precisamos de ouvir que \u00e9 preciso amar mais e vale a pena amar\u201d, observou o padre Paulo Mal\u00edcia explicando que no palco e na plateia \u201cv\u00e3o juntar-se periferias sedentas de amor, de dar amor\u201d.<\/p>\n<p>\u2018Calcut\u00e1: um musical sobre a santa dos \u00faltimos\u2019 vai estar em cena no audit\u00f3rio da Sra. Boa Nova, entre os dias 6 e 16 de outubro.<\/p>\n<p style=\"text-align: justify;\">\u00a0<\/p>\n<p style=\"text-align: justify;\">Fonte: Ag\u00eancia Ecclesia<\/p>\n","protected":false},"excerpt":{"rendered":"<p>Projeto com raiz solid\u00e1ria estreia esta quinta-feira no Estoril e bilheteira reverte para centro social Estoril, 04 out 2016 (Ecclesia) \u2013 \u2018Calcut\u00e1: um musical sobre a santa dos \u00faltimos\u2019 vai estar em cena no audit\u00f3rio da Sra. Boa Nova, no Estoril, entre 6 e 16 de outubro, e a encenadora Matilde Trocado quer \u201ctransmitir a [&hellip;]<\/p>\n","protected":false},"author":1,"featured_media":18480,"comment_status":"open","ping_status":"open","sticky":false,"template":"","format":"standard","meta":{"footnotes":""},"categories":[4],"tags":[],"class_list":["post-18481","post","type-post","status-publish","format-standard","has-post-thumbnail","hentry","category-cotidiano"],"_links":{"self":[{"href":"https:\/\/catolicanet.net\/wp-cnet\/wp-json\/wp\/v2\/posts\/18481","targetHints":{"allow":["GET"]}}],"collection":[{"href":"https:\/\/catolicanet.net\/wp-cnet\/wp-json\/wp\/v2\/posts"}],"about":[{"href":"https:\/\/catolicanet.net\/wp-cnet\/wp-json\/wp\/v2\/types\/post"}],"author":[{"embeddable":true,"href":"https:\/\/catolicanet.net\/wp-cnet\/wp-json\/wp\/v2\/users\/1"}],"replies":[{"embeddable":true,"href":"https:\/\/catolicanet.net\/wp-cnet\/wp-json\/wp\/v2\/comments?post=18481"}],"version-history":[{"count":1,"href":"https:\/\/catolicanet.net\/wp-cnet\/wp-json\/wp\/v2\/posts\/18481\/revisions"}],"predecessor-version":[{"id":25126,"href":"https:\/\/catolicanet.net\/wp-cnet\/wp-json\/wp\/v2\/posts\/18481\/revisions\/25126"}],"wp:featuredmedia":[{"embeddable":true,"href":"https:\/\/catolicanet.net\/wp-cnet\/wp-json\/wp\/v2\/media\/18480"}],"wp:attachment":[{"href":"https:\/\/catolicanet.net\/wp-cnet\/wp-json\/wp\/v2\/media?parent=18481"}],"wp:term":[{"taxonomy":"category","embeddable":true,"href":"https:\/\/catolicanet.net\/wp-cnet\/wp-json\/wp\/v2\/categories?post=18481"},{"taxonomy":"post_tag","embeddable":true,"href":"https:\/\/catolicanet.net\/wp-cnet\/wp-json\/wp\/v2\/tags?post=18481"}],"curies":[{"name":"wp","href":"https:\/\/api.w.org\/{rel}","templated":true}]}}