{"id":18479,"date":"2016-10-04T16:35:22","date_gmt":"2016-10-04T19:35:22","guid":{"rendered":"http:\/\/catolicanet.net\/wp-cnet\/2016\/10\/04\/media-padre-americo-aguiar-assume-presidencia-do-grupo-renascenca-multimedia\/"},"modified":"2017-05-30T16:36:57","modified_gmt":"2017-05-30T19:36:57","slug":"media-padre-americo-aguiar-assume-presidencia-do-grupo-renascenca-multimedia","status":"publish","type":"post","link":"https:\/\/catolicanet.net\/wp-cnet\/media-padre-americo-aguiar-assume-presidencia-do-grupo-renascenca-multimedia\/","title":{"rendered":"Media: Padre Am\u00e9rico Aguiar assume presid\u00eancia do Grupo Renascen\u00e7a Multim\u00e9dia"},"content":{"rendered":"<p style=\"text-align: justify;\"><img decoding=\"async\" src=\"http:\/\/www.catolicanet.com.br\/images\/stories\/padres\/2padre_americo.jpg\" border=\"0\" align=\"left\" \/>Sacerdote sucede ao c\u00f3nego Jo\u00e3o Aguiar Campos na lideran\u00e7a da emissora cat\u00f3lica portuguesa<\/p>\n<p>Lisboa, 03 out 2016 (Ecclesia) \u2013 O padre Am\u00e9rico Aguiar, da Diocese do Porto, assumiu a presid\u00eancia das empresas do Grupo Renascen\u00e7a Multim\u00e9dia, com efeitos a 1 de outubro, informa um comunicado da emissora cat\u00f3lica enviado hoje \u00e0 Ag\u00eancia ECCLESIA.<\/p>\n<p>O novo presidente do conselho de ger\u00eancia da R\u00e1dio Renascen\u00e7a substitui nessas fun\u00e7\u00f5es o c\u00f3nego Jo\u00e3o Aguiar Campos que \u201cagora se jubila\u201d.<\/p>\n<p>Segundo o comunicado, o \u201catual mandato\u201d do conselho de ger\u00eancia iniciou fun\u00e7\u00f5es a 1 de julho de 2015, com uma dura\u00e7\u00e3o de tr\u00eas anos.<\/p>\n<p>O organismo conta, al\u00e9m do presidente, com os vogais Jos\u00e9 Lu\u00eds Ramos Pinheiro e Ana Lia Martins Braga. <\/p>\n<p>O padre Am\u00e9rico Aguiar assume ainda a presid\u00eancia do Conselho de Administra\u00e7\u00e3o da Intervoz, Publicidade S.A., onde se mant\u00eam como administradores Renata Silva, Ana Lia Martins Braga e Jos\u00e9 Lu\u00eds Ramos Pinheiro.<\/p>\n<p>O padre Am\u00e9rico Aguiar tinha sido nomeado vice-presidente do Conselho de Ger\u00eancia da R\u00e1dio Renascen\u00e7a a 28 de junho por um tri\u00e9nio.<\/p>\n<p>O sacerdote portuense \u00e9 tamb\u00e9m diretor do Secretariado Nacional das Comunica\u00e7\u00f5es Sociais tendo sido nomeado pela Confer\u00eancia Episcopal Portuguesa na Assembleia Plen\u00e1ria de 7 de abril deste ano.<\/p>\n<p>Em 2014, o respons\u00e1vel publicou o livro \u201cUm padre na aldeia global &#8211; Evangeliza\u00e7\u00e3o e o Desafio das Novas Tecnologias\u201d, resultado de uma investiga\u00e7\u00e3o para o curso de Mestrado em Ci\u00eancias da Comunica\u00e7\u00e3o.<\/p>\n<p>O padre Am\u00e9rico Aguiar nasceu em 1973 e foi ordenado sacerdote em 2001 no Porto onde ainda \u00e9 presidente de Irmandade dos Cl\u00e9rigos.<\/p>\n<p style=\"text-align: justify;\">\u00a0<\/p>\n<p style=\"text-align: justify;\">Fonte: Ag\u00eancia Ecclesia<\/p>\n","protected":false},"excerpt":{"rendered":"<p>Sacerdote sucede ao c\u00f3nego Jo\u00e3o Aguiar Campos na lideran\u00e7a da emissora cat\u00f3lica portuguesa Lisboa, 03 out 2016 (Ecclesia) \u2013 O padre Am\u00e9rico Aguiar, da Diocese do Porto, assumiu a presid\u00eancia das empresas do Grupo Renascen\u00e7a Multim\u00e9dia, com efeitos a 1 de outubro, informa um comunicado da emissora cat\u00f3lica enviado hoje \u00e0 Ag\u00eancia ECCLESIA. O novo [&hellip;]<\/p>\n","protected":false},"author":1,"featured_media":18478,"comment_status":"open","ping_status":"open","sticky":false,"template":"","format":"standard","meta":{"footnotes":""},"categories":[4],"tags":[],"class_list":["post-18479","post","type-post","status-publish","format-standard","has-post-thumbnail","hentry","category-cotidiano"],"_links":{"self":[{"href":"https:\/\/catolicanet.net\/wp-cnet\/wp-json\/wp\/v2\/posts\/18479","targetHints":{"allow":["GET"]}}],"collection":[{"href":"https:\/\/catolicanet.net\/wp-cnet\/wp-json\/wp\/v2\/posts"}],"about":[{"href":"https:\/\/catolicanet.net\/wp-cnet\/wp-json\/wp\/v2\/types\/post"}],"author":[{"embeddable":true,"href":"https:\/\/catolicanet.net\/wp-cnet\/wp-json\/wp\/v2\/users\/1"}],"replies":[{"embeddable":true,"href":"https:\/\/catolicanet.net\/wp-cnet\/wp-json\/wp\/v2\/comments?post=18479"}],"version-history":[{"count":1,"href":"https:\/\/catolicanet.net\/wp-cnet\/wp-json\/wp\/v2\/posts\/18479\/revisions"}],"predecessor-version":[{"id":25127,"href":"https:\/\/catolicanet.net\/wp-cnet\/wp-json\/wp\/v2\/posts\/18479\/revisions\/25127"}],"wp:featuredmedia":[{"embeddable":true,"href":"https:\/\/catolicanet.net\/wp-cnet\/wp-json\/wp\/v2\/media\/18478"}],"wp:attachment":[{"href":"https:\/\/catolicanet.net\/wp-cnet\/wp-json\/wp\/v2\/media?parent=18479"}],"wp:term":[{"taxonomy":"category","embeddable":true,"href":"https:\/\/catolicanet.net\/wp-cnet\/wp-json\/wp\/v2\/categories?post=18479"},{"taxonomy":"post_tag","embeddable":true,"href":"https:\/\/catolicanet.net\/wp-cnet\/wp-json\/wp\/v2\/tags?post=18479"}],"curies":[{"name":"wp","href":"https:\/\/api.w.org\/{rel}","templated":true}]}}