{"id":18477,"date":"2016-10-04T16:29:04","date_gmt":"2016-10-04T19:29:04","guid":{"rendered":"http:\/\/catolicanet.net\/wp-cnet\/2016\/10\/04\/reabrem-igreja-onde-mataram-pe-jacques-hamel-na-franca\/"},"modified":"2017-05-30T16:36:57","modified_gmt":"2017-05-30T19:36:57","slug":"reabrem-igreja-onde-mataram-pe-jacques-hamel-na-franca","status":"publish","type":"post","link":"https:\/\/catolicanet.net\/wp-cnet\/reabrem-igreja-onde-mataram-pe-jacques-hamel-na-franca\/","title":{"rendered":"Reabrem igreja onde mataram Pe. Jacques Hamel na Fran\u00e7a"},"content":{"rendered":"<p style=\"text-align: justify;\"><img decoding=\"async\" src=\"http:\/\/www.catolicanet.com.br\/images\/stories\/noticias\/monsdominiqueleb.jpg\" border=\"0\" align=\"left\" \/>PARIS, 04 Out. 16 \/ 12:00 pm (ACI).- A Igreja de Saint-Etienne-du-Rouvray na Fran\u00e7a, onde o Pe. Jacques Hamel foi assassinado no \u00faltimo dia 26 de julho, foi reaberta no domingo, 2 de outubro, com uma Missa presidida pelo Arcebispo de Rouen, Dom Dominique Lebrun, que incentivou os fi\u00e9is a \u201cser testemunhas\u201d como o presb\u00edtero falecido.<\/p>\n<p>A celebra\u00e7\u00e3o come\u00e7ou \u00e0s 15h30 (hora local) com uma prociss\u00e3o at\u00e9 a igreja e terminou na pra\u00e7a onde est\u00e1 o templo. Ao chegarem, o prefeito de Etienne-du-Rouvray, Hubert Wulfranc, e Dom Lebrun pronunciaram algumas palavras. Logo depois, os participantes continuaram em prociss\u00e3o e ingressaram na igreja.<\/p>\n<p>Em seguida, o Arcebispo celebrou uma Missa de rito penitencial de repara\u00e7\u00e3o, que \u00e9 realizada quando uma igreja \u00e9 profanada.<\/p>\n<p>Durante a homilia, Dom Lebrun prop\u00f4s aos fi\u00e9is acolher \u201cuma das palavras mais belas de Jesus ressuscitado, uma palavra que d\u00e1 confian\u00e7a, uma palavra pela qual o Padre Jacques Hamel deu sua vida: \u2018Sereis testemunhas\u2019. \u00c9 uma palavra de confian\u00e7a e, como toda palavra de confian\u00e7a, \u00e9 uma palavra de amor: \u00e9 a sua vez, n\u00e3o importa como ser\u00e1, mas como minhas testemunhas, diz Jesus\u201d.<\/p>\n<p>\u201cOs assassinos do Pe. Jacques arrancaram uma cruz, quebraram uma grande vela pascal. Mas n\u00e3o puderam arrancar do cora\u00e7\u00e3o do Pe. Jacques a sua vida ofertada; eles n\u00e3o puderam quebrar a sua esperan\u00e7a que viram, me disseram, mais radiante do que nunca\u201d, expressou o Prelado.<\/p>\n<p>\u201cArrancaram uma cruz de metal; arrancaram outros em nossos cora\u00e7\u00f5es, mais real, mais doloroso, mais forte: a morte do seu sacerdote, a morte do seu irm\u00e3o, a morte do seu tio, a morte do seu amigo, a morte da sua testemunha. Apareceu uma cera de vela; que logo se transformou em uma luz mais forte, mais profunda em nossos cora\u00e7\u00f5es! Estamos aqui para dar testemunho! Para os disc\u00edpulos de Jesus n\u00e3o h\u00e1 morte sem esperan\u00e7a de ressurrei\u00e7\u00e3o, sem ressurrei\u00e7\u00e3o, \u2018Disse Jesus: Est\u00e1 escrito que o Cristo haveria de padecer e ressuscitar dos mortos no terceiro dia\u2019\u201d.<\/p>\n<p>Para ser testemunha, explicou, \u00e9 necess\u00e1rio converter-se: \u201cA convers\u00e3o, \u00e9 a gra\u00e7a que pe\u00e7o ao Senhor para mim e para voc\u00eas! A convers\u00e3o \u00e9 a alma da testemunha! Atrevo-me a dizer que \u00e9 a \u00fanica arma da testemunha! Converter-se para ser um aut\u00eantico testemunho de amor. A convers\u00e3o n\u00e3o \u00e9 mudar de religi\u00e3o como mudamos de ideia ou de um papel, procurando a seguran\u00e7a pr\u00f3pria prejudicando os outros\u201d.<\/p>\n<p>\u201cSim, irm\u00e3o e irm\u00e3s, digam a voc\u00eas mesmos e, possivelmente a sua fam\u00edlia, que voc\u00eas querem ser testemunhas do amor infinito de Jesus. Cada vez que se unem aos disc\u00edpulos de Jesus ao redor do altar, a \u00faltima palavra que escutar\u00e3o ser\u00e1 a sua miss\u00e3o, a nossa miss\u00e3o: \u2018Ide na paz de Cristo\u2019. Em paz!\u201d.<\/p>\n<p>O Pe. Hamel celebrava a Missa matutina no dia 26 de julho quando dois terroristas do Estado Isl\u00e2mico invadiram o templo gritando \u201cAllah Akbar\u201d (Al\u00e1 \u00e9 grande) e o degolaram. Tamb\u00e9m fizeram v\u00e1rias pessoas de ref\u00e9ns. O templo permaneceu fechado ap\u00f3s o seu assassinato.<\/p>\n<p style=\"text-align: justify;\">\u00a0<\/p>\n<p style=\"text-align: justify;\">Fonte: Acidigital<\/p>\n","protected":false},"excerpt":{"rendered":"<p>PARIS, 04 Out. 16 \/ 12:00 pm (ACI).- A Igreja de Saint-Etienne-du-Rouvray na Fran\u00e7a, onde o Pe. Jacques Hamel foi assassinado no \u00faltimo dia 26 de julho, foi reaberta no domingo, 2 de outubro, com uma Missa presidida pelo Arcebispo de Rouen, Dom Dominique Lebrun, que incentivou os fi\u00e9is a \u201cser testemunhas\u201d como o presb\u00edtero [&hellip;]<\/p>\n","protected":false},"author":1,"featured_media":18476,"comment_status":"open","ping_status":"open","sticky":false,"template":"","format":"standard","meta":{"footnotes":""},"categories":[4],"tags":[],"class_list":["post-18477","post","type-post","status-publish","format-standard","has-post-thumbnail","hentry","category-cotidiano"],"_links":{"self":[{"href":"https:\/\/catolicanet.net\/wp-cnet\/wp-json\/wp\/v2\/posts\/18477","targetHints":{"allow":["GET"]}}],"collection":[{"href":"https:\/\/catolicanet.net\/wp-cnet\/wp-json\/wp\/v2\/posts"}],"about":[{"href":"https:\/\/catolicanet.net\/wp-cnet\/wp-json\/wp\/v2\/types\/post"}],"author":[{"embeddable":true,"href":"https:\/\/catolicanet.net\/wp-cnet\/wp-json\/wp\/v2\/users\/1"}],"replies":[{"embeddable":true,"href":"https:\/\/catolicanet.net\/wp-cnet\/wp-json\/wp\/v2\/comments?post=18477"}],"version-history":[{"count":1,"href":"https:\/\/catolicanet.net\/wp-cnet\/wp-json\/wp\/v2\/posts\/18477\/revisions"}],"predecessor-version":[{"id":25128,"href":"https:\/\/catolicanet.net\/wp-cnet\/wp-json\/wp\/v2\/posts\/18477\/revisions\/25128"}],"wp:featuredmedia":[{"embeddable":true,"href":"https:\/\/catolicanet.net\/wp-cnet\/wp-json\/wp\/v2\/media\/18476"}],"wp:attachment":[{"href":"https:\/\/catolicanet.net\/wp-cnet\/wp-json\/wp\/v2\/media?parent=18477"}],"wp:term":[{"taxonomy":"category","embeddable":true,"href":"https:\/\/catolicanet.net\/wp-cnet\/wp-json\/wp\/v2\/categories?post=18477"},{"taxonomy":"post_tag","embeddable":true,"href":"https:\/\/catolicanet.net\/wp-cnet\/wp-json\/wp\/v2\/tags?post=18477"}],"curies":[{"name":"wp","href":"https:\/\/api.w.org\/{rel}","templated":true}]}}