{"id":18475,"date":"2016-10-04T16:23:14","date_gmt":"2016-10-04T19:23:14","guid":{"rendered":"http:\/\/catolicanet.net\/wp-cnet\/2016\/10\/04\/pe-jacques-hamel-papa-francisco-autoriza-inicio-do-processo-de-beatificacao\/"},"modified":"2017-05-29T15:35:38","modified_gmt":"2017-05-29T18:35:38","slug":"pe-jacques-hamel-papa-francisco-autoriza-inicio-do-processo-de-beatificacao","status":"publish","type":"post","link":"https:\/\/catolicanet.net\/wp-cnet\/pe-jacques-hamel-papa-francisco-autoriza-inicio-do-processo-de-beatificacao\/","title":{"rendered":"Pe. Jacques Hamel: Papa Francisco autoriza in\u00edcio do processo de beatifica\u00e7\u00e3o"},"content":{"rendered":"<p style=\"text-align: justify;\"><img decoding=\"async\" src=\"http:\/\/www.catolicanet.com.br\/images\/stories\/noticias\/jacqueshamel_capt.jpg\" border=\"0\" align=\"left\" \/>PARIS,\u00a0 (ACI).- O Papa Francisco autorizou o in\u00edcio do processo de beatifica\u00e7\u00e3o do sacerdote franc\u00eas Pe. Jacques Hamel, assassinado enquanto celebrava Missa na sua igreja no dia 26 de julho, homic\u00eddio cometido por dois terroristas do Estado Isl\u00e2mico.<\/p>\n<p>Em um comunicado oficial publicado no domingo, 2 de outubro, pela Arquidiocese de Rouen, \u00e0 qual o sacerdote pertencia, destacaram que o Arcebispo Dominique Lebrun \u201cfoi informado pela Congrega\u00e7\u00e3o romana das Causas dos Santos que o Papa Francisco dispensou a espera de 5 anos exigidos habitualmente antes de iniciar a investiga\u00e7\u00e3o oficial em vistas \u00e0 beatifica\u00e7\u00e3o\u201d.<\/p>\n<p>Normalmente, o tempo de espera para come\u00e7ar uma causa de beatifica\u00e7\u00e3o s\u00e3o 5 anos depois da morte do servo de Deus. Os casos mais conhecidos desta dispensa nos \u00faltimos anos foram o da Madre Teresa de Calcut\u00e1 e o de S\u00e3o Jo\u00e3o Paulo II.<\/p>\n<p>\u201cEm agradecimento ao Papa por este gesto excepcional, o Arcebispo de Rouen decide neste dia reabrir a igreja de Saint-Etienne-du-Rouvray\u201d, onde o Pe. Hamel foi assassinado, pois o templo permanecia fechado desde o dia deste acontecimento lament\u00e1vel.<\/p>\n<p>O an\u00fancio do Arcebispo foi realizado alguns dias depois da Missa celebrada pelo Santo Padre na capela da Casa Santa Marta, na qual o Prelado esteve acompanhado por um grupo de fi\u00e9is de Rouen para recordar o Pe. Hamel.<\/p>\n<p>Nessa homilia, o Papa Francisco disse que o sacerdote falecido \u201c\u00e9 um m\u00e1rtir! E os m\u00e1rtires s\u00e3o beatos \u2013 devemos rezar para ele!\u201d.<\/p>\n<p>Do mesmo modo, o Pont\u00edfice ressaltou durante a celebra\u00e7\u00e3o: \u201cQue esse exemplo de coragem, mas tamb\u00e9m de mart\u00edrio da pr\u00f3pria vida, de esvaziar a si mesmo para ajudar os outros, de fazer fraternidade entre os homens, ajude todos n\u00f3s a ir avante sem medo\u201d.<\/p>\n<p>Durante a coletiva de imprensa no voo papal do \u00faltimo domingo ao retornar do Azerbaij\u00e3o para Roma, o Santo Padre foi perguntado por um jornalista franc\u00eas sobre o an\u00fancio feito pela Arquidiocese de Rouen, se realmente j\u00e1 foi aberta a causa de beatifica\u00e7\u00e3o do Pe. Hamel.<\/p>\n<p>O Pont\u00edfice respondeu: \u201cN\u00e3o. \u00c9 necess\u00e1rio procurar testemunhos para abrir o processo, \u00e9 muito importante n\u00e3o perder os testemunhos, pois os testemunhos frescos s\u00e3o aqueles que as pessoas viram, e com o passar do tempo, alguns podem morrer, outros se esquecem disso, \u00e9 por isso. Em latim se diz \u2018Ne pereant probationes\u2019&#8230;\u201d.<\/p>\n<p>Al\u00e9m disso, o Papa Francisco disse que falou com o Cardeal Angelo Amato, Prefeito da Congrega\u00e7\u00e3o para as Causas dos Santos e afirmou: \u201cRealizaremos o estudo e ele dar\u00e1 a \u00faltima not\u00edcia, mas a inten\u00e7\u00e3o \u00e9 andar nesta linha, realizar a investiga\u00e7\u00e3o necess\u00e1ria e analisar se existem raz\u00f5es para abrir\u201d o processo.<\/p>\n<p style=\"text-align: justify;\">\u00a0<\/p>\n<p style=\"text-align: justify;\">Fonte: Acidigital<\/p>\n","protected":false},"excerpt":{"rendered":"<p>PARIS,\u00a0 (ACI).- O Papa Francisco autorizou o in\u00edcio do processo de beatifica\u00e7\u00e3o do sacerdote franc\u00eas Pe. Jacques Hamel, assassinado enquanto celebrava Missa na sua igreja no dia 26 de julho, homic\u00eddio cometido por dois terroristas do Estado Isl\u00e2mico. Em um comunicado oficial publicado no domingo, 2 de outubro, pela Arquidiocese de Rouen, \u00e0 qual o [&hellip;]<\/p>\n","protected":false},"author":1,"featured_media":18474,"comment_status":"open","ping_status":"open","sticky":false,"template":"","format":"standard","meta":{"footnotes":""},"categories":[3],"tags":[],"class_list":["post-18475","post","type-post","status-publish","format-standard","has-post-thumbnail","hentry","category-vaticano"],"_links":{"self":[{"href":"https:\/\/catolicanet.net\/wp-cnet\/wp-json\/wp\/v2\/posts\/18475","targetHints":{"allow":["GET"]}}],"collection":[{"href":"https:\/\/catolicanet.net\/wp-cnet\/wp-json\/wp\/v2\/posts"}],"about":[{"href":"https:\/\/catolicanet.net\/wp-cnet\/wp-json\/wp\/v2\/types\/post"}],"author":[{"embeddable":true,"href":"https:\/\/catolicanet.net\/wp-cnet\/wp-json\/wp\/v2\/users\/1"}],"replies":[{"embeddable":true,"href":"https:\/\/catolicanet.net\/wp-cnet\/wp-json\/wp\/v2\/comments?post=18475"}],"version-history":[{"count":1,"href":"https:\/\/catolicanet.net\/wp-cnet\/wp-json\/wp\/v2\/posts\/18475\/revisions"}],"predecessor-version":[{"id":24182,"href":"https:\/\/catolicanet.net\/wp-cnet\/wp-json\/wp\/v2\/posts\/18475\/revisions\/24182"}],"wp:featuredmedia":[{"embeddable":true,"href":"https:\/\/catolicanet.net\/wp-cnet\/wp-json\/wp\/v2\/media\/18474"}],"wp:attachment":[{"href":"https:\/\/catolicanet.net\/wp-cnet\/wp-json\/wp\/v2\/media?parent=18475"}],"wp:term":[{"taxonomy":"category","embeddable":true,"href":"https:\/\/catolicanet.net\/wp-cnet\/wp-json\/wp\/v2\/categories?post=18475"},{"taxonomy":"post_tag","embeddable":true,"href":"https:\/\/catolicanet.net\/wp-cnet\/wp-json\/wp\/v2\/tags?post=18475"}],"curies":[{"name":"wp","href":"https:\/\/api.w.org\/{rel}","templated":true}]}}