{"id":18467,"date":"2016-10-04T14:05:54","date_gmt":"2016-10-04T17:05:54","guid":{"rendered":"http:\/\/catolicanet.net\/wp-cnet\/2016\/10\/04\/asiasiria-franciscanos-fazer-de-aleppo-uma-zona-de-seguranca-sob-controle-dos-capacetes-azuis\/"},"modified":"2017-05-30T16:36:59","modified_gmt":"2017-05-30T19:36:59","slug":"asiasiria-franciscanos-fazer-de-aleppo-uma-zona-de-seguranca-sob-controle-dos-capacetes-azuis","status":"publish","type":"post","link":"https:\/\/catolicanet.net\/wp-cnet\/asiasiria-franciscanos-fazer-de-aleppo-uma-zona-de-seguranca-sob-controle-dos-capacetes-azuis\/","title":{"rendered":"\u00c1SIA\/S\u00cdRIA &#8211; Franciscanos: fazer de Aleppo uma \u201cZona de Seguran\u00e7a\u201d sob controle dos capacetes-azuis"},"content":{"rendered":"<p style=\"text-align: justify;\"><img decoding=\"async\" src=\"http:\/\/www.catolicanet.com.br\/images\/stories\/noticias\/primopiano_2576.jpg\" border=\"0\" align=\"left\" \/>Aleppo (Ag\u00eancia Fides) \u2013 A comunidade internacional deve trabalhar concretamente \u201cpara fazer de Aleppo una Zona de Seguran\u00e7a\u201d a ser colocada sob o controle direto \u201cdas For\u00e7as de paz da Onu\u201d, aplicando \u00e0 tr\u00e1gica situa\u00e7\u00e3o s\u00edria \u201cas melhores solu\u00e7\u00f5es encontradas em experi\u00eancias precedentes para garantir a m\u00e1xima colabora\u00e7\u00e3o e o \u00eaxito positivo da iniciativa\u201d. No dia em que a Igreja celebra a festa de S\u00e3o Francisco de Assis, os Frades Menores \u2013 componente da Fam\u00edlia franciscana da qual faz parte tamb\u00e9m a Cust\u00f3dia da Terra Santa \u2013 lan\u00e7am um apelo urgente e repleto de implica\u00e7\u00f5es pr\u00e1ticas para pedir \u00e0 comunidade internacional que detenha a carnificina em andamento na cidade m\u00e1rtir e em outras regi\u00f5es da S\u00edria.<br \/>O apelo, assinado pelo Ministro-geral Fr. Michael A. Perry OFM e pelo Cust\u00f3dio da Terra Santa Fr. Francesco Patton OFM, chama \u00e0 aten\u00e7\u00e3o para o fato de que tamb\u00e9m \u201coutras zonas de seguran\u00e7a deveriam ser criadas na S\u00edria como parte integrante de um plano completo para garantir a incolumidade de todos e alcan\u00e7ar definitivamente a paz. Essas Zonas \u2013 l\u00ea-se no texto do apelo enviado \u00e0 Ag\u00eancia Fides \u2013 deveriam ser colocadas sob o controle das For\u00e7as de Paz da ONU, que atuariam a mandato do Conselho de Seguran\u00e7a e com a total coopera\u00e7\u00e3o das v\u00e1rias partes envolvidas na guerra\u201d.<br \/>Os superiores da Ordem dos Frades Menores e da Cust\u00f3dia da Terra Santa pedem a \u201dtodas as for\u00e7as em campo e a todos aqueles que t\u00eam responsabilidades pol\u00edticas a colocarem em primeiro lugar o bem da popula\u00e7\u00e3o inerme da S\u00edria, a calarem imediatamente as armas e acabarem com o \u00f3dio e com qualquer tipo de viol\u00eancia, de modo tal que se possa encontrar realmente e percorrer o caminho da paz, da reconcilia\u00e7\u00e3o e do perd\u00e3o\u201d.<br \/>Em especial \u2013 notam Fr. Perry e Fr. Patton \u2013 ,a institui\u00e7\u00e3o de uma Zona de Seguran\u00e7a em torno de Aleppo \u201cpermitiria a toda a popula\u00e7\u00e3o, provada pelas consequ\u00eancias do conflito, sem qualquer discrimina\u00e7\u00e3o, receber as ajudas humanit\u00e1rias necess\u00e1rias, gozar de seguran\u00e7a e prote\u00e7\u00e3o e redescobrir a confian\u00e7a e a esperan\u00e7a num futuro imediato habitado e animado somente pela paz\u201d. Um pensamento \u00e9 dirigido pelos dois Superiores religiosos tamb\u00e9m \u201caos nossos coirm\u00e3os que, com coragem, continuam vivendo na S\u00edria e testemunhando, como verdadeiros \u201cbons samaritanos\u201d, sua proximidade de servi\u00e7o concreto a toda a popula\u00e7\u00e3o que carrega as pesadas consequ\u00eancias do conflito. Atualmente, cerca de 15 frades menores est\u00e3o presentes na S\u00edria. Entre eles \u2013 confirmam a Fides fontes locais -, al\u00e9m de religiosos deslocados para Damasco, Aleppo e Latakia, h\u00e1 dois frades que continuam desempenhando sua obra pastoral em Knayeh, Yacoubieh e Jdeideh, as pequenas cidades do Vale de Oronte, submetidas ao dom\u00ednio das for\u00e7as jihadistas, onde alguns centenas de batizados continuam vivendo, rezando e participando das missas celebradas nas tr\u00eas par\u00f3quias cat\u00f3licas espoliadas de sinos, crucifixos e imagens de santos. Os dois frades que est\u00e3o com eles s\u00e3o os \u00fanicos sacerdotes e religiosos crist\u00e3os que permaneceram nas terras onde as mil\u00edcias jihadistas ditam lei.<\/p>\n<p style=\"text-align: justify;\">\u00a0<\/p>\n<p style=\"text-align: justify;\">Fonte: Ag\u00eancia Fides<\/p>\n","protected":false},"excerpt":{"rendered":"<p>Aleppo (Ag\u00eancia Fides) \u2013 A comunidade internacional deve trabalhar concretamente \u201cpara fazer de Aleppo una Zona de Seguran\u00e7a\u201d a ser colocada sob o controle direto \u201cdas For\u00e7as de paz da Onu\u201d, aplicando \u00e0 tr\u00e1gica situa\u00e7\u00e3o s\u00edria \u201cas melhores solu\u00e7\u00f5es encontradas em experi\u00eancias precedentes para garantir a m\u00e1xima colabora\u00e7\u00e3o e o \u00eaxito positivo da iniciativa\u201d. No [&hellip;]<\/p>\n","protected":false},"author":1,"featured_media":18466,"comment_status":"open","ping_status":"open","sticky":false,"template":"","format":"standard","meta":{"footnotes":""},"categories":[4],"tags":[],"class_list":["post-18467","post","type-post","status-publish","format-standard","has-post-thumbnail","hentry","category-cotidiano"],"_links":{"self":[{"href":"https:\/\/catolicanet.net\/wp-cnet\/wp-json\/wp\/v2\/posts\/18467","targetHints":{"allow":["GET"]}}],"collection":[{"href":"https:\/\/catolicanet.net\/wp-cnet\/wp-json\/wp\/v2\/posts"}],"about":[{"href":"https:\/\/catolicanet.net\/wp-cnet\/wp-json\/wp\/v2\/types\/post"}],"author":[{"embeddable":true,"href":"https:\/\/catolicanet.net\/wp-cnet\/wp-json\/wp\/v2\/users\/1"}],"replies":[{"embeddable":true,"href":"https:\/\/catolicanet.net\/wp-cnet\/wp-json\/wp\/v2\/comments?post=18467"}],"version-history":[{"count":1,"href":"https:\/\/catolicanet.net\/wp-cnet\/wp-json\/wp\/v2\/posts\/18467\/revisions"}],"predecessor-version":[{"id":25132,"href":"https:\/\/catolicanet.net\/wp-cnet\/wp-json\/wp\/v2\/posts\/18467\/revisions\/25132"}],"wp:featuredmedia":[{"embeddable":true,"href":"https:\/\/catolicanet.net\/wp-cnet\/wp-json\/wp\/v2\/media\/18466"}],"wp:attachment":[{"href":"https:\/\/catolicanet.net\/wp-cnet\/wp-json\/wp\/v2\/media?parent=18467"}],"wp:term":[{"taxonomy":"category","embeddable":true,"href":"https:\/\/catolicanet.net\/wp-cnet\/wp-json\/wp\/v2\/categories?post=18467"},{"taxonomy":"post_tag","embeddable":true,"href":"https:\/\/catolicanet.net\/wp-cnet\/wp-json\/wp\/v2\/tags?post=18467"}],"curies":[{"name":"wp","href":"https:\/\/api.w.org\/{rel}","templated":true}]}}