{"id":18463,"date":"2016-10-04T13:25:24","date_gmt":"2016-10-04T16:25:24","guid":{"rendered":"http:\/\/catolicanet.net\/wp-cnet\/2016\/10\/04\/secretaria-para-as-comunicacoes-apresenta-filme-sobre-a-grande-guerra\/"},"modified":"2017-06-02T14:08:19","modified_gmt":"2017-06-02T17:08:19","slug":"secretaria-para-as-comunicacoes-apresenta-filme-sobre-a-grande-guerra","status":"publish","type":"post","link":"https:\/\/catolicanet.net\/wp-cnet\/secretaria-para-as-comunicacoes-apresenta-filme-sobre-a-grande-guerra\/","title":{"rendered":"Secretaria para as Comunica\u00e7\u00f5es apresenta filme sobre a Grande Guerra"},"content":{"rendered":"<p style=\"text-align: justify;\"><img decoding=\"async\" src=\"http:\/\/www.catolicanet.com.br\/images\/stories\/noticias\/other1158568_articolo.jpg\" border=\"0\" align=\"left\" \/>Cidade do Vaticano (RV) &#8211; Ser\u00e3o apresentados na pr\u00f3xima sexta-feira (07\/10), na Filmoteca Vaticana, o filme-document\u00e1rio \u201cNa trincheira \u2013 Pequenas hist\u00f3rias da Grande Guerra\u201d, e o volume \u201cNa Trincheira pela Paz\u201d, informa um comunicado da Secretaria para as Comunica\u00e7\u00f5es.<\/p>\n<p>O volume \u201cNa Trincheira pela Paz\u201d reconstr\u00f3i o Primeiro Conflito Mundial em sua dimens\u00e3o hist\u00f3rica, abordando, em seguida, suas consequ\u00eancias no contexto da arte e da literatura italianas.<\/p>\n<p>O filme-document\u00e1rio \u201cNa trincheira \u2013 Pequenas hist\u00f3rias da Grande Guerra\u201d, realizado pela Oficina da Comunica\u00e7\u00e3o, em colabora\u00e7\u00e3o com o Centro Televisivo Vaticano, se insere na esteira da produ\u00e7\u00e3o de document\u00e1rios voltados para a divulga\u00e7\u00e3o de conte\u00fados religiosos art\u00edsticos e hist\u00f3ricos queridos e promovidos pela Secretaria para as Comunica\u00e7\u00f5es da Santa S\u00e9.<\/p>\n<p>Essas produ\u00e7\u00f5es t\u00eam o prop\u00f3sito de dirigir-se a um amplo p\u00fablico mantendo a aten\u00e7\u00e3o para os conte\u00fados e favorecendo a atualiza\u00e7\u00e3o de uma linguagem moderna e atraente, l\u00ea-se no referido comunicado.<\/p>\n<p>Comentando o filme, o prefeito da Secretaria para as Comunica\u00e7\u00f5es, Mons. Dario Edoardo Vigan\u00f2, afirma o seguinte:<\/p>\n<p>\u201cEncontramo-nos imersos numa cultura em que a narra\u00e7\u00e3o por imagens torna-se mais incisiva do que as formas tradicionais de comunica\u00e7\u00e3o e ensino. Conscientes disso, consolidamos o trabalho de produ\u00e7\u00e3o de filmes e document\u00e1rios que possam ser portadores de conte\u00fados que v\u00e3o tanto na dire\u00e7\u00e3o da informa\u00e7\u00e3o quanto da sensibiliza\u00e7\u00e3o concernente a tem\u00e1ticas religiosas, hist\u00f3ricas e culturais.\u201d<\/p>\n<p>\u201cEsse filme-document\u00e1rio \u2013 continua Mons Vigan\u00f2 \u2013 atualiza os conte\u00fados da hist\u00f3ria passada, delineando a figura dos Capel\u00e3es Militares num crescendo emotivo que faz viver de perto o drama da Guerra e dos homens que dela fizeram parte. A primeira destina\u00e7\u00e3o do filme, a difus\u00e3o escolar, motivou-nos a defender e inspirar este trabalho partilhando plenamente seu objetivo de apresentar ao p\u00fablico jovem essas importantes tem\u00e1ticas.\u201d<\/p>\n<p style=\"text-align: justify;\">\u00a0<\/p>\n<p style=\"text-align: justify;\">Fonte: R\u00e1dio Vaticano<\/p>\n","protected":false},"excerpt":{"rendered":"<p>Cidade do Vaticano (RV) &#8211; Ser\u00e3o apresentados na pr\u00f3xima sexta-feira (07\/10), na Filmoteca Vaticana, o filme-document\u00e1rio \u201cNa trincheira \u2013 Pequenas hist\u00f3rias da Grande Guerra\u201d, e o volume \u201cNa Trincheira pela Paz\u201d, informa um comunicado da Secretaria para as Comunica\u00e7\u00f5es. O volume \u201cNa Trincheira pela Paz\u201d reconstr\u00f3i o Primeiro Conflito Mundial em sua dimens\u00e3o hist\u00f3rica, abordando, [&hellip;]<\/p>\n","protected":false},"author":1,"featured_media":18462,"comment_status":"open","ping_status":"open","sticky":false,"template":"","format":"standard","meta":{"footnotes":""},"categories":[3],"tags":[],"class_list":["post-18463","post","type-post","status-publish","format-standard","has-post-thumbnail","hentry","category-vaticano"],"_links":{"self":[{"href":"https:\/\/catolicanet.net\/wp-cnet\/wp-json\/wp\/v2\/posts\/18463","targetHints":{"allow":["GET"]}}],"collection":[{"href":"https:\/\/catolicanet.net\/wp-cnet\/wp-json\/wp\/v2\/posts"}],"about":[{"href":"https:\/\/catolicanet.net\/wp-cnet\/wp-json\/wp\/v2\/types\/post"}],"author":[{"embeddable":true,"href":"https:\/\/catolicanet.net\/wp-cnet\/wp-json\/wp\/v2\/users\/1"}],"replies":[{"embeddable":true,"href":"https:\/\/catolicanet.net\/wp-cnet\/wp-json\/wp\/v2\/comments?post=18463"}],"version-history":[{"count":1,"href":"https:\/\/catolicanet.net\/wp-cnet\/wp-json\/wp\/v2\/posts\/18463\/revisions"}],"predecessor-version":[{"id":27451,"href":"https:\/\/catolicanet.net\/wp-cnet\/wp-json\/wp\/v2\/posts\/18463\/revisions\/27451"}],"wp:featuredmedia":[{"embeddable":true,"href":"https:\/\/catolicanet.net\/wp-cnet\/wp-json\/wp\/v2\/media\/18462"}],"wp:attachment":[{"href":"https:\/\/catolicanet.net\/wp-cnet\/wp-json\/wp\/v2\/media?parent=18463"}],"wp:term":[{"taxonomy":"category","embeddable":true,"href":"https:\/\/catolicanet.net\/wp-cnet\/wp-json\/wp\/v2\/categories?post=18463"},{"taxonomy":"post_tag","embeddable":true,"href":"https:\/\/catolicanet.net\/wp-cnet\/wp-json\/wp\/v2\/tags?post=18463"}],"curies":[{"name":"wp","href":"https:\/\/api.w.org\/{rel}","templated":true}]}}