{"id":18461,"date":"2016-10-04T13:20:20","date_gmt":"2016-10-04T16:20:20","guid":{"rendered":"http:\/\/catolicanet.net\/wp-cnet\/2016\/10\/04\/francisco-o-aventureiro-da-paz\/"},"modified":"2017-05-05T15:47:36","modified_gmt":"2017-05-05T18:47:36","slug":"francisco-o-aventureiro-da-paz","status":"publish","type":"post","link":"https:\/\/catolicanet.net\/wp-cnet\/francisco-o-aventureiro-da-paz\/","title":{"rendered":"Francisco, o aventureiro da paz"},"content":{"rendered":"<p style=\"text-align: justify;\">O dia de S\u00e3o Francisco, em\u00a0 4 de outubro, mant\u00e9m-nos viva toda uma simbologia, na constante busca da paz t\u00e3o sonhada, dentro da Igreja e da sociedade como um todo. Que as humildes e confiantes s\u00faplicas de todas as pessoas de boa vontade, no dadivoso exemplo oferecido ao mundo pelo poverello de Assis, cheguem aos c\u00e9us, numa clamorosa inspira\u00e7\u00e3o de gratid\u00e3o fervorosa, no sentido de que todas as armas, sobretudo as armas do \u00f3dio e do rancor, armazenadas no cora\u00e7\u00e3o das pessoas, transformem-se em instrumentos daquela paz proclamada pelo Santo de Assis. <br \/>No tempo em que S\u00e3o Francisco viveu (1182-1226), era f\u00e1cil encontrar pessoas armadas, num constante estado de guerra, pelas armas conduzidas na cintura, preparadas para o que desse e viesse. Nosso mundo de hoje, 800 anos distante do vivido pelo trovador de Assis, tamb\u00e9m n\u00e3o foge \u00e0 regra, com as pessoas de todas as classes sociais, come\u00e7ando pelo interior, encontrando-se bastante armadas. A paz anunciada com a pr\u00f3pria vida por Francisco de Assis se transformar\u00e1 em uma nova realidade, \u00e0 medida que houver disposi\u00e7\u00e3o e sensibilidade, diante do grito dos sofredores, da polui\u00e7\u00e3o ambiental e do gemido da terra, sofrida e dominada pela explora\u00e7\u00e3o, quando a viol\u00eancia, o ego\u00edsmo e a vingan\u00e7a abrirem lugar ao amor e \u00e0 ternura proclamados pelo pobrezinho de Assis.<br \/>Diante do legado de um mundo solid\u00e1rio e de paz, maior heran\u00e7a de Francisco de Assis, como seria maravilhoso colocar nossas for\u00e7as e talentos acima dos interesses pessoais e particulares, andando na dire\u00e7\u00e3o daquela sua mesma loucura: a de salvar o mundo. Loucura essa, traduzida em sinais de ternura e esperan\u00e7a, tendo presentes as grandes quest\u00f5es, nas quais estamos inseridos, no mesmo esp\u00edrito do aventureiro que marcou a hist\u00f3ria da humanidade, vendo-o n\u00e3o s\u00f3 como trovador do Deus-Amor, mas como persistente conquistador e grande l\u00e2mpada a iluminar o mundo.<br \/>Fixemos na mente e no cora\u00e7\u00e3o sua comovedora ternura, a ponto de, compungidos, repetirmos que \u201co amor n\u00e3o \u00e9 amado\u201d. Aqui a bela e concreta imagem que vem \u00e0 nossa mente: a de configurar-se com o Cristo crucificado, confundindo-se: \u201cN\u00e3o sei se eras Francisco ou se Cristo eras\u201d, sensibilizando-nos e encantando mentes e cora\u00e7\u00f5es. Assim seja!<br \/>*P\u00e1roco de Santo Afonso e vice-presidente da Previd\u00eancia\u00a0 Sacerdotal, integra a\u00a0 Academia Metropolitana de Letras de Fortaleza &#8211; geovanesaraiva@gmail.com<\/p>\n","protected":false},"excerpt":{"rendered":"<p>O dia de S\u00e3o Francisco, em\u00a0 4 de outubro, mant\u00e9m-nos viva toda uma simbologia, na constante busca da paz t\u00e3o sonhada, dentro da Igreja e da sociedade como um todo. Que as humildes e confiantes s\u00faplicas de todas as pessoas de boa vontade, no dadivoso exemplo oferecido ao mundo pelo poverello de Assis, cheguem aos [&hellip;]<\/p>\n","protected":false},"author":6,"featured_media":0,"comment_status":"open","ping_status":"open","sticky":false,"template":"","format":"standard","meta":{"footnotes":""},"categories":[9],"tags":[],"class_list":["post-18461","post","type-post","status-publish","format-standard","hentry","category-artigos"],"_links":{"self":[{"href":"https:\/\/catolicanet.net\/wp-cnet\/wp-json\/wp\/v2\/posts\/18461","targetHints":{"allow":["GET"]}}],"collection":[{"href":"https:\/\/catolicanet.net\/wp-cnet\/wp-json\/wp\/v2\/posts"}],"about":[{"href":"https:\/\/catolicanet.net\/wp-cnet\/wp-json\/wp\/v2\/types\/post"}],"author":[{"embeddable":true,"href":"https:\/\/catolicanet.net\/wp-cnet\/wp-json\/wp\/v2\/users\/6"}],"replies":[{"embeddable":true,"href":"https:\/\/catolicanet.net\/wp-cnet\/wp-json\/wp\/v2\/comments?post=18461"}],"version-history":[{"count":1,"href":"https:\/\/catolicanet.net\/wp-cnet\/wp-json\/wp\/v2\/posts\/18461\/revisions"}],"predecessor-version":[{"id":21267,"href":"https:\/\/catolicanet.net\/wp-cnet\/wp-json\/wp\/v2\/posts\/18461\/revisions\/21267"}],"wp:attachment":[{"href":"https:\/\/catolicanet.net\/wp-cnet\/wp-json\/wp\/v2\/media?parent=18461"}],"wp:term":[{"taxonomy":"category","embeddable":true,"href":"https:\/\/catolicanet.net\/wp-cnet\/wp-json\/wp\/v2\/categories?post=18461"},{"taxonomy":"post_tag","embeddable":true,"href":"https:\/\/catolicanet.net\/wp-cnet\/wp-json\/wp\/v2\/tags?post=18461"}],"curies":[{"name":"wp","href":"https:\/\/api.w.org\/{rel}","templated":true}]}}