{"id":18425,"date":"2016-10-03T14:30:36","date_gmt":"2016-10-03T17:30:36","guid":{"rendered":"http:\/\/catolicanet.net\/wp-cnet\/2016\/10\/03\/o-papa-qperde-tempoq-em-visitar-uma-comunidade-pequena-e-longinqua\/"},"modified":"2017-06-02T11:29:41","modified_gmt":"2017-06-02T14:29:41","slug":"o-papa-qperde-tempoq-em-visitar-uma-comunidade-pequena-e-longinqua","status":"publish","type":"post","link":"https:\/\/catolicanet.net\/wp-cnet\/o-papa-qperde-tempoq-em-visitar-uma-comunidade-pequena-e-longinqua\/","title":{"rendered":"O Papa &#8220;perde tempo&#8221; em visitar uma comunidade pequena e long\u00ednqua?"},"content":{"rendered":"<p style=\"text-align: justify;\"><img decoding=\"async\" src=\"http:\/\/www.catolicanet.com.br\/images\/stories\/papas\/ansa1079831_articolo.jpg\" border=\"0\" align=\"left\" \/>Baku (RV) &#8211; Ao final da Missa celebrada na Igreja da Imaculada em Baku, na manh\u00e3 deste domingo, o Pont\u00edfice, falando de improviso, explicou porque viaja tantos quil\u00f4metros para encontrar uma pequena comunidade de fieis e exortou os fieis azerbaidjanos \u00e0 perseveran\u00e7a:<\/p>\n<p style=\"text-align: justify;\">\u00a0<\/p>\n<p style=\"text-align: justify;\"><a href=\"http:\/\/media02.radiovaticana.va\/audio\/audio2\/mp3\/00550987.mp3\">Clique aqui para ouvir:<\/a><\/p>\n<p style=\"text-align: justify;\">\u00a0<\/p>\n<p style=\"text-align: justify;\">\u201cAlgu\u00e9m, pode pensar que o Papa perde tanto tempo: percorrer tantos quil\u00f4metros de viagem para visitar uma pequena comunidade de 700 pessoas, em um pa\u00eds de 2 milh\u00f5es&#8230; E at\u00e9 mesmo \u00e9 uma comunidade n\u00e3o uniforme, porque entre voc\u00eas se fala azero, italiano, ingl\u00eas, o espanhol&#8230;, tantas l\u00ednguas. \u00c9 uma comunidade de periferia. Mas o Papa, nisto, imita o Esp\u00edrito Santo: tamb\u00e9m Ele desceu do c\u00e9u em uma pequena comunidade de periferia recolhida dentro do Cen\u00e1culo. E \u00e0quela comunidade que tinha medo, se sentia pobre e talvez perseguida, ou deixada de lado, encoraja, d\u00e1 a for\u00e7a, a parresia para seguir em frente e proclamar o nome de Jesus! E as portas daquela comunidade de Jerusal\u00e9m, que estavam fechadas pelo medo ou pela vergonha, se abrem e desce a for\u00e7a do Esp\u00edrito! O Papa perde o tempo como perdeu o Esp\u00edrito Santo naquele tempo! Somente duas coisas s\u00e3o necess\u00e1rias: naquela comunidade havia a M\u00e3e \u2013 nunca esquecer a M\u00e3e! \u2013 e naquela comunidade havia caridade, o amor fraterno que o Esp\u00edrito Santo derramou neles! Em frente! Go ahead! Sem medo, em frente!\u201d<\/p>\n<p style=\"text-align: justify;\">\u00a0<\/p>\n<p style=\"text-align: justify;\">Fonte: r\u00e1dio Vaticano<\/p>\n","protected":false},"excerpt":{"rendered":"<p>Baku (RV) &#8211; Ao final da Missa celebrada na Igreja da Imaculada em Baku, na manh\u00e3 deste domingo, o Pont\u00edfice, falando de improviso, explicou porque viaja tantos quil\u00f4metros para encontrar uma pequena comunidade de fieis e exortou os fieis azerbaidjanos \u00e0 perseveran\u00e7a: \u00a0 Clique aqui para ouvir: \u00a0 \u201cAlgu\u00e9m, pode pensar que o Papa perde [&hellip;]<\/p>\n","protected":false},"author":1,"featured_media":18424,"comment_status":"open","ping_status":"open","sticky":false,"template":"","format":"standard","meta":{"footnotes":""},"categories":[3],"tags":[],"class_list":["post-18425","post","type-post","status-publish","format-standard","has-post-thumbnail","hentry","category-vaticano"],"_links":{"self":[{"href":"https:\/\/catolicanet.net\/wp-cnet\/wp-json\/wp\/v2\/posts\/18425","targetHints":{"allow":["GET"]}}],"collection":[{"href":"https:\/\/catolicanet.net\/wp-cnet\/wp-json\/wp\/v2\/posts"}],"about":[{"href":"https:\/\/catolicanet.net\/wp-cnet\/wp-json\/wp\/v2\/types\/post"}],"author":[{"embeddable":true,"href":"https:\/\/catolicanet.net\/wp-cnet\/wp-json\/wp\/v2\/users\/1"}],"replies":[{"embeddable":true,"href":"https:\/\/catolicanet.net\/wp-cnet\/wp-json\/wp\/v2\/comments?post=18425"}],"version-history":[{"count":1,"href":"https:\/\/catolicanet.net\/wp-cnet\/wp-json\/wp\/v2\/posts\/18425\/revisions"}],"predecessor-version":[{"id":27458,"href":"https:\/\/catolicanet.net\/wp-cnet\/wp-json\/wp\/v2\/posts\/18425\/revisions\/27458"}],"wp:featuredmedia":[{"embeddable":true,"href":"https:\/\/catolicanet.net\/wp-cnet\/wp-json\/wp\/v2\/media\/18424"}],"wp:attachment":[{"href":"https:\/\/catolicanet.net\/wp-cnet\/wp-json\/wp\/v2\/media?parent=18425"}],"wp:term":[{"taxonomy":"category","embeddable":true,"href":"https:\/\/catolicanet.net\/wp-cnet\/wp-json\/wp\/v2\/categories?post=18425"},{"taxonomy":"post_tag","embeddable":true,"href":"https:\/\/catolicanet.net\/wp-cnet\/wp-json\/wp\/v2\/tags?post=18425"}],"curies":[{"name":"wp","href":"https:\/\/api.w.org\/{rel}","templated":true}]}}