{"id":18417,"date":"2016-10-03T12:57:22","date_gmt":"2016-10-03T15:57:22","guid":{"rendered":"http:\/\/catolicanet.net\/wp-cnet\/2016\/10\/03\/papa-no-azerbaijao-colaboracao-entre-culturas-e-religioes\/"},"modified":"2017-06-02T13:46:14","modified_gmt":"2017-06-02T16:46:14","slug":"papa-no-azerbaijao-colaboracao-entre-culturas-e-religioes","status":"publish","type":"post","link":"https:\/\/catolicanet.net\/wp-cnet\/papa-no-azerbaijao-colaboracao-entre-culturas-e-religioes\/","title":{"rendered":"Papa: no Azerbaij\u00e3o colabora\u00e7\u00e3o entre culturas e religi\u00f5es"},"content":{"rendered":"<p style=\"text-align: justify;\"><img decoding=\"async\" src=\"http:\/\/www.catolicanet.com.br\/images\/stories\/papas\/rv19907_articolo.jpg\" border=\"0\" align=\"left\" \/>Na tarde deste domingo dia 2 de outubro o Papa Francisco teve um encontro com as autoridades do Azerbaij\u00e3o, em particular, com o presidente Ilham Heydar Aliyev no moderno Centro Heidar Aliyev.<\/p>\n<p>O Papa Francisco sublinhou no seu discurso a sua \u201cadmira\u00e7\u00e3o pela complexidade e a riqueza\u201d da cultura do Azerbaij\u00e3o, fruto da contribui\u00e7\u00e3o dos muitos povos que, ao longo da hist\u00f3ria, habitaram nestas terras\u201d \u2013 disse Francisco que sublinhou os \u201cbenef\u00edcios do multiculturalismo e da necess\u00e1ria complementaridade de culturas\u201d:<\/p>\n<p>\u201cEspero vivamente que o Azerbaij\u00e3o continue pela estrada da colabora\u00e7\u00e3o entre diferentes culturas e confiss\u00f5es religiosas. Que a harmonia e a coexist\u00eancia pac\u00edfica alimentem sempre mais a vida social e civil do pa\u00eds, nas suas m\u00faltiplas express\u00f5es, assegurando a todos a possibilidade de oferecer a pr\u00f3pria contribui\u00e7\u00e3o para o bem comum.\u201d<\/p>\n<p>O Santo Padre recordou os conflitos que se alimentam da intoler\u00e2ncia de ideologias violentas, salientando que \u00e9 necess\u00e1rio \u201cpromover a harmonia\u201d entre as v\u00e1rias componentes de uma na\u00e7\u00e3o.<\/p>\n<p>Francisco n\u00e3o deixou de recordar as pessoas que sofreram por \u201ccausa de conflitos sangrentos\u201d e demonstrou a sua confian\u00e7a no di\u00e1logo e na negocia\u00e7\u00e3o para a resolu\u00e7\u00e3o de diverg\u00eancias.<\/p>\n<p>O Papa afirmou no seu discurso a sua satisfa\u00e7\u00e3o pelas cordiais rela\u00e7\u00f5es entre a comunidade cat\u00f3lica e a mu\u00e7ulmana, a ortodoxa e a judaica, esperando que aumentem os sinais de amizade e colabora\u00e7\u00e3o. O Papa deixou, contudo, um aviso:<\/p>\n<p>\u201cO apego aos genu\u00ednos valores religiosos \u00e9 completamente incompat\u00edvel com a tentativa de impor aos outros, pela viol\u00eancia, as pr\u00f3prias convic\u00e7\u00f5es, servindo-se, como escudo, do santo Nome de Deus. Que a f\u00e9 em Deus seja fonte e inspira\u00e7\u00e3o de compreens\u00e3o m\u00fatua, respeito e ajuda rec\u00edproca em prol do bem comum da sociedade. Deus aben\u00e7oe o Azerbaij\u00e3o com a harmonia, a paz e a prosperidade\u201d \u2013 disse o Papa Francisco no final do seu discurso \u00e0s autoridades do Azerbaij\u00e3o.<\/p>\n","protected":false},"excerpt":{"rendered":"<p>Na tarde deste domingo dia 2 de outubro o Papa Francisco teve um encontro com as autoridades do Azerbaij\u00e3o, em particular, com o presidente Ilham Heydar Aliyev no moderno Centro Heidar Aliyev. O Papa Francisco sublinhou no seu discurso a sua \u201cadmira\u00e7\u00e3o pela complexidade e a riqueza\u201d da cultura do Azerbaij\u00e3o, fruto da contribui\u00e7\u00e3o dos [&hellip;]<\/p>\n","protected":false},"author":1,"featured_media":18416,"comment_status":"open","ping_status":"open","sticky":false,"template":"","format":"standard","meta":{"footnotes":""},"categories":[3],"tags":[],"class_list":["post-18417","post","type-post","status-publish","format-standard","has-post-thumbnail","hentry","category-vaticano"],"_links":{"self":[{"href":"https:\/\/catolicanet.net\/wp-cnet\/wp-json\/wp\/v2\/posts\/18417","targetHints":{"allow":["GET"]}}],"collection":[{"href":"https:\/\/catolicanet.net\/wp-cnet\/wp-json\/wp\/v2\/posts"}],"about":[{"href":"https:\/\/catolicanet.net\/wp-cnet\/wp-json\/wp\/v2\/types\/post"}],"author":[{"embeddable":true,"href":"https:\/\/catolicanet.net\/wp-cnet\/wp-json\/wp\/v2\/users\/1"}],"replies":[{"embeddable":true,"href":"https:\/\/catolicanet.net\/wp-cnet\/wp-json\/wp\/v2\/comments?post=18417"}],"version-history":[{"count":1,"href":"https:\/\/catolicanet.net\/wp-cnet\/wp-json\/wp\/v2\/posts\/18417\/revisions"}],"predecessor-version":[{"id":27462,"href":"https:\/\/catolicanet.net\/wp-cnet\/wp-json\/wp\/v2\/posts\/18417\/revisions\/27462"}],"wp:featuredmedia":[{"embeddable":true,"href":"https:\/\/catolicanet.net\/wp-cnet\/wp-json\/wp\/v2\/media\/18416"}],"wp:attachment":[{"href":"https:\/\/catolicanet.net\/wp-cnet\/wp-json\/wp\/v2\/media?parent=18417"}],"wp:term":[{"taxonomy":"category","embeddable":true,"href":"https:\/\/catolicanet.net\/wp-cnet\/wp-json\/wp\/v2\/categories?post=18417"},{"taxonomy":"post_tag","embeddable":true,"href":"https:\/\/catolicanet.net\/wp-cnet\/wp-json\/wp\/v2\/tags?post=18417"}],"curies":[{"name":"wp","href":"https:\/\/api.w.org\/{rel}","templated":true}]}}