{"id":18415,"date":"2016-10-03T12:42:56","date_gmt":"2016-10-03T15:42:56","guid":{"rendered":"http:\/\/catolicanet.net\/wp-cnet\/2016\/10\/03\/francisco-fe-e-servico-estao-interligados\/"},"modified":"2017-06-02T10:52:16","modified_gmt":"2017-06-02T13:52:16","slug":"francisco-fe-e-servico-estao-interligados","status":"publish","type":"post","link":"https:\/\/catolicanet.net\/wp-cnet\/francisco-fe-e-servico-estao-interligados\/","title":{"rendered":"Francisco: F\u00e9 e servi\u00e7o est\u00e3o interligados"},"content":{"rendered":"<p style=\"text-align: justify;\"><img decoding=\"async\" src=\"http:\/\/www.catolicanet.com.br\/images\/stories\/ap3682150_articolo.jpg\" border=\"0\" align=\"left\" \/>Baku (RV) \u2013 O primeiro compromisso do Papa, em terras azerbaijanas, foi a solene celebra\u00e7\u00e3o Eucar\u00edstica, na igreja da Imaculada Concei\u00e7\u00e3o, o primeiro templo cat\u00f3lico de Baku, inaugurado em 1912, no Centro dos Salesianos.<\/p>\n<p style=\"text-align: justify;\">\u00a0<\/p>\n<p style=\"text-align: justify;\"><a href=\"http:\/\/media02.radiovaticana.va\/audio\/audio2\/mp3\/00550886.mp3\">Clique aqui para ouvir.<\/a><\/p>\n<p style=\"text-align: justify;\">\u00a0<\/p>\n<p style=\"text-align: justify;\">Hoje a pequena Comunidade dos Salesianos representa todo o clero do Azerbaij\u00e3o: 6 sacerdotes, 3 irm\u00e3os e um jovem aut\u00f3ctone em forma\u00e7\u00e3o, prestes a se tornar Di\u00e1cono. O Centro Salesiano Maryam, dedicado a Nossa Senhora, \u00e9 composto de um centro educacional para crian\u00e7as e adolescentes, e refeit\u00f3rio para pobres e refugiados. Com os religiosos Salesianos, trabalham algumas Mission\u00e1rias da Caridade, muito ativas entre as pessoas idosas e mais necessitadas da capital azerbaijana, e duas Filhas de Maria Auxiliadora.<\/p>\n<p>Assim, o Santo Padre presidiu \u00e0 celebra\u00e7\u00e3o da Santa Missa na pequena igreja do Centro Salesiano, que pode conter 300 pessoas.<\/p>\n<p>Em sua <a href=\"http:\/\/br.radiovaticana.va\/news\/2016\/10\/02\/a_%C3%ADntegra_da_homilia_do_papa_na_missa_em_baku\/1262272\">homilia<\/a>, Francisco apresentou, com base na liturgia do dia, dois aspetos essenciais da vida crist\u00e3: a f\u00e9 e o servi\u00e7o. A prop\u00f3sito da f\u00e9, o Papa aconselhou a fazer dois pedidos particulares ao Senhor:<\/p>\n<p>\u201cO primeiro \u00e9 do profeta Habacuc, que suplica a Deus para intervir e restabelecer a justi\u00e7a e a paz, que os homens romperam com as viol\u00eancias, lutas e contendas. Mas, Deus n\u00e3o interv\u00e9m e n\u00e3o resolve com a for\u00e7a a situa\u00e7\u00e3o. Pelo contr\u00e1rio, convida a aguardar com paci\u00eancia, sem nunca perder a esperan\u00e7a e a f\u00e9\u201d.<\/p>\n<p style=\"text-align: justify;\">\u00a0<\/p>\n<p style=\"text-align: justify;\"><a href=\"https:\/\/www.youtube.com\/watch?v=22MyazmdKMw\">Clique aqui para assistir.<\/a><\/p>\n<p style=\"text-align: justify;\">\n<p>Deus n\u00e3o atende a nossa vontade de mudar imediatamente o mundo e os outros, mas quer, antes de tudo, transformar o cora\u00e7\u00e3o. Ele muda o mundo, mudando os nossos cora\u00e7\u00f5es, mediante a nossa colabora\u00e7\u00e3o. Devemos abrir-lhe a porta do cora\u00e7\u00e3o, para que ele possa entrar na nossa vida. Trata-se de uma abertura de confian\u00e7a e de f\u00e9. E o Papa passou a explicar o segundo pedido que devemos fazer ao Senhor:<\/p>\n<p>\u201cO segundo pedido \u00e9 aquele que, no Evangelho, os Ap\u00f3stolos dirigem ao Senhor: \u201cAumentai a nossa f\u00e9!\u201d \u00c9 um bom pedido, uma s\u00faplica que dever\u00edamos dirigir a Deus todos os dias. Mas a resposta divina \u00e9 surpreendente: \u201cSe tiverem f\u00e9&#8230;\u201d. Ele nos pede para ter f\u00e9, porque a f\u00e9 \u00e9 um dom de Deus e deve sempre ser pedida e cultivada por n\u00f3s\u201d.<\/p>\n<p>Mas a f\u00e9, afirmou Francisco, n\u00e3o \u00e9 uma for\u00e7a m\u00e1gica que cai do c\u00e9u, n\u00e3o \u00e9 um \u2018dote\u2019 pessoal para sempre, tampouco um superpoder para resolver os nossos problemas. A f\u00e9 n\u00e3o deve ser confundida com bem-estar, como consola\u00e7\u00e3o para termos paz no cora\u00e7\u00e3o. A f\u00e9 \u00e9 o fio de ouro que nos liga ao Senhor, a pura alegria de estar unido a Ele. Ao poder da f\u00e9, o Senhor acrescenta o poder do servi\u00e7o. F\u00e9 e servi\u00e7o est\u00e3o interligados.<\/p>\n<p>Para explicar esta interliga\u00e7\u00e3o, o Pont\u00edfice utilizou a imagem que \u00e9 muito familiar para os azerbaijanos: os tapetes. \u201cOs seus tapetes, comparou o Papa, s\u00e3o verdadeiras obras de arte, provenientes de uma antiga tradi\u00e7\u00e3o\u201d.<\/p>\n<p>Assim acontece com a vida crist\u00e3, que vem de longe, disse Francisco: \u00e9 um dom que recebemos na Igreja e prov\u00e9m do cora\u00e7\u00e3o de Deus, que deseja fazer de cada um de n\u00f3s \u201cuma obra-prima\u201d da cria\u00e7\u00e3o e da hist\u00f3ria. A vida crist\u00e3, como acontece com o tapete, tem que ser pacientemente tecida, a cada dia, entrela\u00e7ando a f\u00e9 e o servi\u00e7o. Assim, a f\u00e9 causa maravilhas, sempre unida ao servi\u00e7o. E o Papa perguntou: Mas que \u00e9 o servi\u00e7o? E respondeu:<\/p>\n<p>\u201cPoder\u00edamos pensar que (o servi\u00e7o) consiste apenas em ser fi\u00e9is aos nossos deveres ou em praticar uma boa a\u00e7\u00e3o. Mas, para Jesus, \u00e9 muito mais: \u00e9 disponibilidade total em nossa vida. Ele nos deu o exemplo vindo ao mundo para servir e dar a sua vida. Isto se realiza ainda hoje quando celebramos a Eucaristia, mediante a qual o Senhor est\u00e1 entre n\u00f3s para servir e amar\u201d.<\/p>\n<p>Portanto, frisou o Papa, n\u00e3o somos chamados a servir apenas para sermos recompensados, mas para imitar Deus, que se fez servo por amor. Logo, o servi\u00e7o se torna estilo de vida crist\u00e3: devemos servir a Deus na adora\u00e7\u00e3o e na ora\u00e7\u00e3o, sendo abertos e dispon\u00edveis, amando o pr\u00f3ximo e trabalhando com ardor pelo bem comum. Ap\u00f3s ter apresentado duas tenta\u00e7\u00f5es da vida crist\u00e3, tepidez e senhoria, Francisco animou o pequeno rebanho azerbaijano:<\/p>\n<p>Estou certo, por\u00e9m, de que, fixando seus olhos nos exemplos daqueles que lhes precederam na f\u00e9, n\u00e3o deixar\u00e3o entibiar seu cora\u00e7\u00e3o. Toda a Igreja, que nutre uma simpatia especial por voc\u00eas, os encoraja. Voc\u00eas s\u00e3o um pequeno rebanho, mas muito precioso aos olhos de Deus\u201d.<\/p>\n<p>Por fim, retomando a imagem do \u201ctapete\u201d, o Santo Padre a aplicou \u00e0 pequena comunidade cat\u00f3lica azerbaijana: cada um \u00e9 como um espl\u00eandido fio de seda, que, unidos e entrela\u00e7ados, criam uma linda composi\u00e7\u00e3o. E os exortou:<\/p>\n<p>\u201cPermane\u00e7am sempre unidos, vivendo humildemente na caridade e na alegria. O Senhor, que mant\u00e9m a harmonia entre as diferen\u00e7as, os proteger\u00e1. Por intercess\u00e3o da Imaculada Concei\u00e7\u00e3o e de Santa Teresa de Calcut\u00e1, cujos frutos de f\u00e9 e servi\u00e7o est\u00e3o presentes no meio de voc\u00eas, acolham as palavras, que resumem a mensagem de hoje: \u201cO fruto da f\u00e9 \u00e9 o amor. O fruto do amor \u00e9 o servi\u00e7o. O fruto do servi\u00e7o \u00e9 a paz\u201d.<\/p>\n<p style=\"text-align: justify;\">\u00a0<\/p>\n<p style=\"text-align: justify;\">Fonte: R\u00e1dio Vaticano<\/p>\n","protected":false},"excerpt":{"rendered":"<p>Baku (RV) \u2013 O primeiro compromisso do Papa, em terras azerbaijanas, foi a solene celebra\u00e7\u00e3o Eucar\u00edstica, na igreja da Imaculada Concei\u00e7\u00e3o, o primeiro templo cat\u00f3lico de Baku, inaugurado em 1912, no Centro dos Salesianos. \u00a0 Clique aqui para ouvir. \u00a0 Hoje a pequena Comunidade dos Salesianos representa todo o clero do Azerbaij\u00e3o: 6 sacerdotes, 3 [&hellip;]<\/p>\n","protected":false},"author":1,"featured_media":18414,"comment_status":"open","ping_status":"open","sticky":false,"template":"","format":"standard","meta":{"footnotes":""},"categories":[3],"tags":[],"class_list":["post-18415","post","type-post","status-publish","format-standard","has-post-thumbnail","hentry","category-vaticano"],"_links":{"self":[{"href":"https:\/\/catolicanet.net\/wp-cnet\/wp-json\/wp\/v2\/posts\/18415","targetHints":{"allow":["GET"]}}],"collection":[{"href":"https:\/\/catolicanet.net\/wp-cnet\/wp-json\/wp\/v2\/posts"}],"about":[{"href":"https:\/\/catolicanet.net\/wp-cnet\/wp-json\/wp\/v2\/types\/post"}],"author":[{"embeddable":true,"href":"https:\/\/catolicanet.net\/wp-cnet\/wp-json\/wp\/v2\/users\/1"}],"replies":[{"embeddable":true,"href":"https:\/\/catolicanet.net\/wp-cnet\/wp-json\/wp\/v2\/comments?post=18415"}],"version-history":[{"count":1,"href":"https:\/\/catolicanet.net\/wp-cnet\/wp-json\/wp\/v2\/posts\/18415\/revisions"}],"predecessor-version":[{"id":27463,"href":"https:\/\/catolicanet.net\/wp-cnet\/wp-json\/wp\/v2\/posts\/18415\/revisions\/27463"}],"wp:featuredmedia":[{"embeddable":true,"href":"https:\/\/catolicanet.net\/wp-cnet\/wp-json\/wp\/v2\/media\/18414"}],"wp:attachment":[{"href":"https:\/\/catolicanet.net\/wp-cnet\/wp-json\/wp\/v2\/media?parent=18415"}],"wp:term":[{"taxonomy":"category","embeddable":true,"href":"https:\/\/catolicanet.net\/wp-cnet\/wp-json\/wp\/v2\/categories?post=18415"},{"taxonomy":"post_tag","embeddable":true,"href":"https:\/\/catolicanet.net\/wp-cnet\/wp-json\/wp\/v2\/tags?post=18415"}],"curies":[{"name":"wp","href":"https:\/\/api.w.org\/{rel}","templated":true}]}}