{"id":18394,"date":"2016-10-02T03:00:00","date_gmt":"2016-10-02T06:00:00","guid":{"rendered":"http:\/\/catolicanet.net\/wp-cnet\/2016\/10\/02\/basilica-da-penha\/"},"modified":"2017-05-05T15:54:10","modified_gmt":"2017-05-05T18:54:10","slug":"basilica-da-penha","status":"publish","type":"post","link":"https:\/\/catolicanet.net\/wp-cnet\/basilica-da-penha\/","title":{"rendered":"Bas\u00edlica da Penha"},"content":{"rendered":"<p style=\"text-align: justify;\">No pr\u00f3ximo domingo, dia 02 de outubro, instalarei oficialmente a nova Bas\u00edlica Menor. O Santo Padre o Papa Francisco a 16 de junho de 2016 concedeu o T\u00edtulo de Bas\u00edlica Menor para a Igreja de Nossa Senhora da Penha, que \u00e9 tamb\u00e9m Santu\u00e1rio Arquidiocesano desde 15 de setembro de 1966. Durante os meses de agosto e setembro a imagem de Nossa Senhora da Penha percorreu nossa Arquidiocese concluindo essa peregrina\u00e7\u00e3o no Edif\u00edcio Jo\u00e3o Paulo II neste \u00faltimo s\u00e1bado.<br \/> Com a nova bas\u00edlica esta ser\u00e1 a sexta bas\u00edlica a ser instalada no Rio de Janeiro. Por ordem cronol\u00f3gica s\u00e3o Bas\u00edlicas Menores no Rio de Janeiro: 1 \u2013 Bas\u00edlica Menor de Santa Teresinha do Menino Jesus, instalada em 20 de julho de 1927, na Tijuca; 2 \u2013 Bas\u00edlica Menor de Nossa Senhora de Lourdes, instalada em 23 de maio de 1959, na Vila Isabel; 3 \u2013 Bas\u00edlica Menor do Imaculado Cora\u00e7\u00e3o de Maria, instalada em 9 de fevereiro de 1963, no Mei\u00e9r; 4 \u2013 Bas\u00edlica Menor da Imaculada Concei\u00e7\u00e3o, instalada em 23 de novembro de 2002, em Botafogo; Bas\u00edlica Menor de S\u00e3o Sebasti\u00e3o, instalada em 17 de julho de 2015, na Tijuca, esta tamb\u00e9m, Santu\u00e1rio Arquidiocesano desde 20 de janeiro de 2015 e, agora, desde 16 de junho de 2016 foi erigida em Bas\u00edlica Menor, o Santu\u00e1rio de Nossa Senhora da Penha de Fran\u00e7a.<br \/> J\u00e1 tive ocasi\u00e3o de explicar quando da instala\u00e7\u00e3o da Bas\u00edlica de S\u00e3o Sebasti\u00e3o qual era a diferen\u00e7a entre Catedral, Bas\u00edlica e Santu\u00e1rio. (http:\/\/arqrio.org\/formacao\/detalhes\/973\/basilicas)<br \/> As bas\u00edlicas s\u00e3o uma especial concess\u00e3o da Santa S\u00e9 Apost\u00f3lica e a sua concess\u00e3o \u00e9 regida pelo documento intitulado \u201cCasa da Igreja\u201d, da Sagrada Congrega\u00e7\u00e3o dos Ritos, de 06 de junho de 1968 (cfr. AAS 60, 1968, 536-539), renovado que foi pelo Decreto \u201cDe titulo Basilicae Minoris\u201d, de 09 de Novembro de 1989.<br \/> Para uma Igreja ser elevada a Bas\u00edlica ela necessita de algumas condi\u00e7\u00f5es: 1. Ser um importante centro de atividade lit\u00fargica dentro do \u00e2mbito territorial da Igreja particular que \u00e9 a Arquidiocese. 2. As celebra\u00e7\u00f5es lit\u00fargicas da Igreja que pede a gra\u00e7a do t\u00edtulo devem ser exemplares. Pede-se que o templo tenha um tamanho razo\u00e1vel e que o seu presbit\u00e9rio favore\u00e7a as celebra\u00e7\u00f5es lit\u00fargicas. 3. Imprescind\u00edvel \u00e9 que a Igreja seja centro vis\u00edvel e reconhecido de peregrina\u00e7\u00e3o dentro do \u00e2mbito da Arquidiocese; 4. Pede-se que naquela Igreja se tenha um cuidado pastoral adequado, com n\u00famero suficiente de sacerdotes que estejam a disposi\u00e7\u00e3o do atendimento pastoral e lit\u00fargico do povo santo de Deus e que tenha um n\u00famero consider\u00e1vel de ministros extraordin\u00e1rios para ajudar os sacerdotes durante as peregrina\u00e7\u00f5es. 5. Ressalte-se, sobremaneira, o cuidado com o canto lit\u00fargico e com a promo\u00e7\u00e3o da m\u00fasica sacra, mormente a m\u00fasica polif\u00f4nica sacra e o uso da l\u00edngua latina nos cantos lit\u00fargicos.<br \/> Os deveres e encargos da bas\u00edlica s\u00e3o os seguintes: 1. A instru\u00e7\u00e3o lit\u00fargica do povo santo de Deus com encontros, cursos especiais, estudos de liturgia e aplica\u00e7\u00e3o destes estudos na pr\u00f3pria a\u00e7\u00e3o evangelizadora da Bas\u00edlica; 2. Estudos e divulga\u00e7\u00e3o dos documentos do Sumo Pont\u00edfice e da Santa S\u00e9 Apost\u00f3lica, sobretudo em mat\u00e9ria lit\u00fargica; 3. Especial realce nas celebra\u00e7\u00f5es dos tempos do Advento, do Natal, da Quaresma e da P\u00e1scoa. Ressalte-se que no tempo da Quaresma se pede a celebra\u00e7\u00e3o cotidiana da Via Sacra. 4. A liturgia das horas, particularmente, das Laudes e das V\u00e9speras devem ser rezadas diariamente nas bas\u00edlicas; 4. Incremente-se o canto sacro, particularmente, o canto lit\u00fargico.<br \/> S\u00e3o celebra\u00e7\u00f5es obrigat\u00f3rias nas bas\u00edlicas: 1. A Festa da C\u00e1tedra de S\u00e3o Pedro, em 22 de fevereiro, j\u00e1 que a Bas\u00edlica Menor tem uma liga\u00e7\u00e3o \u00edntima com a Bas\u00edlica Vaticana; 2. A Solenidade de S\u00e3o Pedro e de S\u00e3o Paulo, a 29 de julho de cada ano; 3. Na elei\u00e7\u00e3o e no in\u00edcio do minist\u00e9rio de Bispo de Roma, do Sumo Pont\u00edfice.<br \/> As indulg\u00eancias plen\u00e1rias poder\u00e3o ser concedidas aos fi\u00e9is que visitarem a Bas\u00edlica da Penha, desde que rezem a ora\u00e7\u00e3o dominical, recitem o S\u00edmbolo da F\u00e9, com as condi\u00e7\u00f5es costumeiras: confiss\u00e3o sacramental; comunh\u00e3o eucar\u00edstica e ora\u00e7\u00e3o pelo Santo Padre, o Papa. Lucrar\u00e3o indulg\u00eancias nesta Bas\u00edlica: 1. No dia do anivers\u00e1rio da consagra\u00e7\u00e3o da Bas\u00edlica; 2. No dia da celebra\u00e7\u00e3o de Nossa Senhora da Penha; 3. Na Solenidade dos Ap\u00f3stolos Pedro e Paulo; 3. No anivers\u00e1rio da concess\u00e3o do t\u00edtulo de Bas\u00edlica, neste caso, a 16 de junho de cada ano; e 4. Uma vez por ano, em dia determinado pelo Arcebispo Metropolitano. Para tanto determino, doravante, que todo \u00faltimo domingo de outubro, Solenidade de Nossa Senhora da Penha, os fi\u00e9is que visitarem a Bas\u00edlica da Penha, depois de terem confessado, recebido a Sant\u00edssima Eucaristia, rezado o Pai Nosso e o Credo nas inten\u00e7\u00f5es do Santo Padre lucrar\u00e3o uma indulg\u00eancia plen\u00e1ria.<br \/> A concess\u00e3o deste t\u00edtulo para a Igreja de Nossa Senhora da Penha tem um significado especial pelo carinho dos cariocas pela Igreja que orna o Penhasco da Penha e de l\u00e1, a Virgem da Penha de Fran\u00e7a aben\u00e7oa todo o Rio de Janeiro. Vamos, com esta gra\u00e7a do Papa Francisco, incrementar nossas romarias a Bas\u00edlica Santu\u00e1rio de Nossa Senhora da Penha pedindo paz e conc\u00f3rdia para a cidade e o Estado do Rio de Janeiro. Nossa Senhora da Penha de Fran\u00e7a, rogai por n\u00f3s!<\/p>\n","protected":false},"excerpt":{"rendered":"<p>No pr\u00f3ximo domingo, dia 02 de outubro, instalarei oficialmente a nova Bas\u00edlica Menor. O Santo Padre o Papa Francisco a 16 de junho de 2016 concedeu o T\u00edtulo de Bas\u00edlica Menor para a Igreja de Nossa Senhora da Penha, que \u00e9 tamb\u00e9m Santu\u00e1rio Arquidiocesano desde 15 de setembro de 1966. Durante os meses de agosto [&hellip;]<\/p>\n","protected":false},"author":5,"featured_media":0,"comment_status":"open","ping_status":"open","sticky":false,"template":"","format":"standard","meta":{"footnotes":""},"categories":[9],"tags":[],"class_list":["post-18394","post","type-post","status-publish","format-standard","hentry","category-artigos"],"_links":{"self":[{"href":"https:\/\/catolicanet.net\/wp-cnet\/wp-json\/wp\/v2\/posts\/18394","targetHints":{"allow":["GET"]}}],"collection":[{"href":"https:\/\/catolicanet.net\/wp-cnet\/wp-json\/wp\/v2\/posts"}],"about":[{"href":"https:\/\/catolicanet.net\/wp-cnet\/wp-json\/wp\/v2\/types\/post"}],"author":[{"embeddable":true,"href":"https:\/\/catolicanet.net\/wp-cnet\/wp-json\/wp\/v2\/users\/5"}],"replies":[{"embeddable":true,"href":"https:\/\/catolicanet.net\/wp-cnet\/wp-json\/wp\/v2\/comments?post=18394"}],"version-history":[{"count":1,"href":"https:\/\/catolicanet.net\/wp-cnet\/wp-json\/wp\/v2\/posts\/18394\/revisions"}],"predecessor-version":[{"id":21275,"href":"https:\/\/catolicanet.net\/wp-cnet\/wp-json\/wp\/v2\/posts\/18394\/revisions\/21275"}],"wp:attachment":[{"href":"https:\/\/catolicanet.net\/wp-cnet\/wp-json\/wp\/v2\/media?parent=18394"}],"wp:term":[{"taxonomy":"category","embeddable":true,"href":"https:\/\/catolicanet.net\/wp-cnet\/wp-json\/wp\/v2\/categories?post=18394"},{"taxonomy":"post_tag","embeddable":true,"href":"https:\/\/catolicanet.net\/wp-cnet\/wp-json\/wp\/v2\/tags?post=18394"}],"curies":[{"name":"wp","href":"https:\/\/api.w.org\/{rel}","templated":true}]}}