{"id":18371,"date":"2016-09-29T18:41:43","date_gmt":"2016-09-29T21:41:43","guid":{"rendered":"http:\/\/catolicanet.net\/wp-cnet\/2016\/09\/29\/muito-dinheiro-gasto-para-morte\/"},"modified":"2017-05-05T16:09:28","modified_gmt":"2017-05-05T19:09:28","slug":"muito-dinheiro-gasto-para-morte","status":"publish","type":"post","link":"https:\/\/catolicanet.net\/wp-cnet\/muito-dinheiro-gasto-para-morte\/","title":{"rendered":"Muito dinheiro gasto para morte"},"content":{"rendered":"<p style=\"text-align: justify;\">\u201cSomos condicionados a confiar que nossos m\u00e9dicos e nossos governos cuidam de n\u00f3s e acreditamos que os meios de comunica\u00e7\u00e3o s\u00e3o nossos amigos. A verdade \u00e9 que vivemos enganados\u201d escreve o renomado historiador holand\u00eas Robin de Ruiter (1).<br \/>Gastamos muito dinheiro com tratamento para as pessoas normais, os \u201cdoentes de preocupa\u00e7\u00e3o\u201d, que v\u00e3o ser prejudicados por essas drogas, enquanto faltam recursos para quem est\u00e1 de fato doente e desesperado por tratamento. Dois ter\u00e7os que t\u00eam depress\u00e3o severa n\u00e3o s\u00e3o tratados, e muitos dos que sofrem de esquizofrenia acabam na pris\u00e3o ou nas ruas, sem moradia.<br \/>Milh\u00f5es de pessoas sadias est\u00e3o sendo prejudicadas com diagn\u00f3sticos psiqui\u00e1tricos equivocados e tratamentos desnecess\u00e1rios enquanto os que t\u00eam doen\u00e7as mentais verdadeiras n\u00e3o t\u00eam acesso \u00e0s terapias que precisam. O alerta vem do psiquiatra norte-americano Allen Frances, 73, professor em\u00e9rito na Universidade Duke, na Carolina do Norte (EUA), autor do livro \u201cVoltando ao normal\u201d (Versal Editores), rec\u00e9m-traduzido para o portugu\u00eas (2). <\/p>\n<p>GUERRA E TERRORISMO<\/p>\n<p>\u201cDinheiro p\u00fablico \u00e9 como \u00e1gua benta: todos querem colocar a m\u00e3o\u201d.<br \/>(Prov\u00e9rbio Italiano)<\/p>\n<p>\u201cEstamos mais seguros?\u201d A cada novo anivers\u00e1rio dos ataques que ceifaram 2.977 v\u00edtimas na manh\u00e3 de 11 de Setembro de 2001, os americanos repetem a mesma pergunta. Os EUA gastaram US$ 7 bilh\u00f5es na seguran\u00e7a de aeroportos e trilh\u00f5es na guerra ao terrorismo em pa\u00edses como Iraque, Afeganist\u00e3o e S\u00edria. A popula\u00e7\u00e3o, contudo, nunca se sentiu t\u00e3o insegura. Segundo o Centro de Pesquisa Pew, 40% dos americanos creem que terroristas est\u00e3o mais preparados para um ataque mais espetacular que o realizado em 11\/09 \u2013 o maior \u00edndice da s\u00e9rie hist\u00f3rica, iniciada em 2002. Medo justificado?<br \/>Em partes, afirma o professor do MIT (Instituto de Tecnologia de Massachusetts) John Tirman. \u201cH\u00e1 vulnerabilidades. V\u00eam-me a mentes grandes complexos industriais ou usinas nucleares.\u201d<br \/>Quinze anos ap\u00f3s o 11\/09, a amea\u00e7a do terrorismo se diversificou, tornou-se mais imprevis\u00edvel e dif\u00edcil de ser contida. A invas\u00e3o do Iraque ordenada em 2003 por George W. Bush permitiu o surgimento da fac\u00e7\u00e3o terrorista Estado Isl\u00e2mico (EI), beneficiada depois pela ressaca da Primavera \u00c1rabe, em 2011, que mergulhou a S\u00edria e a L\u00edbia no caos. \u201cA chamada guerra contra o terror deflagrou um movimento jihadista global. N\u00e3o digo que as pessoas devam parar de sair de casa, mas a probabilidade de um atentado \u00e9 bem maior\u201d, afirma \u00e0 Folha Loretta Napoleoni.<br \/>Economista, Napoleoni se especializou em rastrear as finan\u00e7as dos grupos terroristas. Ela estima que a \u201ceconomia do terrorismo\u201d seja equivalente a 8% do PIB mundial, ou mais de US$ 1,7 trilh\u00e3o. Um ter\u00e7o tem origem em neg\u00f3cios leg\u00edtimos, mas terrorismo e crime est\u00e3o muito mais \u201cinterconectados\u201d hoje que 15 anos atr\u00e1s, diz ela. Disse o ex-presidente americano Richard Nixon: \u201cO governo n\u00e3o pode dar nada ao povo que primeiro dele n\u00e3o tenha tirado\u201d.<\/p>\n<p>BRASIL<br \/>\u201cAs leis abundam em Estado corrupto\u201d,<br \/>T\u00e1cito, isigne historiador latino.<\/p>\n<p>Interrompida a marcha de insensatez que caracterizou a gest\u00e3o das empresas estatais nos \u00faltimos anos, parece iniciar-se uma restaura\u00e7\u00e3o. Ser\u00e1 um longo caminho, em vista do colosso de preju\u00edzos nas duas principais empresas, Petrobras e Eletrobras.<br \/>A Petrobras \u00e9 a mais vistosa, n\u00e3o s\u00f3 pela rapinagem trazida \u00e0 luz pela Opera\u00e7\u00e3o Lava Jato, mas pela deteriora\u00e7\u00e3o dos processos decis\u00f3rios, que passaram a responder apenas a ditames pol\u00edticos, n\u00e3o a or\u00e7amentos e custos.<br \/>Em conjunto, as decis\u00f5es erradas e os danos decorrentes de corrup\u00e7\u00e3o j\u00e1 levaram a petroleira a reconhecer preju\u00edzos pr\u00f3ximos de R$ 100 bilh\u00f5es. Nessa estimativa entram desde propinas da ordem de R$ 6 bilh\u00f5es at\u00e9 reavalia\u00e7\u00f5es de projetos que estouraram os or\u00e7amentos, com a refinaria de Abreu e Lima e o complexo petroqu\u00edmico do Rio de Janeiro.<br \/>Da mesma forma, a Eletrobras padeceu sob o \u00edmpeto intervencionista do governo passado, que desarticulou todo o setor el\u00e9trico. Foi for\u00e7ada a investimentos perdul\u00e1rios e a redu\u00e7\u00f5es insustent\u00e1veis de tarifas. Suas subsidi\u00e1rias operacionais, onde se concentra o dinheiro, sempre foram alvo da cobi\u00e7a de pol\u00edticos em grau de cupidez ainda por estabelecer. O resultado foi um preju\u00edzo de R$ 30 bilh\u00f5es nos \u00faltimos quatro anos. Enquanto isso, o pa\u00eds ficou para tr\u00e1s nos not\u00e1veis avan\u00e7os tecnol\u00f3gicos que prometem uma revolu\u00e7\u00e3o na gera\u00e7\u00e3o e na distribui\u00e7\u00e3o de energia (3).<br \/>Peter Drucker, escritor, professor, consultor administrativo e considerado como o pai da administra\u00e7\u00e3o moderna afirmou: \u201cO governo \u00e9 um mau gerente\u201d.<\/p>\n<p>Pe. In\u00e1cio Jos\u00e9 do Vale<br \/>Professor, psicanalista e conferencista<br \/>Soci\u00f3logo em Ci\u00eancia da Religi\u00e3o<br \/>Irm\u00e3ozinho da Visita\u00e7\u00e3o da Fraternidade de Charles de Foucauld<br \/>E-mail: pe.inacio.jose@gmail.com<\/p>\n<p>Notas: <br \/>(1)\u00a0\u00a0\u00a0 Ruiter, Robin de. O Anticristo: poder o culto por tr\u00e1s da Nova Ordem Municipal. S\u00e3o Paulo: Editora Ave-Maria, 2005, p. 217.<br \/>(2)\u00a0\u00a0\u00a0 Folha de S. Paulo, 11\/09\/2016, p. B8.<br \/>(3)\u00a0\u00a0\u00a0 Folha de S. Paulo \u2013 Opini\u00e3o, 11\/09\/2016, p. A2.<\/p>\n","protected":false},"excerpt":{"rendered":"<p>\u201cSomos condicionados a confiar que nossos m\u00e9dicos e nossos governos cuidam de n\u00f3s e acreditamos que os meios de comunica\u00e7\u00e3o s\u00e3o nossos amigos. A verdade \u00e9 que vivemos enganados\u201d escreve o renomado historiador holand\u00eas Robin de Ruiter (1).Gastamos muito dinheiro com tratamento para as pessoas normais, os \u201cdoentes de preocupa\u00e7\u00e3o\u201d, que v\u00e3o ser prejudicados por [&hellip;]<\/p>\n","protected":false},"author":16,"featured_media":0,"comment_status":"open","ping_status":"open","sticky":false,"template":"","format":"standard","meta":{"footnotes":""},"categories":[9],"tags":[],"class_list":["post-18371","post","type-post","status-publish","format-standard","hentry","category-artigos"],"_links":{"self":[{"href":"https:\/\/catolicanet.net\/wp-cnet\/wp-json\/wp\/v2\/posts\/18371","targetHints":{"allow":["GET"]}}],"collection":[{"href":"https:\/\/catolicanet.net\/wp-cnet\/wp-json\/wp\/v2\/posts"}],"about":[{"href":"https:\/\/catolicanet.net\/wp-cnet\/wp-json\/wp\/v2\/types\/post"}],"author":[{"embeddable":true,"href":"https:\/\/catolicanet.net\/wp-cnet\/wp-json\/wp\/v2\/users\/16"}],"replies":[{"embeddable":true,"href":"https:\/\/catolicanet.net\/wp-cnet\/wp-json\/wp\/v2\/comments?post=18371"}],"version-history":[{"count":1,"href":"https:\/\/catolicanet.net\/wp-cnet\/wp-json\/wp\/v2\/posts\/18371\/revisions"}],"predecessor-version":[{"id":21283,"href":"https:\/\/catolicanet.net\/wp-cnet\/wp-json\/wp\/v2\/posts\/18371\/revisions\/21283"}],"wp:attachment":[{"href":"https:\/\/catolicanet.net\/wp-cnet\/wp-json\/wp\/v2\/media?parent=18371"}],"wp:term":[{"taxonomy":"category","embeddable":true,"href":"https:\/\/catolicanet.net\/wp-cnet\/wp-json\/wp\/v2\/categories?post=18371"},{"taxonomy":"post_tag","embeddable":true,"href":"https:\/\/catolicanet.net\/wp-cnet\/wp-json\/wp\/v2\/tags?post=18371"}],"curies":[{"name":"wp","href":"https:\/\/api.w.org\/{rel}","templated":true}]}}