{"id":18366,"date":"2016-09-29T16:35:40","date_gmt":"2016-09-29T19:35:40","guid":{"rendered":"http:\/\/catolicanet.net\/wp-cnet\/2016\/09\/29\/diocese-de-cachoeiro-do-itapemirim-promove-encontro-das-cebs\/"},"modified":"2017-05-26T14:24:33","modified_gmt":"2017-05-26T17:24:33","slug":"diocese-de-cachoeiro-do-itapemirim-promove-encontro-das-cebs","status":"publish","type":"post","link":"https:\/\/catolicanet.net\/wp-cnet\/diocese-de-cachoeiro-do-itapemirim-promove-encontro-das-cebs\/","title":{"rendered":"Diocese de Cachoeiro do Itapemirim promove encontro das CEBs"},"content":{"rendered":"<p style=\"text-align: justify;\"><img decoding=\"async\" src=\"http:\/\/www.catolicanet.com.br\/images\/stories\/noticias\/cebs-cachoeiro.jpg\" border=\"0\" align=\"left\" \/>Evento abordar\u00e1 desafios do mundo urbano<\/p>\n<p>Mais de 600 pessoas devem participar do 8\u00ba Encontro das Comunidades Eclesiais de Base (CEBs) da diocese de Cachoeiro do Itapemirim (ES), de 7 a 9 de outubro. Iluminado pelo Jubileu Extraordin\u00e1rio da Miseric\u00f3rdia, o evento ter\u00e1 como tema \u201cCebs e os desafios do Mundo Urbano\u201d e como lema \u201cVi e ouvi o clamor do meu povo e desci para libert\u00e1-lo\u201d (Ex. 3,7).\u00a0 <\/p>\n<p>Padres, di\u00e1conos, seminaristas, membros do Conselho Diocesano de Pastoral, coordenadores das Comunidades Eclesiais de Base das par\u00f3quias, coordenadores paroquiais e da Pastoral da Juventude confirmaram presen\u00e7a no encontro. O bispo diocesano, dom Dario Campos, estar\u00e1 presente na abertura do evento.<\/p>\n<p>A inten\u00e7\u00e3o \u00e9 promover um aprofundamento sobre a realidade do cotidiano urbano, seus processos hist\u00f3ricos e os desafios que devem ser enfrentados. Tudo isto estar\u00e1 amparado, de acordo com a organiza\u00e7\u00e3o, em uma reflex\u00e3o b\u00edblico teol\u00f3gica, contando com palestras, oficinas e ora\u00e7\u00e3o. <\/p>\n<p>Dez tem\u00e1ticas de palestras e oficinas foram definidas previamente. Entre as reflex\u00f5es, a enc\u00edclica do papa Francisco, Laudato Si\u2019 \u2013 sobre o cuidado da casa comum; a Campanha da Fraternidade 2016, que abordou a quest\u00e3o do saneamento b\u00e1sico; os Conselhos Municipais e o desafio da administra\u00e7\u00e3o dos recursos p\u00fablicos; a presen\u00e7a e os desafios do di\u00e1logo da Igreja com as novas m\u00eddias; e juventude &#8211; mundo urbano e Igreja, desafios e esperan\u00e7as.<br \/>Com informa\u00e7\u00f5es e imagem da diocese de Cachoeiro do Itapemirim (ES)<\/p>\n<p style=\"text-align: justify;\">\u00a0<\/p>\n<p style=\"text-align: justify;\">Fonte: CNBB<\/p>\n","protected":false},"excerpt":{"rendered":"<p>Evento abordar\u00e1 desafios do mundo urbano Mais de 600 pessoas devem participar do 8\u00ba Encontro das Comunidades Eclesiais de Base (CEBs) da diocese de Cachoeiro do Itapemirim (ES), de 7 a 9 de outubro. Iluminado pelo Jubileu Extraordin\u00e1rio da Miseric\u00f3rdia, o evento ter\u00e1 como tema \u201cCebs e os desafios do Mundo Urbano\u201d e como lema [&hellip;]<\/p>\n","protected":false},"author":1,"featured_media":18365,"comment_status":"open","ping_status":"open","sticky":false,"template":"","format":"standard","meta":{"footnotes":""},"categories":[7],"tags":[],"class_list":["post-18366","post","type-post","status-publish","format-standard","has-post-thumbnail","hentry","category-cnbb"],"_links":{"self":[{"href":"https:\/\/catolicanet.net\/wp-cnet\/wp-json\/wp\/v2\/posts\/18366","targetHints":{"allow":["GET"]}}],"collection":[{"href":"https:\/\/catolicanet.net\/wp-cnet\/wp-json\/wp\/v2\/posts"}],"about":[{"href":"https:\/\/catolicanet.net\/wp-cnet\/wp-json\/wp\/v2\/types\/post"}],"author":[{"embeddable":true,"href":"https:\/\/catolicanet.net\/wp-cnet\/wp-json\/wp\/v2\/users\/1"}],"replies":[{"embeddable":true,"href":"https:\/\/catolicanet.net\/wp-cnet\/wp-json\/wp\/v2\/comments?post=18366"}],"version-history":[{"count":1,"href":"https:\/\/catolicanet.net\/wp-cnet\/wp-json\/wp\/v2\/posts\/18366\/revisions"}],"predecessor-version":[{"id":23420,"href":"https:\/\/catolicanet.net\/wp-cnet\/wp-json\/wp\/v2\/posts\/18366\/revisions\/23420"}],"wp:featuredmedia":[{"embeddable":true,"href":"https:\/\/catolicanet.net\/wp-cnet\/wp-json\/wp\/v2\/media\/18365"}],"wp:attachment":[{"href":"https:\/\/catolicanet.net\/wp-cnet\/wp-json\/wp\/v2\/media?parent=18366"}],"wp:term":[{"taxonomy":"category","embeddable":true,"href":"https:\/\/catolicanet.net\/wp-cnet\/wp-json\/wp\/v2\/categories?post=18366"},{"taxonomy":"post_tag","embeddable":true,"href":"https:\/\/catolicanet.net\/wp-cnet\/wp-json\/wp\/v2\/tags?post=18366"}],"curies":[{"name":"wp","href":"https:\/\/api.w.org\/{rel}","templated":true}]}}