{"id":18350,"date":"2016-09-29T14:21:43","date_gmt":"2016-09-29T17:21:43","guid":{"rendered":"http:\/\/catolicanet.net\/wp-cnet\/2016\/09\/29\/cardeal-parolin-paz-na-colombia-e-possivel-viver-sem-massacres\/"},"modified":"2017-06-02T10:00:24","modified_gmt":"2017-06-02T13:00:24","slug":"cardeal-parolin-paz-na-colombia-e-possivel-viver-sem-massacres","status":"publish","type":"post","link":"https:\/\/catolicanet.net\/wp-cnet\/cardeal-parolin-paz-na-colombia-e-possivel-viver-sem-massacres\/","title":{"rendered":"Cardeal Parolin: paz na Col\u00f4mbia, \u00e9 poss\u00edvel viver sem massacres"},"content":{"rendered":"<p style=\"text-align: justify;\"><img decoding=\"async\" src=\"http:\/\/www.catolicanet.com.br\/images\/stories\/cardeais\/epa2184921_articolo.jpg\" border=\"0\" align=\"left\" \/>Cartagena das \u00cdndias (RV) &#8211; O Secret\u00e1rio de Estado do Vaticano, Cardeal Pietro Parolin, participou em 26 de setembro \u00faltimo, na cidade colombiana de Cartagena das \u00cdndias da assinatura do acordo de paz entre o governo do pa\u00eds e as FARC. Um evento hist\u00f3rico no qual o Cardeal pediu que sejam curadas as feridas do cora\u00e7\u00e3o dos colombianos e assegurou que \u00e9 poss\u00edvel viver sem massacres.<\/p>\n<p>Na Liturgia da Palavra que presidiu, estiveram presentes mandat\u00e1rios de todo o mundo. O Purpurado se mostrou confiante na \u201cpossibilidade de construir um futuro diferente, no qual convivam sem massacres e no qual possuir convic\u00e7\u00f5es diversas, respeitando as regras democr\u00e1ticas, da dignidade humana e da tradi\u00e7\u00e3o cat\u00f3lica desta grande na\u00e7\u00e3o\u201d.<\/p>\n<p>Paz para Col\u00f4mbia<\/p>\n<p>\u201cA paz que a Col\u00f4mbia deseja vai al\u00e9m da tamb\u00e9m necess\u00e1ria consecu\u00e7\u00e3o de certas estruturas ou conven\u00e7\u00f5es, e se centra na reconstru\u00e7\u00e3o da pessoa: de fato, \u00e9 nas feridas do cora\u00e7\u00e3o humano onde se encontram as causas profundas do conflito que destruiu este pa\u00eds nos \u00faltimos anos. S\u00f3 Deus nos d\u00e1 a for\u00e7a para enfrentar tais problemas e, sobretudo, a capacidade de nos identificar com todos aqueles que sofrem por sua causa\u201d, disse Dom Parolin na homilia.<\/p>\n<p>\u201cDesejo, em primeiro lugar, transmitir a proximidade do Papa Francisco ao querido povo colombiano e \u00e0s suas Autoridades, especialmente na presente circunst\u00e2ncia da assinatura do Acordo Final entre o Governo da Col\u00f4mbia e as FARC-EP\u201d.<\/p>\n<p>O cardeal assegurou que \u201co Santo Padre tem seguido com grande aten\u00e7\u00e3o os esfor\u00e7os dos \u00faltimos anos na busca de harmonia e reconcilia\u00e7\u00e3o\u201d.<\/p>\n<p>Papa sempre animou o respeito dos direitos humanos<\/p>\n<p>\u201cV\u00e1rias vezes animou estes esfor\u00e7os, sem mencionar as solu\u00e7\u00f5es concretas que foram negociadas, e sobre as quais decidir\u00e3o, de maneira livre, informada e em consci\u00eancia, os pr\u00f3prios cidad\u00e3os\u201d. \u201cO Papa sempre animou o respeito dos direitos humanos e dos valores crist\u00e3os que est\u00e3o no centro da cultura colombiana. Acredito que todos que estamos aqui presentes estamos conscientes de que, no fundo, estamos no final de uma negocia\u00e7\u00e3o, mas tamb\u00e9m no in\u00edcio de um processo, ainda aberto, de mudan\u00e7a, que requer a contribui\u00e7\u00e3o e o respeito de todos os colombianos\u201d, indicou.<\/p>\n<p>O Secret\u00e1rio de Estado recordou a hist\u00f3ria da cidade de Cartagena das \u00cdndias e sua rela\u00e7\u00e3o com a escravid\u00e3o e a figura de S\u00e3o Pedro Claver que ajudou a elimin\u00e1-la. \u201cPoder\u00edamos dizer que, como h\u00e1 alguns s\u00e9culos os escravos e comerciantes se dirigiam ao porto doentes e maltratados, hoje muitos colombianos viajam tristes e sofridos, com a dignidade ferida ou roubada. Passaram por tormentas e tempestades, sem perder a esperan\u00e7a. T\u00eam necessidade de serem resgatados e amados, eles t\u00eam sede de \u00e1gua fresca\u201d.<\/p>\n<p>Libertar das cadeias da escravid\u00e3o<\/p>\n<p>\u201cDa mesma maneira, hoje Jesus tamb\u00e9m nos espera para nos libertar das cadeias da escravid\u00e3o. A pr\u00f3pria e a que nos ocasionam outros. Est\u00e1 ansioso para nos abra\u00e7ar, para curar nossas chagas, enxugar nossas l\u00e1grimas, para nos dar a \u00e1gua e o p\u00e3o da vida, para nos olhar com amor no profundo da alma, para nos levar nos seus bra\u00e7os at\u00e9 um porto seguro\u2026 Sabemos que o sofrimento das v\u00edtimas, oferecido aos p\u00e9s da Cruz, se converte em um recipiente para receber a sua miseric\u00f3rdia\u201d.<\/p>\n<p>O Purpurado recordou tamb\u00e9m que Francisco expressou em v\u00e1rias ocasi\u00f5es o desejo de visitar a Col\u00f4mbia, mas quando o acordo de paz fosse assinado. \u201cO m\u00e9todo mais seguro para come\u00e7ar um futuro melhor \u00e9 reconstruir a dignidade de quem sofre, e para fazer isto \u00e9 necess\u00e1rio aproximar-se deles sem restri\u00e7\u00f5es de tempo, at\u00e9 o ponto de identificar-se com ele\u201d.<\/p>\n<p>O Secret\u00e1rio de Estado pediu para n\u00e3o considerar \u201ceste encontro como mais um evento, mas como uma manifesta\u00e7\u00e3o da confian\u00e7a das autoridades e de todos aqueles que nos seguem com a for\u00e7a da ora\u00e7\u00e3o a Deus\u201d.<\/p>\n<p style=\"text-align: justify;\">\u00a0<\/p>\n<p style=\"text-align: justify;\">Fonte: R\u00e1dio Vaticano<\/p>\n","protected":false},"excerpt":{"rendered":"<p>Cartagena das \u00cdndias (RV) &#8211; O Secret\u00e1rio de Estado do Vaticano, Cardeal Pietro Parolin, participou em 26 de setembro \u00faltimo, na cidade colombiana de Cartagena das \u00cdndias da assinatura do acordo de paz entre o governo do pa\u00eds e as FARC. Um evento hist\u00f3rico no qual o Cardeal pediu que sejam curadas as feridas do [&hellip;]<\/p>\n","protected":false},"author":1,"featured_media":18349,"comment_status":"open","ping_status":"open","sticky":false,"template":"","format":"standard","meta":{"footnotes":""},"categories":[3],"tags":[],"class_list":["post-18350","post","type-post","status-publish","format-standard","has-post-thumbnail","hentry","category-vaticano"],"_links":{"self":[{"href":"https:\/\/catolicanet.net\/wp-cnet\/wp-json\/wp\/v2\/posts\/18350","targetHints":{"allow":["GET"]}}],"collection":[{"href":"https:\/\/catolicanet.net\/wp-cnet\/wp-json\/wp\/v2\/posts"}],"about":[{"href":"https:\/\/catolicanet.net\/wp-cnet\/wp-json\/wp\/v2\/types\/post"}],"author":[{"embeddable":true,"href":"https:\/\/catolicanet.net\/wp-cnet\/wp-json\/wp\/v2\/users\/1"}],"replies":[{"embeddable":true,"href":"https:\/\/catolicanet.net\/wp-cnet\/wp-json\/wp\/v2\/comments?post=18350"}],"version-history":[{"count":1,"href":"https:\/\/catolicanet.net\/wp-cnet\/wp-json\/wp\/v2\/posts\/18350\/revisions"}],"predecessor-version":[{"id":27470,"href":"https:\/\/catolicanet.net\/wp-cnet\/wp-json\/wp\/v2\/posts\/18350\/revisions\/27470"}],"wp:featuredmedia":[{"embeddable":true,"href":"https:\/\/catolicanet.net\/wp-cnet\/wp-json\/wp\/v2\/media\/18349"}],"wp:attachment":[{"href":"https:\/\/catolicanet.net\/wp-cnet\/wp-json\/wp\/v2\/media?parent=18350"}],"wp:term":[{"taxonomy":"category","embeddable":true,"href":"https:\/\/catolicanet.net\/wp-cnet\/wp-json\/wp\/v2\/categories?post=18350"},{"taxonomy":"post_tag","embeddable":true,"href":"https:\/\/catolicanet.net\/wp-cnet\/wp-json\/wp\/v2\/tags?post=18350"}],"curies":[{"name":"wp","href":"https:\/\/api.w.org\/{rel}","templated":true}]}}