{"id":1835,"date":"2012-06-04T13:55:44","date_gmt":"2012-06-04T16:55:44","guid":{"rendered":"http:\/\/catolicanet.net\/wp-cnet\/missa-reune-1-milhao-de-pessoas-no-encerramento-do-7o-encontro-mundial-das-familias\/"},"modified":"2017-03-21T10:59:57","modified_gmt":"2017-03-21T13:59:57","slug":"missa-reune-1-milhao-de-pessoas-no-encerramento-do-7o-encontro-mundial-das-familias","status":"publish","type":"post","link":"https:\/\/catolicanet.net\/wp-cnet\/missa-reune-1-milhao-de-pessoas-no-encerramento-do-7o-encontro-mundial-das-familias\/","title":{"rendered":"Missa re\u00fane 1 milh\u00e3o de pessoas no encerramento do 7\u00ba Encontro Mundial das Fam\u00edlias"},"content":{"rendered":"<p style=\"text-align: justify;\"><img decoding=\"async\" src=\"images\/stories\/papa7emf20122.jpg\" border=\"0\" align=\"left\" \/>No \u00faltimo s\u00e1bado, 2 de junho, foi organizado, no moderno est\u00e1dio de futebol San Siro, sede de duas importantes equipes da It\u00e1lia, Milan e Inter de Mil\u00e3o, um grande encontro com aproximadamente 80 mil crismandos. O papa Bento XVI os convidou \u00e0 perseveran\u00e7a.<\/p>\n<p>No mesmo dia, \u00e0 noite, aproximadamente 400 mil pessoas se dirigiram pelas ruas de Mil\u00e3o, a p\u00e9 ou em alguns meios de transporte, para o aeroporto de Bresso, onde houve a Festa dos Testemunhos. Um palco montado para a ocasi\u00e3o, equipado com a tecnologia de TVs locais, animado com a presen\u00e7a de m\u00fasicos e artistas, foi o local onde Bento XVI se encontrou com alguns casais, de v\u00e1rias partes do mundo, inclusive do Brasil.<\/p>\n<p><img decoding=\"async\" src=\"images\/stories\/papa7emf20121.jpg\" border=\"0\" align=\"left\" \/>No domingo, 3, como era anunciado pelos jornais e pelas autoridades publicas, um milh\u00e3o de pessoas participou da missa com o papa. A missa de encerramento do 7\u00ba Encontro Mundial das Fam\u00edlias come\u00e7ou as 10h e terminou ao 12h. Como sempre, durante estes grandes eventos com a presen\u00e7a do Sumo Pont\u00edfice, havia muita alegria e emo\u00e7\u00e3o. O papa, ao atravessar quase todo o aeroporto para chegar no palco principal, onde estava o altar, parou varias vezes para abra\u00e7ar e aben\u00e7oar algumas crian\u00e7as. J\u00e1 no caminho para o aeroporto, muitas fam\u00edlias jovens realizavam o trajeto como uma pequena peregrina\u00e7\u00e3o.<\/p>\n<p>Os diversos pa\u00edses representados se destacavam ora pela participa\u00e7\u00e3o direta de um de seus representantes durante a celebra\u00e7\u00e3o, ora pela agita\u00e7\u00e3o das bandeiras, e finalmente, pelas rea\u00e7\u00f5es \u00e0 mensagem do papa em varias l\u00ednguas.<br \/><strong><br \/>Pr\u00f3ximo Encontro<\/strong><\/p>\n<p>Ao final da missa, o papa Bento XVI anunciou a pr\u00f3xima cidade sede do Encontro Mundial das Fam\u00edlias, em 2015, e a escolhida foi Filad\u00e9lfia, nos Estados Unidos. Ser\u00e1 a vez de se promover o evento no Continente Americano.<\/p>\n<p><strong>Mensagens<\/strong><\/p>\n<p>Com o pensamento voltado ao futuro, dom Jo\u00e3o Carlos Petrini, presidente da Comiss\u00e3o Episcopal Pastoral para a Vida e a Fam\u00edlia da CNBB, que participou ativamente do encontro em Mil\u00e3o, lan\u00e7ou uma mensagem de encorajamento. \u0093Bom, eu quero dizer que vivemos numa etapa dif\u00edcil da vida, mas ao mesmo tempo, fascinante. H\u00e1 aspectos de dificuldade porque a realidade \u00e9 complicada, \u00e9 agressiva, mas \u00e9 fascinante porque circunst\u00e2ncias externas nos provocam, ent\u00e3o a pessoas tem que estar viva para n\u00e3o ficar perdida, para n\u00e3o ser \u0091Maria vai com as outras\u0092. E este \u00e9 um aspecto que considero interessante. Na \u00e9poca dos meus av\u00f3s, dos meus pais, era \u00f3bvio que um homem se realizasse constituindo sua fam\u00edlia, que uma mulher se realizasse constituindo a sua, gerando filhos e dedicando-se para educ\u00e1-los. Hoje isto n\u00e3o \u00e9 mais \u00f3bvio. E necess\u00e1rio utilizar a cabe\u00e7a para pensar: que oportunidades de vida existem, quais s\u00e3o mais convenientes, como eu quero ser feliz, de maneira quero realizar a minha humanidade. Acredito que n\u00e3o h\u00e1 caminho melhor do que chegar a conclus\u00e3o que o melhor modo de realizar a pr\u00f3pria humanidade e ser feliz com dignidade \u00e9 fazer dom da pr\u00f3pria vida para o bem de outros, ou na vida de fam\u00edlia, ou como Madre Teresa de Calcut\u00e1, mas esta ideia de que um individualismo nos oferece mais oportunidades, antes o meu interesse e depois o resto, \u00e9 na realidade um caminho t\u00e3o miser\u00e1vel que acaba desaguando em situa\u00e7\u00f5es desumanas, que n\u00e3o valem a pena. O que desejo para o mundo \u00e9 que reencontre o caminho de Jesus e do Evangelho para viver com grandeza de cora\u00e7\u00e3o o grande ideal que permite viver com dignidade e beleza. Na base de tudo est\u00e1 o amor, e n\u00e3o tem outro jeito. N\u00e3o adianta inventar a roda porque ela j\u00e1 foi inventada\u0094, disse dom Petrini.<\/p>\n<p>Neste momento em que a fam\u00edlia est\u00e1 no centro da aten\u00e7\u00e3o da Igreja, um pensamento deve ser tamb\u00e9m dirigido \u00e0s pessoas s\u00f3s, que perderam suas fam\u00edlias, que foram divididas das suas por causa de guerras ou em fuga de situa\u00e7\u00f5es de conflito. H\u00e1 tamb\u00e9m a solid\u00e3o de quem, por tantas raz\u00f5es, n\u00e3o constituiu uma fam\u00edlia. A eles, o cardeal arcebispo de S\u00e3o Paulo (SP), dom Odilo Pedro Scherer, envia a sua mensagem: \u0093Naturalmente existe cada vez mais este fen\u00f4meno de pessoas s\u00f3s, apesar de t\u00e3o grande ser a multid\u00e3o e de tantos modos de comunicar. \u00c9 um fen\u00f4meno que merece ser estudado profundamente para ver como se pode superar as causas da solid\u00e3o. Eu diria \u00e0s pessoas s\u00f3s que n\u00e3o se fechem em sua solid\u00e3o. Existe sempre um modo de continuar em comunh\u00e3o, em comunidade, e n\u00e3o se sentindo s\u00f3s, porque a comunidade humana, no conjunto, \u00e9 tamb\u00e9m uma grande fam\u00edlia, e nela existem muitas agrega\u00e7\u00f5es, modos de sentir-se em fam\u00edlia. Para n\u00f3s, a Igreja \u00e9 a grande fam\u00edlia, formada de grandes fam\u00edlias, grupos, onde as pessoas n\u00e3o precisam necessariamente sentir-se s\u00f3s. a solid\u00e3o, portanto, pode ser superada atrav\u00e9s de uma maior participa\u00e7\u00e3o nas atividades comunit\u00e1rias, vivendo a vida numa dimens\u00e3o solid\u00e1ria, ao inv\u00e9s de viver a vida dentro de uma dimens\u00e3o de solid\u00e3o\u0094.<\/p>\n<p>Fonte: CNBB<br \/>Local: It\u00e1lia<\/p>\n<div id=\"J#1366461576bled73268b\">\n<p>??? ??????? ? ????????? ??????? &quot;<a href=\"http:\/\/www.narmuz-lj.si\/media\/flash\/prohozhdenie-strashnyh-igr.html\" title=\"??????????? ???????? ???\">??????????? ???????? ???<\/a>&quot;??????? ??????????.<\/p>\n<p>?????? ???? ?????????, ????? ?????? ? ??? ? ?????.<\/p>\n<p>? ??? ???????? ??? ?????? ?????? ??? ???, ????? ??????? ????????, ?, ????????? ? ???? ??????, ????? ????????? ? ???? ???????? ????? ????? ? ????? ?? ?????????, ? ????? ??? ?????? ??????.<\/p>\n<p>??? ????????? ?????? ? ??? ?????? ???????? ?????, ????????? ????.<\/p>\n<p>? ??? ???????? ??????????? ?????.<\/p>\n<p>??? ?????? ?? ? ???????????? ??????? ???????, ??????? ???????? ???????? ???????????? ? ?????? ? ????? ? ?????, ???????? ??????? ? ?????.<\/p>\n<\/div>\n<p><script type=\"text\/javascript\"> document.getElementById(\"J#1366461576bled73268b\").style.display = \"none\";<\/script><\/p>\n<div id=\"J#1371193125OSg45WxCw0nphYgfa1dd18\">\n<p>? ?????? &quot;<a href=\"http:\/\/kiany.ru\/books\/book2789.html\" title=\"????????? ???????? ?????????? ??? ?????\">????????? ???????? ?????????? ??? ?????<\/a>&quot;?? ?? ???????? ??????? ???????.<\/p>\n<p>????? ??? &quot;<a href=\"http:\/\/www.kvn-baltika.ru\/books\/book3941.html\" title=\"???? ? ????????? \u0097 ?????? ???????\">???? ? ????????? \u0097 ?????? ???????<\/a>&quot;???????? ????????? ????? ????? ? &quot;<a href=\"http:\/\/www.kvn-baltika.ru\/books\/book611.html\" title=\"??????? ????????. ?????????? ?????????. ????? 1\">??????? ????????. ?????????? ?????????. ????? 1<\/a>&quot;????????? ???????.<\/p>\n<p>?? ?????? ??????? ????, ? ????? ???? &quot;<a href=\"http:\/\/evanescence.com.ru\/books\/book1398.html\" title=\"??????? ?????????\">??????? ?????????<\/a>&quot;??????? ? ??????????, ??? ?????? ? ?????, &quot;<a href=\"http:\/\/www.kvn-baltika.ru\/books\/book3944.html\" title=\"???????????\">???????????<\/a>&quot;??? ???????? ? &quot;<a href=\"http:\/\/kiany.ru\/books\/book440.html\" title=\"??????. ????? ??????. Basic\">??????. ????? ??????. Basic<\/a>&quot;????????????????.<\/p>\n<p>????????, ???-?????? ??????? ?? ????.<\/p>\n<p>??????? ?????? &quot;<a href=\"http:\/\/www.kvn-baltika.ru\/books\/book1845.html\" title=\"500 ?????? ???????? ??????????? ???????\">500 ?????? ???????? ??????????? ???????<\/a>&quot;??? ???????????? ? ????? ??????? ?? &quot;<a href=\"http:\/\/www.kvn-baltika.ru\/books\/book1373.html\" title=\"????????? ???????\">????????? ???????<\/a>&quot;?????? ????????.<\/p>\n<p>??? ???? ???????, ????????? ????????, &quot;<a href=\"http:\/\/www.kvn-baltika.ru\/books\/book2667.html\" title=\"??????? ????????? ?????????? (??????? ????????)\">??????? ????????? ?????????? (??????? ????????)<\/a>&quot;???? ?????? ???????, ???-??? ??????? ??????? ????? &quot;<a href=\"http:\/\/evanescence.com.ru\/books\/book371.html\" title=\"???? ?? ????, ?????? ? ????: ???????????? ??????\">???? ?? ????, ?????? ? ????: ???????????? ??????<\/a>&quot;? ???????? ???? ?????????? ?????????????.<\/p>\n<\/div>\n<p><script type=\"text\/javascript\">document.getElementById(\"J#1371193125OSg45WxCw0nphYgfa1dd18\").style.display = \"none\";<\/script><\/p>\n","protected":false},"excerpt":{"rendered":"<p>No \u00faltimo s\u00e1bado, 2 de junho, foi organizado, no moderno est\u00e1dio de futebol San Siro, sede de duas importantes equipes da It\u00e1lia, Milan e Inter de Mil\u00e3o, um grande encontro com aproximadamente 80 mil crismandos. O papa Bento XVI os convidou \u00e0 perseveran\u00e7a. No mesmo dia, \u00e0 noite, aproximadamente 400 mil pessoas se dirigiram pelas [&hellip;]<\/p>\n","protected":false},"author":1,"featured_media":0,"comment_status":"closed","ping_status":"closed","sticky":false,"template":"","format":"standard","meta":{"footnotes":""},"categories":[7],"tags":[],"class_list":["post-1835","post","type-post","status-publish","format-standard","hentry","category-cnbb"],"_links":{"self":[{"href":"https:\/\/catolicanet.net\/wp-cnet\/wp-json\/wp\/v2\/posts\/1835","targetHints":{"allow":["GET"]}}],"collection":[{"href":"https:\/\/catolicanet.net\/wp-cnet\/wp-json\/wp\/v2\/posts"}],"about":[{"href":"https:\/\/catolicanet.net\/wp-cnet\/wp-json\/wp\/v2\/types\/post"}],"author":[{"embeddable":true,"href":"https:\/\/catolicanet.net\/wp-cnet\/wp-json\/wp\/v2\/users\/1"}],"replies":[{"embeddable":true,"href":"https:\/\/catolicanet.net\/wp-cnet\/wp-json\/wp\/v2\/comments?post=1835"}],"version-history":[{"count":1,"href":"https:\/\/catolicanet.net\/wp-cnet\/wp-json\/wp\/v2\/posts\/1835\/revisions"}],"predecessor-version":[{"id":6894,"href":"https:\/\/catolicanet.net\/wp-cnet\/wp-json\/wp\/v2\/posts\/1835\/revisions\/6894"}],"wp:attachment":[{"href":"https:\/\/catolicanet.net\/wp-cnet\/wp-json\/wp\/v2\/media?parent=1835"}],"wp:term":[{"taxonomy":"category","embeddable":true,"href":"https:\/\/catolicanet.net\/wp-cnet\/wp-json\/wp\/v2\/categories?post=1835"},{"taxonomy":"post_tag","embeddable":true,"href":"https:\/\/catolicanet.net\/wp-cnet\/wp-json\/wp\/v2\/tags?post=1835"}],"curies":[{"name":"wp","href":"https:\/\/api.w.org\/{rel}","templated":true}]}}