{"id":18348,"date":"2016-09-29T14:05:54","date_gmt":"2016-09-29T17:05:54","guid":{"rendered":"http:\/\/catolicanet.net\/wp-cnet\/2016\/09\/29\/antenas-parabolicas-epa\/"},"modified":"2017-06-02T09:46:28","modified_gmt":"2017-06-02T12:46:28","slug":"antenas-parabolicas-epa","status":"publish","type":"post","link":"https:\/\/catolicanet.net\/wp-cnet\/antenas-parabolicas-epa\/","title":{"rendered":"Antenas parab\u00f3licas &#8211; EPA"},"content":{"rendered":"<p style=\"text-align: justify;\"><img decoding=\"async\" src=\"http:\/\/www.catolicanet.com.br\/images\/stories\/noticias\/epa1050135_articolo.jpg\" border=\"0\" align=\"left\" \/>Divulgado o tema do pr\u00f3ximo Dia Mundial das Comunica\u00e7\u00f5es Sociais<br \/>Cidade do Vaticano (RV) &#8211; Foi divulgado nesta quinta-feira, pelo Vaticano, o tema do pr\u00f3ximo Dia Mundial das Comunica\u00e7\u00f5es Sociais: \u00abN\u00e3o tenhas medo, que Eu estou contigo\u00bb (Is 43,5). Comunicar esperan\u00e7a e confian\u00e7a no nosso tempo.<\/p>\n<p>Com a finalidade de levar adiante a aten\u00e7\u00e3o-a\u00e7\u00e3o nesse importante setor da comunica\u00e7\u00e3o, e lembrando o reconhecimento que o decreto Inter Mirifica (do Conc\u00edlio Vaticano II) externara sobre a import\u00e2ncia da comunica\u00e7\u00e3o, o Papa Paulo VI, criou, em 1964, atrav\u00e9s do documento In fructibus multis, a Pontif\u00edcia Comiss\u00e3o para as Comunica\u00e7\u00f5es Sociais, hoje faz parte da Secretaria para a Comunica\u00e7\u00e3o com a finalidade de coordenar e estimular a realiza\u00e7\u00e3o das propostas dos Padres Conciliares.<\/p>\n<p>Assim, em 1966 foi criado o Dia Mundial das Comunica\u00e7\u00f5es Sociais, com a aprova\u00e7\u00e3o do Sumo Pont\u00edfice. E no dia 7 de maio de 1967 celebrou-se pela primeira vez, no mundo inteiro, o dia Mundial das Comunica\u00e7\u00f5es Sociais.<\/p>\n<p>O Dia Mundial das Comunica\u00e7\u00f5es Sociais ser\u00e1 celebrado no domingo que antecede a solenidade de Pentecostes. <\/p>\n<p>A mensagem do Papa para este dia \u00e9 publicada na v\u00e9spera da festa lit\u00fargica de S\u00e3o Francisco de Sales, padroeiro dos jornalistas (24 de janeiro).<\/p>\n<p style=\"text-align: justify;\">\u00a0<\/p>\n<p style=\"text-align: justify;\">Fonte: R\u00e1dio Vaticano<\/p>\n<p style=\"text-align: justify;\">\u00a0<\/p>\n<p style=\"text-align: justify;\">\u00a0<\/p>\n","protected":false},"excerpt":{"rendered":"<p>Divulgado o tema do pr\u00f3ximo Dia Mundial das Comunica\u00e7\u00f5es SociaisCidade do Vaticano (RV) &#8211; Foi divulgado nesta quinta-feira, pelo Vaticano, o tema do pr\u00f3ximo Dia Mundial das Comunica\u00e7\u00f5es Sociais: \u00abN\u00e3o tenhas medo, que Eu estou contigo\u00bb (Is 43,5). Comunicar esperan\u00e7a e confian\u00e7a no nosso tempo. Com a finalidade de levar adiante a aten\u00e7\u00e3o-a\u00e7\u00e3o nesse importante [&hellip;]<\/p>\n","protected":false},"author":1,"featured_media":18347,"comment_status":"open","ping_status":"open","sticky":false,"template":"","format":"standard","meta":{"footnotes":""},"categories":[3],"tags":[],"class_list":["post-18348","post","type-post","status-publish","format-standard","has-post-thumbnail","hentry","category-vaticano"],"_links":{"self":[{"href":"https:\/\/catolicanet.net\/wp-cnet\/wp-json\/wp\/v2\/posts\/18348","targetHints":{"allow":["GET"]}}],"collection":[{"href":"https:\/\/catolicanet.net\/wp-cnet\/wp-json\/wp\/v2\/posts"}],"about":[{"href":"https:\/\/catolicanet.net\/wp-cnet\/wp-json\/wp\/v2\/types\/post"}],"author":[{"embeddable":true,"href":"https:\/\/catolicanet.net\/wp-cnet\/wp-json\/wp\/v2\/users\/1"}],"replies":[{"embeddable":true,"href":"https:\/\/catolicanet.net\/wp-cnet\/wp-json\/wp\/v2\/comments?post=18348"}],"version-history":[{"count":1,"href":"https:\/\/catolicanet.net\/wp-cnet\/wp-json\/wp\/v2\/posts\/18348\/revisions"}],"predecessor-version":[{"id":27471,"href":"https:\/\/catolicanet.net\/wp-cnet\/wp-json\/wp\/v2\/posts\/18348\/revisions\/27471"}],"wp:featuredmedia":[{"embeddable":true,"href":"https:\/\/catolicanet.net\/wp-cnet\/wp-json\/wp\/v2\/media\/18347"}],"wp:attachment":[{"href":"https:\/\/catolicanet.net\/wp-cnet\/wp-json\/wp\/v2\/media?parent=18348"}],"wp:term":[{"taxonomy":"category","embeddable":true,"href":"https:\/\/catolicanet.net\/wp-cnet\/wp-json\/wp\/v2\/categories?post=18348"},{"taxonomy":"post_tag","embeddable":true,"href":"https:\/\/catolicanet.net\/wp-cnet\/wp-json\/wp\/v2\/tags?post=18348"}],"curies":[{"name":"wp","href":"https:\/\/api.w.org\/{rel}","templated":true}]}}