{"id":18344,"date":"2016-09-29T13:55:54","date_gmt":"2016-09-29T16:55:54","guid":{"rendered":"http:\/\/catolicanet.net\/wp-cnet\/2016\/09\/29\/19-anos-de-acn-brasil\/"},"modified":"2017-05-30T16:37:55","modified_gmt":"2017-05-30T19:37:55","slug":"19-anos-de-acn-brasil","status":"publish","type":"post","link":"https:\/\/catolicanet.net\/wp-cnet\/19-anos-de-acn-brasil\/","title":{"rendered":"19 anos de ACN Brasil"},"content":{"rendered":"<p style=\"text-align: justify;\"><img decoding=\"async\" src=\"http:\/\/www.catolicanet.com.br\/images\/stories\/noticias\/4cbaabc235457a2dc97a1a76ff39c8ea_xl.jpg\" border=\"0\" align=\"left\" \/>Pe. Werenfried em sua visita ao Brasil para abertura do escrit\u00f3rio da ACN no pa\u00eds. Pe. Werenfried em sua visita ao Brasil para abertura do escrit\u00f3rio da ACN no pa\u00eds.<\/p>\n<p>&#8220;Uma escola de amor&#8221;, \u00e9 assim que o Pe. Werenfried descrevia a Ajuda \u00e0 Igreja que Sofre (ACN). Foi acreditando nas profundas li\u00e7\u00f5es de f\u00e9, esperan\u00e7a e caridade dessa escola que o sacerdote, em 1997, decidiu expandir a ACN at\u00e9 nossa p\u00e1tria, para que os brasileiros tamb\u00e9m pudessem realizar grandes coisas junto com a Funda\u00e7\u00e3o.<\/p>\n<p>O escrit\u00f3rio da ACN no Brasil parecia um sonho que dificilmente se tornaria realidade. Afinal, que sentido faria manter um escrit\u00f3rio de arrecada\u00e7\u00e3o de fundos em um pa\u00eds com tantas dificuldades econ\u00f4micas? No entanto, o Padre Werenfried percebeu, em suas visitas anteriores e ouvindo os seus colaboradores, que o Brasil n\u00e3o era um pa\u00eds pobre, mas sim um pa\u00eds de desigualdades sociais. Percebeu que aqui, tanto a riqueza quanto a pobreza existem em graus elevados. Foi ent\u00e3o que vislumbrou no Brasil um terreno f\u00e9rtil para sua Obra, que consistiria na ajuda \u00e0queles que nada t\u00eam e na convers\u00e3o daqueles que t\u00eam em demasia.<\/p>\n<p>Os estatutos foram aprovados pelo primeiro conselho no dia 25 de maio de 1997, mas Pe. Werenfried fez quest\u00e3o de que a ACN Brasil iniciasse oficialmente suas atividades aos p\u00e9s de Nossa Senhora Aparecida, com uma bela Celebra\u00e7\u00e3o no dia 27 de setembro do mesmo ano, na grande Bas\u00edlica da Padroeira do Brasil. A celebra\u00e7\u00e3o foi transmitida ao vivo, para todo pa\u00eds, pela Rede Vida de Televis\u00e3o.<\/p>\n<p>Com os programas de televis\u00e3o \u201cA Igreja pelo Mundo\u201d e \u201cOnde Deus Chora\u201d; os informativos mensais enviados aos benfeitores e a presen\u00e7a na internet com o site e redes sociais, a ACN foi conquistando aos poucos uma multid\u00e3o de novos parceiros de miss\u00e3o no pa\u00eds. Padre Evaristo Debiasi, nosso assistente eclesi\u00e1stico desde o in\u00edcio, acompanhou e colaborou com esse crescimento sendo inspira\u00e7\u00e3o e motiva\u00e7\u00e3o para que viv\u00eassemos cada vez mais um amor profundo a Deus e ao pr\u00f3ximo.<\/p>\n<p>Frei Hans Stapel, fundador da Fazenda da Esperan\u00e7a, foi convidado para ser o Presidente da Obra no Brasil, fun\u00e7\u00e3o que ocupa at\u00e9 hoje. Ele que, ainda em sua inf\u00e2ncia na Alemanha, conheceu o Pe. Werenfried quando colocou o seu dinheiro, reservado para um sorvete, no &#8220;chap\u00e9u dos milh\u00f5es&#8221; do Padre Toucinho, tem colaborado com o crescimento da ACN no Brasil.<\/p>\n<p>Ao longo de sua hist\u00f3ria, a Ajuda \u00e0 Igreja que Sofre tem sido muito mais que uma entidade que arrecada fundos. Ela tem transformado os membros da Igreja Cat\u00f3lica no Brasil \u2013 que antes apenas recebiam ajuda de outros pa\u00edses \u2013 em mission\u00e1rios, com sua doa\u00e7\u00e3o e com sua ora\u00e7\u00e3o. Hoje os cat\u00f3licos brasileiros t\u00eam conhecimento da Igreja perseguida na China, amenizam o sofrimento dos crist\u00e3os no Sud\u00e3o, se alegram com a liberdade da Igreja na R\u00fassia, rezam pelos crist\u00e3os no Mianmar, enviam ter\u00e7os para os cubanos, colaboram com a catequese das comunidades ribeirinhas no Amazonas, alimentam os refugiados da S\u00edria e muito mais.<\/p>\n<p>Com milhares de benfeitores, a ACN continua crescendo e tocando os cora\u00e7\u00f5es, assim como fazia o Padre Werenfried com seu grande carisma, trabalhando com fidelidade e generosidade para continuar fomentando novos meios de realizar a mesma paix\u00e3o do fundador: enxugar as l\u00e1grimas de Cristo que chora nos que mais sofrem.<\/p>\n<p style=\"text-align: justify;\">\u00a0<\/p>\n<p style=\"text-align: justify;\">Fonte: ACN<\/p>\n","protected":false},"excerpt":{"rendered":"<p>Pe. Werenfried em sua visita ao Brasil para abertura do escrit\u00f3rio da ACN no pa\u00eds. Pe. Werenfried em sua visita ao Brasil para abertura do escrit\u00f3rio da ACN no pa\u00eds. &#8220;Uma escola de amor&#8221;, \u00e9 assim que o Pe. Werenfried descrevia a Ajuda \u00e0 Igreja que Sofre (ACN). Foi acreditando nas profundas li\u00e7\u00f5es de f\u00e9, [&hellip;]<\/p>\n","protected":false},"author":1,"featured_media":18343,"comment_status":"open","ping_status":"open","sticky":false,"template":"","format":"standard","meta":{"footnotes":""},"categories":[4],"tags":[],"class_list":["post-18344","post","type-post","status-publish","format-standard","has-post-thumbnail","hentry","category-cotidiano"],"_links":{"self":[{"href":"https:\/\/catolicanet.net\/wp-cnet\/wp-json\/wp\/v2\/posts\/18344","targetHints":{"allow":["GET"]}}],"collection":[{"href":"https:\/\/catolicanet.net\/wp-cnet\/wp-json\/wp\/v2\/posts"}],"about":[{"href":"https:\/\/catolicanet.net\/wp-cnet\/wp-json\/wp\/v2\/types\/post"}],"author":[{"embeddable":true,"href":"https:\/\/catolicanet.net\/wp-cnet\/wp-json\/wp\/v2\/users\/1"}],"replies":[{"embeddable":true,"href":"https:\/\/catolicanet.net\/wp-cnet\/wp-json\/wp\/v2\/comments?post=18344"}],"version-history":[{"count":1,"href":"https:\/\/catolicanet.net\/wp-cnet\/wp-json\/wp\/v2\/posts\/18344\/revisions"}],"predecessor-version":[{"id":25153,"href":"https:\/\/catolicanet.net\/wp-cnet\/wp-json\/wp\/v2\/posts\/18344\/revisions\/25153"}],"wp:featuredmedia":[{"embeddable":true,"href":"https:\/\/catolicanet.net\/wp-cnet\/wp-json\/wp\/v2\/media\/18343"}],"wp:attachment":[{"href":"https:\/\/catolicanet.net\/wp-cnet\/wp-json\/wp\/v2\/media?parent=18344"}],"wp:term":[{"taxonomy":"category","embeddable":true,"href":"https:\/\/catolicanet.net\/wp-cnet\/wp-json\/wp\/v2\/categories?post=18344"},{"taxonomy":"post_tag","embeddable":true,"href":"https:\/\/catolicanet.net\/wp-cnet\/wp-json\/wp\/v2\/tags?post=18344"}],"curies":[{"name":"wp","href":"https:\/\/api.w.org\/{rel}","templated":true}]}}