{"id":18326,"date":"2016-09-29T12:34:16","date_gmt":"2016-09-29T15:34:16","guid":{"rendered":"http:\/\/catolicanet.net\/wp-cnet\/2016\/09\/29\/senhor-aumentai-a-nossa-fe\/"},"modified":"2017-05-05T16:11:12","modified_gmt":"2017-05-05T19:11:12","slug":"senhor-aumentai-a-nossa-fe","status":"publish","type":"post","link":"https:\/\/catolicanet.net\/wp-cnet\/senhor-aumentai-a-nossa-fe\/","title":{"rendered":"Senhor; aumentai a nossa f\u00e9"},"content":{"rendered":"<p style=\"text-align: justify;\">Na inf\u00e2ncia, aprendemos que ter f\u00e9 \u00e9 acreditar naquilo que n\u00e3o se v\u00ea. Pensando assim, como os ap\u00f3stolos poderiam falar sobre f\u00e9? Como poderiam pedir a Jesus para que lhes aumentasse a f\u00e9? Eles j\u00e1 o viam e o tinham a sua frente. N\u00e3o precisavam da f\u00e9 para acreditar que Jesus fosse Ele mesmo. Al\u00e9m disso, viam-no realizar milagres e ouviam suas palavras. Ser\u00e1 que precisariam de f\u00e9?<br \/>Na verdade, f\u00e9 \u00e9 outra coisa. \u00c9 exatamente acreditar naquilo que n\u00e3o se v\u00ea, mas os ap\u00f3stolos n\u00e3o conseguiam enxergar al\u00e9m do homem que realizava coisas extraordin\u00e1rias, algumas das quais n\u00e3o eram capazes de entender. A f\u00e9 os convidava a ir mais al\u00e9m, a experimentar a presen\u00e7a de Deus naquele homem. Podemos demonstrar que dois e dois s\u00e3o quatro, mas como demonstrar a amizade e o amor entre duas pessoas? Nesse caso, s\u00f3 nos poderemos servir de ind\u00edcios, de pistas \u2013 a maneira como se tratam, a forma como agem, a persist\u00eancia no tempo da rela\u00e7\u00e3o, a supera\u00e7\u00e3o das dificuldades. Dito com um exemplo: quando dois namorados se olham nos olhos e dizem que se querem, cada um deles acredita no outro, porque, na verdade, n\u00e3o t\u00eam uma prova cabal de que aquelas palavras sejam algo mais do que isso. Infelizmente, n\u00e3o seria a primeira vez que uma pessoa engana a outra. Por isso, de entrada, todo relacionamento humano \u00e9 sempre uma rela\u00e7\u00e3o de f\u00e9 e de confian\u00e7a. Confiamos que o outro n\u00e3o nos enganar\u00e1. Acreditamos nele.<br \/>O mesmo poderemos dizer sobre a f\u00e9 em Deus. N\u00e3o \u00e9 o caso de aceitarmos algumas verdades imposs\u00edveis de compreender e dizer \u201ceu as aceito\u201d. N\u00e3o \u00e9 o caso de comungar mecanicamente um peda\u00e7o de p\u00e3o. Trata-se de experimentar a presen\u00e7a de Deus, de o sentir presente em nossa vida, na vida dos irm\u00e3os e irm\u00e3s, na vida da Igreja, no mundo, na cria\u00e7\u00e3o e confiar que essa presen\u00e7a \u00e9 bondosa, feita de amor e miseric\u00f3rdia, que deseja a nossa liberdade, nosso bem e nossa felicidade.<br \/>Mas, \u00e0s vezes, a nossa f\u00e9 decai. A rela\u00e7\u00e3o de confian\u00e7a conhece momentos de fraqueza, de receio e de suspeita. Ent\u00e3o, n\u00f3s nos sentimos desanimados e sem for\u00e7as. O amor de Deus que sent\u00edamos e que preenchia o nosso cora\u00e7\u00e3o de for\u00e7a e entusiasmo, esmorece. O compromisso de sermos melhores, de ajudarmos os necessitados, de amarmos os que vivem conosco, de perdoarmos sem medida, tal como Deus nos perdoa, fraqueja, Experimentamos todos, alguma vez, esses sentimentos de d\u00favida, de perda da confian\u00e7a.<br \/>Da\u00ed vem o pedido dos ap\u00f3stolos: \u201cSenhor, aumentai a nossa f\u00e9.\u201d O texto de S\u00e3o Paulo nos diz: \u201cEu te exorto a reavivar a chama do dom de Deus que recebeste, pois Deus n\u00e3o nos deu um esp\u00edrito de timidez, mas de fortaleza, de amor e de sabedoria.\u201d(Cf 2Tm 1,6-8.13-14).<\/p>\n","protected":false},"excerpt":{"rendered":"<p>Na inf\u00e2ncia, aprendemos que ter f\u00e9 \u00e9 acreditar naquilo que n\u00e3o se v\u00ea. Pensando assim, como os ap\u00f3stolos poderiam falar sobre f\u00e9? Como poderiam pedir a Jesus para que lhes aumentasse a f\u00e9? Eles j\u00e1 o viam e o tinham a sua frente. N\u00e3o precisavam da f\u00e9 para acreditar que Jesus fosse Ele mesmo. Al\u00e9m [&hellip;]<\/p>\n","protected":false},"author":10,"featured_media":0,"comment_status":"open","ping_status":"open","sticky":false,"template":"","format":"standard","meta":{"footnotes":""},"categories":[9],"tags":[],"class_list":["post-18326","post","type-post","status-publish","format-standard","hentry","category-artigos"],"_links":{"self":[{"href":"https:\/\/catolicanet.net\/wp-cnet\/wp-json\/wp\/v2\/posts\/18326","targetHints":{"allow":["GET"]}}],"collection":[{"href":"https:\/\/catolicanet.net\/wp-cnet\/wp-json\/wp\/v2\/posts"}],"about":[{"href":"https:\/\/catolicanet.net\/wp-cnet\/wp-json\/wp\/v2\/types\/post"}],"author":[{"embeddable":true,"href":"https:\/\/catolicanet.net\/wp-cnet\/wp-json\/wp\/v2\/users\/10"}],"replies":[{"embeddable":true,"href":"https:\/\/catolicanet.net\/wp-cnet\/wp-json\/wp\/v2\/comments?post=18326"}],"version-history":[{"count":1,"href":"https:\/\/catolicanet.net\/wp-cnet\/wp-json\/wp\/v2\/posts\/18326\/revisions"}],"predecessor-version":[{"id":21286,"href":"https:\/\/catolicanet.net\/wp-cnet\/wp-json\/wp\/v2\/posts\/18326\/revisions\/21286"}],"wp:attachment":[{"href":"https:\/\/catolicanet.net\/wp-cnet\/wp-json\/wp\/v2\/media?parent=18326"}],"wp:term":[{"taxonomy":"category","embeddable":true,"href":"https:\/\/catolicanet.net\/wp-cnet\/wp-json\/wp\/v2\/categories?post=18326"},{"taxonomy":"post_tag","embeddable":true,"href":"https:\/\/catolicanet.net\/wp-cnet\/wp-json\/wp\/v2\/tags?post=18326"}],"curies":[{"name":"wp","href":"https:\/\/api.w.org\/{rel}","templated":true}]}}