{"id":18282,"date":"2016-09-27T13:08:06","date_gmt":"2016-09-27T16:08:06","guid":{"rendered":"http:\/\/catolicanet.net\/wp-cnet\/2016\/09\/27\/encontram-corpo-de-sacerdote-sequestrado-no-mexico\/"},"modified":"2017-05-30T16:38:42","modified_gmt":"2017-05-30T19:38:42","slug":"encontram-corpo-de-sacerdote-sequestrado-no-mexico","status":"publish","type":"post","link":"https:\/\/catolicanet.net\/wp-cnet\/encontram-corpo-de-sacerdote-sequestrado-no-mexico\/","title":{"rendered":"Encontram corpo de sacerdote sequestrado no M\u00e9xico"},"content":{"rendered":"<p style=\"text-align: justify;\"><img decoding=\"async\" src=\"http:\/\/www.catolicanet.com.br\/images\/stories\/noticias\/ctovtr8weaa68uo.jpg\" border=\"0\" align=\"left\" \/>Cidade do M\u00e9xico, (ACI).- A Procuradoria de Justi\u00e7a de Michoac\u00e1n (M\u00e9xico) informou que o corpo do Pe. Jos\u00e9 Alfredo L\u00f3pez Guill\u00e9n, sequestrado em 19 de setembro, foi encontrado em um trecho da estrada Puru\u00e1ndiro-Zin\u00e1paro; tornando-se o terceiro sacerdote assassinado no pa\u00eds em uma semana.<\/p>\n<p>A Procuradoria de Justi\u00e7a de Michoac\u00e1n (M\u00e9xico) informou que o corpo do Pe. Jos\u00e9 Alfredo L\u00f3pez Guill\u00e9n, sequestrado em 19 de setembro, foi encontrado em um trecho da estrada Puru\u00e1ndiro-Zin\u00e1paro; tornando-se o terceiro sacerdote assassinado no pa\u00eds em uma semana.<\/p>\n<p>O sacerdote foi encontrado no s\u00e1bado \u00e0 noite e, segundo a necropsia \u201ca causa da morte foram feridas produzidas por proj\u00e9til de arma de fogo, com uma rigidez cadav\u00e9rica de aproximadamente 120 horas\u201d.<\/p>\n<p>De acordo com a Procuradoria, o Pe. L\u00f3pez Guill\u00e9n foi visto pela \u00faltima vez na noite da segunda-feira, 19. Tinha ido a um estabelecimento para pedir que lhe enviassem alimentos, que foram entregues pessoalmente na par\u00f3quia.<\/p>\n<p>Na mesma noite, o sacerdote enviou uma mensagem \u00e0 empregada que preparava suas refei\u00e7\u00f5es, para avis\u00e1-la que n\u00e3o era necess\u00e1rio que fosse trabalhar na ter\u00e7a-feira. A fam\u00edlia do Pe. L\u00f3pez Guill\u00e9n denunciou o seu desaparecimento na quarta-feira.<\/p>\n<p>A Arquidiocese de Morelia tamb\u00e9m anunciou que o sacerdote foi encontrado atrav\u00e9s da sua conta no Twitter.<\/p>\n<p>Na \u00faltima quinta-feira, 22, o Arcebispo de Morelia, Cardeal Alberto Su\u00e1rez Inda, pediu em um v\u00eddeo publicado no Youtube que fosse respeitada a vida do Pe. L\u00f3pez Guill\u00e9n.<\/p>\n<p>O sequestro do Pe. L\u00f3pez Guill\u00e9n ocorreu no mesmo dia em que as autoridades encontraram os corpos dos sacerdotes Alejo Nabor Jim\u00e9nez Ju\u00e1rez e Jos\u00e9 Alfredo Ju\u00e1rez de la Cruz, na diocese de Papantla, localizada no estado de Veracruz.<\/p>\n<p style=\"text-align: justify;\">\u00a0<\/p>\n<p style=\"text-align: justify;\">Fonte: Acidigital<\/p>\n","protected":false},"excerpt":{"rendered":"<p>Cidade do M\u00e9xico, (ACI).- A Procuradoria de Justi\u00e7a de Michoac\u00e1n (M\u00e9xico) informou que o corpo do Pe. Jos\u00e9 Alfredo L\u00f3pez Guill\u00e9n, sequestrado em 19 de setembro, foi encontrado em um trecho da estrada Puru\u00e1ndiro-Zin\u00e1paro; tornando-se o terceiro sacerdote assassinado no pa\u00eds em uma semana. A Procuradoria de Justi\u00e7a de Michoac\u00e1n (M\u00e9xico) informou que o corpo [&hellip;]<\/p>\n","protected":false},"author":1,"featured_media":18281,"comment_status":"open","ping_status":"open","sticky":false,"template":"","format":"standard","meta":{"footnotes":""},"categories":[4],"tags":[],"class_list":["post-18282","post","type-post","status-publish","format-standard","has-post-thumbnail","hentry","category-cotidiano"],"_links":{"self":[{"href":"https:\/\/catolicanet.net\/wp-cnet\/wp-json\/wp\/v2\/posts\/18282","targetHints":{"allow":["GET"]}}],"collection":[{"href":"https:\/\/catolicanet.net\/wp-cnet\/wp-json\/wp\/v2\/posts"}],"about":[{"href":"https:\/\/catolicanet.net\/wp-cnet\/wp-json\/wp\/v2\/types\/post"}],"author":[{"embeddable":true,"href":"https:\/\/catolicanet.net\/wp-cnet\/wp-json\/wp\/v2\/users\/1"}],"replies":[{"embeddable":true,"href":"https:\/\/catolicanet.net\/wp-cnet\/wp-json\/wp\/v2\/comments?post=18282"}],"version-history":[{"count":1,"href":"https:\/\/catolicanet.net\/wp-cnet\/wp-json\/wp\/v2\/posts\/18282\/revisions"}],"predecessor-version":[{"id":25166,"href":"https:\/\/catolicanet.net\/wp-cnet\/wp-json\/wp\/v2\/posts\/18282\/revisions\/25166"}],"wp:featuredmedia":[{"embeddable":true,"href":"https:\/\/catolicanet.net\/wp-cnet\/wp-json\/wp\/v2\/media\/18281"}],"wp:attachment":[{"href":"https:\/\/catolicanet.net\/wp-cnet\/wp-json\/wp\/v2\/media?parent=18282"}],"wp:term":[{"taxonomy":"category","embeddable":true,"href":"https:\/\/catolicanet.net\/wp-cnet\/wp-json\/wp\/v2\/categories?post=18282"},{"taxonomy":"post_tag","embeddable":true,"href":"https:\/\/catolicanet.net\/wp-cnet\/wp-json\/wp\/v2\/tags?post=18282"}],"curies":[{"name":"wp","href":"https:\/\/api.w.org\/{rel}","templated":true}]}}