{"id":18278,"date":"2016-09-27T12:51:31","date_gmt":"2016-09-27T15:51:31","guid":{"rendered":"http:\/\/catolicanet.net\/wp-cnet\/2016\/09\/27\/colombia-e-farc-assinam-historico-acordo-de-paz\/"},"modified":"2017-06-02T10:06:13","modified_gmt":"2017-06-02T13:06:13","slug":"colombia-e-farc-assinam-historico-acordo-de-paz","status":"publish","type":"post","link":"https:\/\/catolicanet.net\/wp-cnet\/colombia-e-farc-assinam-historico-acordo-de-paz\/","title":{"rendered":"Col\u00f4mbia e Farc assinam hist\u00f3rico acordo de paz"},"content":{"rendered":"<p style=\"text-align: justify;\"><img decoding=\"async\" src=\"http:\/\/www.catolicanet.com.br\/images\/stories\/noticias\/reuters1734800_articolo.jpg\" border=\"0\" align=\"left\" \/>Cartagena (RV) &#8211; Depois de mais de cinquenta anos de conflito armado entre o governo colombiano e as For\u00e7as Armadas Revolucion\u00e1rias da Col\u00f4mbia (Farc), um acordo de paz foi selado nesta segunda-feira (26\/09). Para ser definitivamente colocado em pr\u00e1tica, no entanto, o texto do pacto ainda dever\u00e1 ser aprovado em um referendo nacional do pr\u00f3ximo domingo. Os 52 anos de conflito deixaram cerca de 260 mil v\u00edtimas fatais, 45 mil desaparecidos e 6,9 milh\u00f5es de deslocados.<\/p>\n<p>O que diz o acordo?<\/p>\n<p>As Farc se comprometeram a entregar todas as suas armas \u00e0s Na\u00e7\u00f5es Unidas; a n\u00e3o se envolver em crimes como sequestro, extors\u00e3o ou recrutamento de crian\u00e7as; romper liga\u00e7\u00f5es com o tr\u00e1fico de drogas; e cessar ataques contra as for\u00e7as de seguran\u00e7a e civis.<\/p>\n<p>O texto assinado inclui um plano para o desenvolvimento agr\u00edcola integral, dando aos ex-guerrilheiros acesso \u00e0 terra e a servi\u00e7os, al\u00e9m de criar uma estrat\u00e9gia para a substitui\u00e7\u00e3o sustent\u00e1vel de cultivos il\u00edcitos.<\/p>\n<p>Com esse documento, ser\u00e1 criado um sistema de justi\u00e7a para punir os respons\u00e1veis por crimes no qual as v\u00edtimas ter\u00e3o algum tipo de repara\u00e7\u00e3o. As puni\u00e7\u00f5es incluem restri\u00e7\u00e3o de liberdade e, no caso de o autor n\u00e3o reconhecer o crime, pode ir para a cadeia comum por at\u00e9 20 anos.<\/p>\n<p>Fim das planta\u00e7\u00f5es de coca<\/p>\n<p>O governo colombiano tamb\u00e9m dever\u00e1 desenvolver um plano de investimentos para o desenvolvimento do campo para dar aos agricultores oportunidades de ter renda e qualidade de vida de maneira l\u00edcita, sem o cultivo e produ\u00e7\u00e3o de drogas.<\/p>\n<p>As Farc ainda se comprometeram a romper os la\u00e7os com o mercado de drogas, al\u00e9m de apoiar os esfor\u00e7os do governo para combater o narcotr\u00e1fico. Os movimentos sociais que est\u00e3o na base das Farc receber\u00e3o garantias de que poder\u00e3o fazer pol\u00edtica sem armas.<\/p>\n<p>A cerim\u00f4nia de assinatura<\/p>\n<p>Cerca de 2,5 mil pessoas vestidas de branco, entre elas 250 v\u00edtimas, estiveram presentes para escutar o an\u00fancio que, por d\u00e9cadas, parecia uma realidade imposs\u00edvel: o fim da viol\u00eancia entre guerrilheiros, paramilitares e agentes do Estado.<\/p>\n<p>Na cerim\u00f4nia, compareceram 15 chefes de Estado, incluindo o presidente cubano Ra\u00fal Castro, anfitri\u00e3o das conversa\u00e7\u00f5es de paz intermediadas tamb\u00e9m por Noruega, Venezuela e Chile. Tamb\u00e9m participaram do evento hist\u00f3rico o secret\u00e1rio de Estado dos EUA, John Kerry, o secret\u00e1rio-geral da ONU, Ban Ki-moon, o rei em\u00e9rito da Espanha, Juan Carlos, e v\u00e1rios representantes de organiza\u00e7\u00f5es internacionais.<\/p>\n<p>O acordo, um documento de 297 p\u00e1ginas que procura trocar \u201cbalas por votos\u201d, promovendo o desarmamento da guerrilha e sua transi\u00e7\u00e3o para a vida pol\u00edtica legal, foi assinado com um \u201cbal\u00edgrafo\u201d: uma caneta feita com restos de balas usadas em metralhadoras e fuzis. Os l\u00edderes estrangeiros que vieram para a cerim\u00f4nia foram presenteados com r\u00e9plicas da cria\u00e7\u00e3o, que leva a frase \u201cas balas escreveram nosso passado, a educa\u00e7\u00e3o, o nosso futuro\u201d inscrita em sua extens\u00e3o.<\/p>\n<p>A presen\u00e7a da Santa S\u00e9 com o cardeal Parolin<\/p>\n<p>Pouco antes do ato oficial, na igreja de San Pedro Claver, o Cardeal Pietro Parolin, secret\u00e1rio de Estado do Vaticano e enviado do Papa Francisco para a cerim\u00f4nia, presidiu uma ora\u00e7\u00e3o pela reconcilia\u00e7\u00e3o dos colombianos, que se repetiu em v\u00e1rios centros de culto por todo o pa\u00eds.<\/p>\n<p>O Cardeal Parolin, assegurou aos presentes que que o Papa Francisco acompanhou de perto o processo e lhe pediu que transmitisse a \u201csua proximidade ao povo colombiano e suas autoridades\u201d.<\/p>\n<p>\u201cO Santo Padre tem seguido com grande aten\u00e7\u00e3o os esfor\u00e7os dos \u00faltimos anos na busca de harmonia e reconcilia\u00e7\u00e3o\u201d no pa\u00eds sul-americano.<\/p>\n<p>Participaram da cerim\u00f4nia o n\u00fancio apost\u00f3lico, Dom Ettore Balestrero, e o Presidente da Confer\u00eancia Episcopal da Col\u00f4mbia, Dom Luis Augusto Castro de Tunja.<\/p>\n<p style=\"text-align: justify;\">\u00a0<\/p>\n<p style=\"text-align: justify;\">Fonte: R\u00e1dio Vaticano<\/p>\n","protected":false},"excerpt":{"rendered":"<p>Cartagena (RV) &#8211; Depois de mais de cinquenta anos de conflito armado entre o governo colombiano e as For\u00e7as Armadas Revolucion\u00e1rias da Col\u00f4mbia (Farc), um acordo de paz foi selado nesta segunda-feira (26\/09). Para ser definitivamente colocado em pr\u00e1tica, no entanto, o texto do pacto ainda dever\u00e1 ser aprovado em um referendo nacional do pr\u00f3ximo [&hellip;]<\/p>\n","protected":false},"author":1,"featured_media":18277,"comment_status":"open","ping_status":"open","sticky":false,"template":"","format":"standard","meta":{"footnotes":""},"categories":[3],"tags":[],"class_list":["post-18278","post","type-post","status-publish","format-standard","has-post-thumbnail","hentry","category-vaticano"],"_links":{"self":[{"href":"https:\/\/catolicanet.net\/wp-cnet\/wp-json\/wp\/v2\/posts\/18278","targetHints":{"allow":["GET"]}}],"collection":[{"href":"https:\/\/catolicanet.net\/wp-cnet\/wp-json\/wp\/v2\/posts"}],"about":[{"href":"https:\/\/catolicanet.net\/wp-cnet\/wp-json\/wp\/v2\/types\/post"}],"author":[{"embeddable":true,"href":"https:\/\/catolicanet.net\/wp-cnet\/wp-json\/wp\/v2\/users\/1"}],"replies":[{"embeddable":true,"href":"https:\/\/catolicanet.net\/wp-cnet\/wp-json\/wp\/v2\/comments?post=18278"}],"version-history":[{"count":1,"href":"https:\/\/catolicanet.net\/wp-cnet\/wp-json\/wp\/v2\/posts\/18278\/revisions"}],"predecessor-version":[{"id":27478,"href":"https:\/\/catolicanet.net\/wp-cnet\/wp-json\/wp\/v2\/posts\/18278\/revisions\/27478"}],"wp:featuredmedia":[{"embeddable":true,"href":"https:\/\/catolicanet.net\/wp-cnet\/wp-json\/wp\/v2\/media\/18277"}],"wp:attachment":[{"href":"https:\/\/catolicanet.net\/wp-cnet\/wp-json\/wp\/v2\/media?parent=18278"}],"wp:term":[{"taxonomy":"category","embeddable":true,"href":"https:\/\/catolicanet.net\/wp-cnet\/wp-json\/wp\/v2\/categories?post=18278"},{"taxonomy":"post_tag","embeddable":true,"href":"https:\/\/catolicanet.net\/wp-cnet\/wp-json\/wp\/v2\/tags?post=18278"}],"curies":[{"name":"wp","href":"https:\/\/api.w.org\/{rel}","templated":true}]}}