{"id":18265,"date":"2016-09-30T03:00:00","date_gmt":"2016-09-30T06:00:00","guid":{"rendered":"http:\/\/catolicanet.net\/wp-cnet\/2016\/09\/30\/petalas-de-misericordia\/"},"modified":"2017-05-05T15:57:07","modified_gmt":"2017-05-05T18:57:07","slug":"petalas-de-misericordia","status":"publish","type":"post","link":"https:\/\/catolicanet.net\/wp-cnet\/petalas-de-misericordia\/","title":{"rendered":"P\u00e9talas de Miseric\u00f3rdia"},"content":{"rendered":"<p style=\"text-align: justify;\">Finalizamos o m\u00eas de setembro, quando celebramos o Dia Nacional e o M\u00eas da B\u00edblia! Ela nos traz a Palavra de Deus, que \u00e9 luz para o nosso caminho e, portanto, de suma import\u00e2ncia na vida da Igreja. Na liturgia p\u00f3s Vaticano II, temos uma abund\u00e2ncia de leituras na liturgia da missa e em todas as celebra\u00e7\u00f5es dos sacramentos e tamb\u00e9m nas reuni\u00f5es e encontros. Aos domingos tr\u00eas leituras mais o salmo totalizam 4 trechos b\u00edblicos, al\u00e9m das outras cita\u00e7\u00f5es lit\u00fargicas e mesmo da m\u00fasica que, ao cantar a liturgia, \u00e9 baseada na Sagrada Escritura. O incentivo para a \u201cLectio Divina\u201d, ou leitura orante da B\u00edblia, em nossos c\u00edrculos b\u00edblicos e nossas reuni\u00f5es faz parte das recomenda\u00e7\u00f5es da Igreja. Isso mostra a aten\u00e7\u00e3o que a Igreja faz da escuta do Senhor e nos ajuda a entrarmos ainda mais em outubro. J\u00e1 iniciamos a Primavera e aqui em nossa regi\u00e3o j\u00e1 ca\u00edram as primeiras chuvas dessa esta\u00e7\u00e3o. \u00c9 baseado na experi\u00eancia do encontro com Cristo, iluminado pela Palavra de Deus e conduzido pelo Esp\u00edrito Santo que adentramos o m\u00eas das Miss\u00f5es e do Ros\u00e1rio, com a Semana Nacional da Fam\u00edlia abrindo com o grande exemplo da padroeira das miss\u00f5es, Santa Terezinha do Menino Jesus e da Sagrada Face, que nos legou a \u201cpequena via\u201d e que na Igreja, como queria ser tudo, escolheu ser o amor, o cora\u00e7\u00e3o.<br \/> De forma providencial, a Igreja coloca o m\u00eas das miss\u00f5es ap\u00f3s o m\u00eas da B\u00edblia, a exemplo de Maria Sant\u00edssima (que celebraremos solenemente em outubro), que, ap\u00f3s ouvir a Anuncia\u00e7\u00e3o do Arcanjo S\u00e3o Gabriel que conceberia e daria a luz ao Filho de Deus, saiu para servir \u00e0 sua prima Isabel. Este \u00e9 o sentido da miss\u00e3o, servir a todos em Nome do Senhor, fazer-se presen\u00e7a silenciosa e amorosa. Com isso, a Igreja, M\u00e3e e Mestra, nos ensina que todos n\u00f3s batizados somos mission\u00e1rios em todos os locais nos quais nos encontramos, a come\u00e7ar pela nossa fam\u00edlia, e abrindo-nos como Igreja em sa\u00edda para todas as realidades, indo para as \u201c\u00e1guas mais profundas\u201d proclamando que experimentamos e anunciamos a miseric\u00f3rdia do Senhor.<br \/> E \u00e9 neste sentido que a Igreja inicia o M\u00eas das Miss\u00f5es com Santa Teresa do Menino Jesus e da Sagrada Face, mais carinhosamente conhecida como Santa Terezinha do Menino Jesus. Esta pequena monja, em estatura humana, nasceu em 1873 e faleceu, com 24 anos e 09 meses, em 1897. Sem nunca sair do seu convento, sua fama de santidade se espalhou como um grande perfume de rosas pelo mundo. \u00c9 espantoso vermos o crescimento devocional popular em torno desta m\u00edstica que uniu intimamente o seu cora\u00e7\u00e3o ao Cora\u00e7\u00e3o do Seu Senhor.<br \/> Aos olhos do mundo ela n\u00e3o teria nada de especial e tamb\u00e9m n\u00e3o teria motivo para chamar a aten\u00e7\u00e3o de uma multid\u00e3o t\u00e3o enorme de pessoas. Por\u00e9m, entre seus devotos, tivemos diversos santos ap\u00f3s ela \u2013 padres, bispos, religiosas e religiosos \u2013 e, hoje, o Papa Francisco declarou expressamente que um de seus livros de cabeceira \u00e9 o \u201cHist\u00f3ria de uma alma\u201d. Esse pequeno manuscrito \u00e9 a autobiografia da vida desta amada santinha, e que aqui sim vemos como ela foi se deixando talhar pela a\u00e7\u00e3o da Miseric\u00f3rdia do Senhor.<br \/> O Papa Pio XI assim declarou a respeito dela: \u201cO g\u00eanio deslumbrador de Agostinho, a sabedoria luminosa de Santo Tom\u00e1s de Aquino projetaram sobre as almas uma luz que n\u00e3o conhece ocaso; o poema divino vivido por S\u00e3o Francisco de Assis mostra ao mundo a imita\u00e7\u00e3o desconhecida da vida de Deus feito homem; mas uma jovem carmelita, mal atingindo a idade adulta, conquistou em menos de meio s\u00e9culo um n\u00famero incalcul\u00e1vel de disc\u00edpulos. Os doutores da lei fizeram-se crian\u00e7as em sua escola\u201d.<br \/> Ela nos conta como foi sua inf\u00e2ncia, de sua personalidade dif\u00edcil por ser crian\u00e7a cheia de mimos e de como seu temperamento era forte. De como se deu o casamento de seus pais ap\u00f3s a tentativa de ambos em serem religiosos. Do piedoso sacerdote que foi instrumento para a forma\u00e7\u00e3o dessa nova fam\u00edlia. Da forma como era vivida a vida religiosa do casal e de como instru\u00edam as filhas na f\u00e9 cat\u00f3lica, das missas, praticamente, di\u00e1rias. Das dificuldades financeiras dos pais, ele um relojoeiro e ela com o dom de bordadeira. Conta tamb\u00e9m sobre o nascimento dos filhos e a morte de alguns deles. Apresenta as dores que sentiu com a morte da m\u00e3e, hoje Santa Z\u00e9lia Guarin (o casal foi canonizado), da escolha da irm\u00e3 para ser sua nova m\u00e3e e como sofreu com a partida dela para a vida no Carmelo. Partilha como escolheu ingressar no Carmelo, e sua inusitada visita ao ent\u00e3o Papa reinante, Le\u00e3o XIII, de como se ajoelhou aos p\u00e9s do Papa e pediu essa gra\u00e7a a ele de forma ousada. Anuncia sua alegria quando conseguiu seu ingresso no Carmelo, atrav\u00e9s da carta que chegou de seu bispo dias depois da visita ao Papa. Recebeu a visita de seu pai, hoje, S\u00e3o Luiz Martin (casal canonizado), j\u00e1 com idade avan\u00e7ada, ao Carmelo, com a sa\u00fade j\u00e1 totalmente combalida.<br \/> Mais especificamente sobre si, Terezinha nos conta que, para al\u00e9m dos defeitos pr\u00f3prios, tamb\u00e9m uma doen\u00e7a que chamou de \u201cescr\u00fapulos\u201d, e como foi curada pela \u201cVirgem do Sorriso\u201d, sua bela devo\u00e7\u00e3o.<br \/> Na sua autobiografia, Terezinha nos mostra o seu lado humano com toda coragem e \u00edmpeto, que somente quem est\u00e1 com o cora\u00e7\u00e3o alicer\u00e7ado no Senhor pode ter. Jamais aquela pequena monja poderia imaginar que, ap\u00f3s a sua morte, em t\u00e3o pouco tempo alcan\u00e7aria as gra\u00e7as \u00e0s quais menciona logo no in\u00edcio da autobiografia, quando assim diz: \u201cDurante muito tempo perguntava a mim mesma porque Deus tinha prefer\u00eancias, por que todas as almas n\u00e3o recebiam igual medida de gra\u00e7as. Admirava-me v\u00ea-Lo prodigalizar favores extraordin\u00e1rios a Santos que O tinham ofendido, como S\u00e3o Paulo, Santo Agostinho, e aos quais for\u00e7ava, por assim dizer, a receberem suas gra\u00e7as; ou ent\u00e3o ao ler a vida dos santos, que Nosso Senhor se comprazia em acarinh\u00e1-los desde o ber\u00e7o at\u00e9 o t\u00famulo, sem lhes deixar no caminho nenhum trope\u00e7o que os tolhesse de se levantarem at\u00e9 Ele, em predispor essas almas com tais favores, a ponto de n\u00e3o poderem empanar o brilho imaculado de sua veste batismal; perguntava-me a mim mesma por que os pobres selvagens, por exemplo, morriam em grande n\u00famero antes mesmo de terem ouvido pronunciar o nome de Deus&#8230; Dignou-se Jesus esclarecer-me a respeito desse mist\u00e9rio. P\u00f4s-me diante dos olhos o livro da natureza, e compreendi que todas as flores que por Ele s\u00e3o criadas s\u00e3o formosas, que o esplendor da rosa e a brancura do l\u00edrio n\u00e3o eliminam a flagr\u00e2ncia da violetinha nem a encantadora simplicidade da bonina&#8230; Fiquei entendendo que se todas as florzinhas quisessem ser rosa, perderia a natureza sua gala primaveril, j\u00e1 n\u00e3o ficariam os verg\u00e9is esmaltados de florinhas&#8230;\u201d (Pag. 26, \u201cHist\u00f3ria de uma alma \u2013 Manuscritos autobiogr\u00e1ficos\u201d, Santa Terezinha do Menino Jesus e da Sagrada Face. Editora Paulus. SP : 2012).<br \/> Terezinha, embora tenha vivido num per\u00edodo hist\u00f3rico bastante dif\u00edcil, n\u00e3o \u00e9 fruto do iluminismo franc\u00eas; \u00e9 uma rea\u00e7\u00e3o clara ao jansenismo, que tinha colocado Deus longe do homem. Uma menina mimada no cora\u00e7\u00e3o da fam\u00edlia Martin que saber\u00e1, apenas sendo d\u00f3cil \u00e0 gra\u00e7a de Deus, assumir uma postura de cr\u00edtica e questionadora dentro da pr\u00f3pria Igreja. A sua palavra n\u00e3o chega a nenhum lugar durante a sua vida. Por\u00e9m, mal acabara de morrer, sua im\u00e3, Madre In\u00eas, come\u00e7ou a reunir seus escritos, que tornou p\u00fablica a vida de nossa Terezinha.<br \/> Tudo na pequena Teresa foi r\u00e1pido. Ela tinha pressa desde os in\u00edcios de sua vida religiosa. A pressa dos santos, dos profetas que percebem que t\u00eam na sua vida pouco tempo e muitas coisas para realizar. Terezinha foi e \u00e9 para a humanidade uma \u201cpalavra do Senhor\u201d encarnada na Hist\u00f3ria, que soube traduzir o evangelho dos pequenos e dos pobres. Jesus continua a pousar o Seu olhar sobre os que n\u00e3o t\u00eam voz, que n\u00e3o possuem a for\u00e7a da autoridade, mas que t\u00eam a for\u00e7a do amor, pela qual sabe atingir o cora\u00e7\u00e3o mais duro.<br \/> Terezinha inaugurou e iniciou o caminho que ela chamou de \u201cpequena via\u201d, e n\u00e3o se pode entend\u00ea-lo por meio da especula\u00e7\u00e3o e da for\u00e7a da intelig\u00eancia, mas pelo caminho do cora\u00e7\u00e3o. \u00c9 o caminho dos pequenos que continua a surpreender o mundo, sempre mais sofisticado. E \u00e9 nesse mundo que continua sua miss\u00e3o, a de mostrar a \u201cFace Misericordiosa do Senhor\u201d para uma sociedade cheia de soberba e de orgulho, que busca o prazer hedonista a todo custo e que, ap\u00f3s isso, busca o prazer e sentido existencial nos consult\u00f3rios dos psic\u00f3logos e psiquiatras, com rem\u00e9dios para preencher o vazio do seu cora\u00e7\u00e3o que, segundo Agostinho, possui o tamanho exato de Deus. Ela nos mostra que pode ser alcan\u00e7ado no cotidiano de nossas vidas, por gestos pequenos, de superar-se nos pequenos desafios e sabendo que sendo Deus o nosso Tesouro nada nos falta, conforme nos lembra a M\u00e3e espiritual de Terezinha, a grande Teresa de \u00c1vila, no s\u00e9culo XVI. Afinal, j\u00e1 bem nos lembra o Evangelho: onde est\u00e1 o teu tesouro a\u00ed est\u00e1 o teu cora\u00e7\u00e3o.<br \/> Diante da simplicidade de uma crian\u00e7a, s\u00f3 uma atitude \u00e9 cab\u00edvel: a contempla\u00e7\u00e3o. Saber contemplar \u00e9 saber amar com o cora\u00e7\u00e3o o que s\u00f3 os olhos veem. \u00c9 ir al\u00e9m das apar\u00eancias, penetrar a profundidade e buscar o sentido t\u00e3o evidente e t\u00e3o escondido do amor.<br \/> Teresa de Lisieux \u00e9 uma santa destinada a permanecer como um grande exemplo e intercessora na Igreja e no mundo. No in\u00edcio deste Terceiro Mil\u00eanio tem uma grande mensagem a oferecer ao homem e \u00e0 mulher da assim chamada p\u00f3s-modernidade, onde a raz\u00e3o, o bem-estar, o conforto e a t\u00e9cnica parecem ter valor absoluto. Terezinha reaproxima-nos de Deus e nos faz sentir que \u00e9 necess\u00e1rio \u201cpegar Deus pelo cora\u00e7\u00e3o\u201d, e n\u00e3o ter medo da miseric\u00f3rdia infinita do Senhor. Ela nos diz que mesmo que tiv\u00e9ssemos na consci\u00eancia os maiores crimes dever\u00edamos confiar na miseric\u00f3rdia de Deus. Dentro do Ano do Jubileu da Miseric\u00f3rdia \u00e9 para n\u00f3s uma alegria e consolo ler esse texto. <br \/> Ainda \u00e9 importante lembrarmos que Santa Terezinha, pouco antes de nascer para Deus, nos exorta a pedirmos a ela sua intercess\u00e3o, quando diz que faria cair uma chuva de rosas sobre todos que a ela invocassem; por isso \u00e9 tamb\u00e9m conhecida como Santa Terezinha das rosas. Ao dizer isso, fez a promessa para todos que precisam, sem limites, pois estava inebriada dessa Miseric\u00f3rdia, de todo ser humano, por isto que fez a promessa para todos que dela necessitassem. Tal atitude s\u00f3 nos demonstra que Terezinha realmente encontrou a sua miss\u00e3o na Igreja, qual seja, a de ser o \u201cAmor\u201d, isto \u00e9, de amar a todos indistintamente. Terezinha levou isso a cabo, ao extremo, pois quer auxiliar a todos n\u00f3s com suas ora\u00e7\u00f5es diante do Senhor.<br \/> Percorramos tamb\u00e9m n\u00f3s na \u201cpequena via\u201d de Santa Terezinha, a grande Teresa de Lisieux, doutora da Igreja, para que possamos mergulhar na miseric\u00f3rdia de Deus, deixando que ela v\u00e1 \u00e0s mais profundas ra\u00edzes do nosso ser, e que ela nos transforme para que possamos, neste mundo t\u00e3o conturbado, ser sinal de esperan\u00e7a e caridade. Desta forma, poderemos convidar outras pessoas, pelo nosso exemplo, para que tamb\u00e9m se aproximem de Deus e venham experimentar como \u00e9 bom saber que todos somos filhos muito amados muito antes mesmo de sermos concebidos.<\/p>\n","protected":false},"excerpt":{"rendered":"<p>Finalizamos o m\u00eas de setembro, quando celebramos o Dia Nacional e o M\u00eas da B\u00edblia! Ela nos traz a Palavra de Deus, que \u00e9 luz para o nosso caminho e, portanto, de suma import\u00e2ncia na vida da Igreja. Na liturgia p\u00f3s Vaticano II, temos uma abund\u00e2ncia de leituras na liturgia da missa e em todas [&hellip;]<\/p>\n","protected":false},"author":5,"featured_media":0,"comment_status":"open","ping_status":"open","sticky":false,"template":"","format":"standard","meta":{"footnotes":""},"categories":[9],"tags":[],"class_list":["post-18265","post","type-post","status-publish","format-standard","hentry","category-artigos"],"_links":{"self":[{"href":"https:\/\/catolicanet.net\/wp-cnet\/wp-json\/wp\/v2\/posts\/18265","targetHints":{"allow":["GET"]}}],"collection":[{"href":"https:\/\/catolicanet.net\/wp-cnet\/wp-json\/wp\/v2\/posts"}],"about":[{"href":"https:\/\/catolicanet.net\/wp-cnet\/wp-json\/wp\/v2\/types\/post"}],"author":[{"embeddable":true,"href":"https:\/\/catolicanet.net\/wp-cnet\/wp-json\/wp\/v2\/users\/5"}],"replies":[{"embeddable":true,"href":"https:\/\/catolicanet.net\/wp-cnet\/wp-json\/wp\/v2\/comments?post=18265"}],"version-history":[{"count":1,"href":"https:\/\/catolicanet.net\/wp-cnet\/wp-json\/wp\/v2\/posts\/18265\/revisions"}],"predecessor-version":[{"id":21280,"href":"https:\/\/catolicanet.net\/wp-cnet\/wp-json\/wp\/v2\/posts\/18265\/revisions\/21280"}],"wp:attachment":[{"href":"https:\/\/catolicanet.net\/wp-cnet\/wp-json\/wp\/v2\/media?parent=18265"}],"wp:term":[{"taxonomy":"category","embeddable":true,"href":"https:\/\/catolicanet.net\/wp-cnet\/wp-json\/wp\/v2\/categories?post=18265"},{"taxonomy":"post_tag","embeddable":true,"href":"https:\/\/catolicanet.net\/wp-cnet\/wp-json\/wp\/v2\/tags?post=18265"}],"curies":[{"name":"wp","href":"https:\/\/api.w.org\/{rel}","templated":true}]}}