{"id":18263,"date":"2016-09-26T18:31:39","date_gmt":"2016-09-26T21:31:39","guid":{"rendered":"http:\/\/catolicanet.net\/wp-cnet\/2016\/09\/26\/mexico-mais-um-sacerdote-assassinado\/"},"modified":"2017-06-02T11:15:51","modified_gmt":"2017-06-02T14:15:51","slug":"mexico-mais-um-sacerdote-assassinado","status":"publish","type":"post","link":"https:\/\/catolicanet.net\/wp-cnet\/mexico-mais-um-sacerdote-assassinado\/","title":{"rendered":"M\u00e9xico: mais um sacerdote assassinado"},"content":{"rendered":"<p style=\"text-align: justify;\"><img decoding=\"async\" src=\"http:\/\/www.catolicanet.com.br\/images\/stories\/noticias\/ap3667972_articolo.jpg\" border=\"0\" align=\"left\" \/>Cidade do M\u00e9xico (RV) \u2013 Mais um sacerdote foi encontrado sem vida no M\u00e9xico. Trata-se do terceiro caso em uma semana.<\/p>\n<p>Padre Jos\u00e9 Alfredo L\u00f3pez Guill\u00e9n,\u00a0 53, sacerdote da comunidade de Janamuato, no Estado de Michoac\u00e1n, foi <a href=\"http:\/\/br.radiovaticana.va\/news\/2016\/09\/23\/sacerdote_sequestrado_no_m%C3%A9xico\/1260193\">sequestrado<\/a> quinta-feira passada. O corpo foi encontrado este domingo (25\/09) nas proximidades de sua par\u00f3quia, a Sant\u00edssima Trinidade.<\/p>\n<p style=\"text-align: justify;\">\u00a0<\/p>\n<p style=\"text-align: justify;\"><a href=\"http:\/\/media02.radiovaticana.va\/audio\/audio2\/mp3\/00550043.mp3\">Clique aqui para ouvir.<\/a><\/p>\n<p style=\"text-align: justify;\">\u00a0<\/p>\n<p style=\"text-align: justify;\">Tr\u00eas sacerdotes em poucos dias<\/p>\n<p>Em 19 de setembro, foi confirmada a morte de dois sacerdotes no Estado de Veracruz:\u00a0 Padre Alejo Nabor\u00ed e Padre Jos\u00e9 Alfredo Jim\u00e9nez, sequestrados um dia antes. A regi\u00e3o \u00e9 controlada por carteis de droga e os sacerdotes denunciavam a viol\u00eancia. Somente no per\u00edodo presidencial de Enrique Pe\u00f1a Nieto, iniciado em dezembro de 2012, no M\u00e9xico foram assassinados 15 sacerdotes, al\u00e9m de dois leigos engajados nas pastorais. Atualmente, dois sacerdotes est\u00e3o desaparecidos.\u00a0 <\/p>\n<p>Apelo do Papa Francisco<\/p>\n<p>No Angelus deste domingo, o Papa Francisco pediu o fim da viol\u00eancia no pa\u00eds com estas palavras:<\/p>\n<p>\u201cUno-me de bom grado aos Bispos do M\u00e9xico em apoiar os esfor\u00e7os da Igreja e da sociedade civil em favor da fam\u00edlia e da vida, que neste momento exigem uma aten\u00e7\u00e3o pastoral e cultural especial em todo o mundo. E tamb\u00e9m asseguro a minha ora\u00e7\u00e3o para o amado povo mexicano, a fim de que cesse a viol\u00eancia que nos \u00faltimos dias atingiu tamb\u00e9m alguns sacerdotes.\u201d<\/p>\n<p style=\"text-align: justify;\">\u00a0<\/p>\n<p style=\"text-align: justify;\">Fonte: R\u00e1dio Vaticano<\/p>\n","protected":false},"excerpt":{"rendered":"<p>Cidade do M\u00e9xico (RV) \u2013 Mais um sacerdote foi encontrado sem vida no M\u00e9xico. Trata-se do terceiro caso em uma semana. Padre Jos\u00e9 Alfredo L\u00f3pez Guill\u00e9n,\u00a0 53, sacerdote da comunidade de Janamuato, no Estado de Michoac\u00e1n, foi sequestrado quinta-feira passada. O corpo foi encontrado este domingo (25\/09) nas proximidades de sua par\u00f3quia, a Sant\u00edssima Trinidade. [&hellip;]<\/p>\n","protected":false},"author":1,"featured_media":18262,"comment_status":"open","ping_status":"open","sticky":false,"template":"","format":"standard","meta":{"footnotes":""},"categories":[3],"tags":[],"class_list":["post-18263","post","type-post","status-publish","format-standard","has-post-thumbnail","hentry","category-vaticano"],"_links":{"self":[{"href":"https:\/\/catolicanet.net\/wp-cnet\/wp-json\/wp\/v2\/posts\/18263","targetHints":{"allow":["GET"]}}],"collection":[{"href":"https:\/\/catolicanet.net\/wp-cnet\/wp-json\/wp\/v2\/posts"}],"about":[{"href":"https:\/\/catolicanet.net\/wp-cnet\/wp-json\/wp\/v2\/types\/post"}],"author":[{"embeddable":true,"href":"https:\/\/catolicanet.net\/wp-cnet\/wp-json\/wp\/v2\/users\/1"}],"replies":[{"embeddable":true,"href":"https:\/\/catolicanet.net\/wp-cnet\/wp-json\/wp\/v2\/comments?post=18263"}],"version-history":[{"count":1,"href":"https:\/\/catolicanet.net\/wp-cnet\/wp-json\/wp\/v2\/posts\/18263\/revisions"}],"predecessor-version":[{"id":27482,"href":"https:\/\/catolicanet.net\/wp-cnet\/wp-json\/wp\/v2\/posts\/18263\/revisions\/27482"}],"wp:featuredmedia":[{"embeddable":true,"href":"https:\/\/catolicanet.net\/wp-cnet\/wp-json\/wp\/v2\/media\/18262"}],"wp:attachment":[{"href":"https:\/\/catolicanet.net\/wp-cnet\/wp-json\/wp\/v2\/media?parent=18263"}],"wp:term":[{"taxonomy":"category","embeddable":true,"href":"https:\/\/catolicanet.net\/wp-cnet\/wp-json\/wp\/v2\/categories?post=18263"},{"taxonomy":"post_tag","embeddable":true,"href":"https:\/\/catolicanet.net\/wp-cnet\/wp-json\/wp\/v2\/tags?post=18263"}],"curies":[{"name":"wp","href":"https:\/\/api.w.org\/{rel}","templated":true}]}}