{"id":18259,"date":"2016-09-26T18:10:09","date_gmt":"2016-09-26T21:10:09","guid":{"rendered":"http:\/\/catolicanet.net\/wp-cnet\/2016\/09\/26\/catedral-da-sagrada-familia-qchega-aos-ceusq\/"},"modified":"2017-05-29T15:38:20","modified_gmt":"2017-05-29T18:38:20","slug":"catedral-da-sagrada-familia-qchega-aos-ceusq","status":"publish","type":"post","link":"https:\/\/catolicanet.net\/wp-cnet\/catedral-da-sagrada-familia-qchega-aos-ceusq\/","title":{"rendered":"Catedral da Sagrada Fam\u00edlia &#8220;chega aos c\u00e9us&#8221;"},"content":{"rendered":"<p style=\"text-align: justify;\"><img decoding=\"async\" src=\"http:\/\/www.catolicanet.com.br\/images\/stories\/noticias\/afp5811352_articolo.jpg\" border=\"0\" align=\"left\" \/>Barcelona (RV) &#8211; A Catedral da Sagrada Fam\u00edlia, em Barcelona, entra na etapa final de sua constru\u00e7\u00e3o. O objetivo \u00e9 concluir o projeto do arquiteto Gaud\u00ed em 2026.<\/p>\n<p>Torres prontas at\u00e9 2022<\/p>\n<p>Em outubro do corrente ser\u00e1 levantada a torre &#8220;Mare D\u00e9u&#8221;, que alcan\u00e7ar\u00e1 140 metros de altura. O passo seguinte ser\u00e1 a constru\u00e7\u00e3o das quatro torres dos evangelistas e a de Jesus. Esta \u00faltima, ter\u00e1 172,5 metros e ir\u00e1 superar a atual grua que desponta sobre o templo. Tudo correndo segundo o cronograma, as torres estar\u00e3o prontas em 2022, sendo no entanto j\u00e1 vis\u00edveis a partir de 2018.<\/p>\n<p>As seis torres ser\u00e3o de pedra, n\u00e3o ter\u00e3o concreto, por\u00e9m ser\u00e3o constru\u00eddas como um arranha-c\u00e9us e contar\u00e3o com as \u00faltimas tecnologias para cumprir todas as normativas em mat\u00e9ria de constru\u00e7\u00e3o. A obra n\u00e3o est\u00e1 isenta de dificuldades t\u00e9cnicas, como reconhecem os respons\u00e1veis. Neste sentido, o arquiteto chefe da obra, Jordi Faul\u00ed, explicou que ser\u00e1 usado um m\u00e9todo nunca antes empregado no mundo.<\/p>\n<p>Vento e abalos s\u00edsmicos<\/p>\n<p>&#8220;A altura das torres e os riscos que podem provocar nelas o vento ou poss\u00edveis movimentos s\u00edsmicos, nos obrigaram a idealizar um sistema construtivo com o uso de pedra p\u00f3s-tensionada&#8221;, explicou o arquiteto. Trata-se de um m\u00e9todo de pain\u00e9is de pedra, que em seu interior cont\u00e9m barras de a\u00e7o tensionadas, que conferem a ela grande for\u00e7a e resist\u00eancia, permitindo ao mesmo tempo, que as torres possam ser mais finas e leves.<\/p>\n<p>As grandes placas s\u00e3o constru\u00eddas em terrenos da Sagrada Fam\u00edlia em Bages, sendo transportados at\u00e9 o templo ap\u00f3s montadas. L\u00e1, grandes gruas as transportam \u00e0s alturas at\u00e9 serem fixadas na posi\u00e7\u00e3o definitiva. N\u00e3o se trata de pe\u00e7as pequenas, visto que podem pesar at\u00e9 24 toneladas, sobretudo as que estar\u00e3o na torre de Jesus, que pesar\u00e3o no m\u00ednimo sete toneladas.<\/p>\n<p>Material trazido do Brasil<\/p>\n<p>A torre da &#8220;Mare de D\u00e9u&#8221; ter\u00e1 bordas de granito azul trazido do Brasil, que conferir\u00e1 ao conjunto uma cor azulada, como o manto da Virgem. No final do ano come\u00e7ar\u00e3o a despontar as torres dos evangelistas.<\/p>\n<p>Sobre a torre que mudar\u00e1 o perfil urbano de Barcelona &#8211; a de Jesus &#8211;\u00a0 o arquiteto-chefe explicou que os trabalhos est\u00e3o focados agora em colocar as primeiras fileiras de pedra entre a sala da cruz e o espa\u00e7o interior da torre. O n\u00facleo central ter\u00e1 uma escada em caracol e um ascensor que conduzir\u00e1 at\u00e9 a cruz que ser\u00e1 aberta \u00e0 visita\u00e7\u00e3o.<\/p>\n<p>O sistema de constru\u00e7\u00e3o das seis torres que completar\u00e3o o templo ser\u00e1 muito parecido ao utilizado para a primeira sacristia. De fato, serviu de modelo para poder come\u00e7ar a construir as grandes torres.<\/p>\n<p>Segundo Faul\u00ed, o edif\u00edcio est\u00e1 formado por doze paraboloides. A uni\u00e3o entre estas estruturas s\u00e3o ressaltadas com grandes bordas de pedra de p\u00f3rfiro terminadas em pir\u00e2mide que percorrem o perfil parab\u00f3lico at\u00e9 o pin\u00e1culo.<\/p>\n<p>Or\u00e7amento<\/p>\n<p>Faul\u00ed afirmou que o calend\u00e1rio ser\u00e1 cumprido, caso se mantenha o atual ritmo de visitas adotado atualmente. Neste momento, a Sagrada Fam\u00edlia disp\u00f5e de um or\u00e7amento anual de 25 milh\u00f5es de euros.<\/p>\n<p>1,7 milh\u00f5es de visitantes<\/p>\n<p>Nos primeiros seis meses\u00a0 de 2016, 1,7 milh\u00f5es de pessoas visitaram o templo. Os estadunidenses, que primordialmente chegam \u00e0 cidade em Cruzeiros, representam 18% dos visitantes, seguidos pelos franceses (16%), italianos, brit\u00e2nicos e espanh\u00f3is (10% cada um).<\/p>\n<p>Uma vez finalizada a constru\u00e7\u00e3o das grandes torres, ainda dever\u00e1 ser constru\u00edda uma sacristia e tr\u00eas capelas, al\u00e9m da reforma do atual museu. Tamb\u00e9m foi anunciado o incremento dos controles de seguran\u00e7a.<\/p>\n<p style=\"text-align: justify;\">\u00a0<\/p>\n<p style=\"text-align: justify;\">Fonte: R\u00e1dio Vaticano<\/p>\n","protected":false},"excerpt":{"rendered":"<p>Barcelona (RV) &#8211; A Catedral da Sagrada Fam\u00edlia, em Barcelona, entra na etapa final de sua constru\u00e7\u00e3o. O objetivo \u00e9 concluir o projeto do arquiteto Gaud\u00ed em 2026. Torres prontas at\u00e9 2022 Em outubro do corrente ser\u00e1 levantada a torre &#8220;Mare D\u00e9u&#8221;, que alcan\u00e7ar\u00e1 140 metros de altura. O passo seguinte ser\u00e1 a constru\u00e7\u00e3o das [&hellip;]<\/p>\n","protected":false},"author":1,"featured_media":18258,"comment_status":"open","ping_status":"open","sticky":false,"template":"","format":"standard","meta":{"footnotes":""},"categories":[7],"tags":[],"class_list":["post-18259","post","type-post","status-publish","format-standard","has-post-thumbnail","hentry","category-cnbb"],"_links":{"self":[{"href":"https:\/\/catolicanet.net\/wp-cnet\/wp-json\/wp\/v2\/posts\/18259","targetHints":{"allow":["GET"]}}],"collection":[{"href":"https:\/\/catolicanet.net\/wp-cnet\/wp-json\/wp\/v2\/posts"}],"about":[{"href":"https:\/\/catolicanet.net\/wp-cnet\/wp-json\/wp\/v2\/types\/post"}],"author":[{"embeddable":true,"href":"https:\/\/catolicanet.net\/wp-cnet\/wp-json\/wp\/v2\/users\/1"}],"replies":[{"embeddable":true,"href":"https:\/\/catolicanet.net\/wp-cnet\/wp-json\/wp\/v2\/comments?post=18259"}],"version-history":[{"count":1,"href":"https:\/\/catolicanet.net\/wp-cnet\/wp-json\/wp\/v2\/posts\/18259\/revisions"}],"predecessor-version":[{"id":24189,"href":"https:\/\/catolicanet.net\/wp-cnet\/wp-json\/wp\/v2\/posts\/18259\/revisions\/24189"}],"wp:featuredmedia":[{"embeddable":true,"href":"https:\/\/catolicanet.net\/wp-cnet\/wp-json\/wp\/v2\/media\/18258"}],"wp:attachment":[{"href":"https:\/\/catolicanet.net\/wp-cnet\/wp-json\/wp\/v2\/media?parent=18259"}],"wp:term":[{"taxonomy":"category","embeddable":true,"href":"https:\/\/catolicanet.net\/wp-cnet\/wp-json\/wp\/v2\/categories?post=18259"},{"taxonomy":"post_tag","embeddable":true,"href":"https:\/\/catolicanet.net\/wp-cnet\/wp-json\/wp\/v2\/tags?post=18259"}],"curies":[{"name":"wp","href":"https:\/\/api.w.org\/{rel}","templated":true}]}}